{"id":349781,"date":"2025-08-28T10:15:12","date_gmt":"2025-08-28T10:15:12","guid":{"rendered":"https:\/\/www.europesays.com\/fr\/349781\/"},"modified":"2025-08-28T10:15:12","modified_gmt":"2025-08-28T10:15:12","slug":"elle-ma-dit-que-je-navais-pas-de-classe-que-je-netais-pas-eduquee-echange-muscle-entre-jelena-ostapenko-et-taylor-townsend-a-lus-open-lequipe","status":"publish","type":"post","link":"https:\/\/www.europesays.com\/fr\/349781\/","title":{"rendered":"\u00ab Elle m&#039;a dit que je n&#039;avais pas de classe, que je n&#039;\u00e9tais pas \u00e9duqu\u00e9e \u00bb : \u00e9change muscl\u00e9 entre Jelena Ostapenko et Taylor Townsend \u00e0 l&#039;US Open &#8211; L&#039;\u00c9quipe"},"content":{"rendered":"<ol>\n<li><a href=\"https:\/\/news.google.com\/rss\/articles\/CBMilgJBVV95cUxOT2lHSWhOOG1sa09Ed3ZvS0ZxQU52ZkNHanllUUdCeEl3Q3NNUmIyUEV0aW12Z01BZXpYbW9RdW5adzJrWVpoVG5rME96LXY2TkNQak01U0xzbFpUNlJHV0NlN1JSZDR5YWVxUzh4ai1PRFk5ZWZfUmJVVWlKLVA1VFBFUjBHcDlVek5SUkZJRmZwc25femFHT20wQmV0aFhXb2dwdEkxTERUX0J0Sl9lenJnMnc0bllsb1l2aUVaUlRQT1Q4TDZvMy1JM2M5cnU1R09WRXJ3Ty1lcDByQ3pGV0tUZmFZTFlnenZLcVMtaDN1bS0zVXgyd0ZZTllXVWppcnUxSmFYR2E1UGtOTkl1bHc3R0FWdw?oc=5\" target=\"_blank\" rel=\"nofollow noopener\">\u00ab Elle m&rsquo;a dit que je n&rsquo;avais pas de classe, que je n&rsquo;\u00e9tais pas \u00e9duqu\u00e9e \u00bb : \u00e9change muscl\u00e9 entre Jelena Ostapenko et Taylor Townsend \u00e0 l&rsquo;US Open<\/a>&nbsp;&nbsp;L&rsquo;\u00c9quipe<\/li>\n<li><a href=\"https:\/\/news.google.com\/rss\/articles\/CBMi2gFBVV95cUxNS2hwbFZuYTFLUXhXNjZ3XzZtejBxTWY3aDhTcmVtMW9nc1A0WjNEbnFhc1VfaWltYXpFdWM4N1N6VlAwMXFreHV5ZE9Ob2tFWjBMd3llb3RhSTFZeFBHQVpSS2dyRndVYjZlOFhldmdWbVFvZ3hfbVFkVGFtNFphclkyWG9XZW5XNGZEMU5tZlYwdm81OTdDQlp5S3AxZ3gtTzJrZFNuOTZxSTJLLUpRSV8tQlQ4Z3hHQWxHOGN1bUttMVF3dnpkS0tPcmlWQlozQnRLRFBUY0lFZw?oc=5\" target=\"_blank\" rel=\"nofollow noopener\">US Open : \u00abTu n\u2019as aucune \u00e9ducation\u00bb, tension maximale entre deux joueuses \u00e0 la fin du match<\/a>&nbsp;&nbsp;Le Figaro<\/li>\n<li><a href=\"https:\/\/news.google.com\/rss\/articles\/CBMijgJBVV95cUxQZ2xMQzRLMXdlM2xpLTM5cXZHLVlaSnY2SG9kY0RXR0pLYWctQTNCU0YwZUtybzBKb1lBN3hXQzBVQlEwRkI0WExMU1JTemViZDdzdmZORnZYMWt3ckVZX1dvM2xsR3pncjYxQld2UFJPNngzWFV4RWVjUWY1cFZVckc0TTJUbWczT3NJbmV1VGRMZ1dKbXI0S2ttdURSdm5tWDdQN2piZkdOTEpibUpSeHZiTzN1NUIyanB1S3U4cktrLUEyZFMtdk9GTG84cnJTSXBjZk1Mem5PSGN1Mk0zZWVZTm02ZDYyN1JlRlJoRmMwNjhxMkV1X2pURVZ5MFFyYjE5dHBCVVVraVp6UkE?oc=5\" target=\"_blank\" rel=\"nofollow noopener\">VIDEO. Tennis : \u00ab\u00a0Aucune \u00e9ducation !\u00a0\u00bb, \u00ab\u00a0je n\u2019ai jamais \u00e9t\u00e9 raciste de ma vie !\u00a0\u00bb Violence altercation entre deux joueuses lors d\u2019un match \u00e0 l\u2019US Open<\/a>&nbsp;&nbsp;ladepeche.fr<\/li>\n<li><a href=\"https:\/\/news.google.com\/rss\/articles\/CBMiowFBVV95cUxPc0tyQ1RnLUVDVGtZd01GWUlONmR0ZzU1Ukc2ZENlV1JDS0dYS1YzRDVRQWd1WkRhV2VXYzcyeXFhcDV0VWEyMllOZHlNUVRzT2ZsbEJVUDEteVcwNlBEUmVZNG9kZnBuZjBocHk2cm9sbThRcDFuVmV1eksxLUJaZzNNYlJPeEtBMnd2cXBBR0Q4RVdkRDU3ZXY5VUowNU9Lbkpr?oc=5\" target=\"_blank\" rel=\"nofollow noopener\">Tennis \u00e0 l&rsquo;US Open: Jelena Ostapenko et Taylor Townsend, une fin de match explosive<\/a>&nbsp;&nbsp;Le Matin<\/li>\n<li><a href=\"https:\/\/news.google.com\/rss\/articles\/CBMizwFBVV95cUxPS1NwUGRIeUcwYmM4bnZGMlB0Tmh0a2pzLWFEWjNUOVJkSTlsX3RJOWdJbXdRYXdmUW1ULUtkN2hvV2cyTE5NT1VzNHFpNm9HdjlEeG9ocnJxWmU5V0lrTENyRU10TnNpQ0trTmNIaFpodzdZRUtoZmNuVjU2SzN3cGxIUGRzMFAwWHVYd1NUYm9jczBnNTJDRmZ1WHI3Z19FQXFNVXczS2NHbWF3YmJpU2hFcDNULTFSV09pbjV1Nm1YbFdnY1RFZWpSdmpMTXc?oc=5\" target=\"_blank\" rel=\"nofollow noopener\">Ostapenko critique le manque de classe de Townsend apr\u00e8s la victoire de cette derni\u00e8re au 2e tour<\/a>&nbsp;&nbsp;RDS<\/li>\n<\/ol>\n","protected":false},"excerpt":{"rendered":"\u00ab Elle m&rsquo;a dit que je n&rsquo;avais pas de classe, que je n&rsquo;\u00e9tais pas \u00e9duqu\u00e9e \u00bb : \u00e9change&hellip;\n","protected":false},"author":2,"featured_media":349782,"comment_status":"","ping_status":"","sticky":false,"template":"","format":"standard","meta":{"footnotes":""},"categories":[1415],"tags":[1011,27,60,1467],"class_list":{"0":"post-349781","1":"post","2":"type-post","3":"status-publish","4":"format-standard","5":"has-post-thumbnail","7":"category-tennis","8":"tag-fr","9":"tag-france","10":"tag-sports","11":"tag-tennis"},"share_on_mastodon":{"url":"https:\/\/pubeurope.com\/@fr\/115105872179862462","error":""},"_links":{"self":[{"href":"https:\/\/www.europesays.com\/fr\/wp-json\/wp\/v2\/posts\/349781","targetHints":{"allow":["GET"]}}],"collection":[{"href":"https:\/\/www.europesays.com\/fr\/wp-json\/wp\/v2\/posts"}],"about":[{"href":"https:\/\/www.europesays.com\/fr\/wp-json\/wp\/v2\/types\/post"}],"author":[{"embeddable":true,"href":"https:\/\/www.europesays.com\/fr\/wp-json\/wp\/v2\/users\/2"}],"replies":[{"embeddable":true,"href":"https:\/\/www.europesays.com\/fr\/wp-json\/wp\/v2\/comments?post=349781"}],"version-history":[{"count":0,"href":"https:\/\/www.europesays.com\/fr\/wp-json\/wp\/v2\/posts\/349781\/revisions"}],"wp:featuredmedia":[{"embeddable":true,"href":"https:\/\/www.europesays.com\/fr\/wp-json\/wp\/v2\/media\/349782"}],"wp:attachment":[{"href":"https:\/\/www.europesays.com\/fr\/wp-json\/wp\/v2\/media?parent=349781"}],"wp:term":[{"taxonomy":"category","embeddable":true,"href":"https:\/\/www.europesays.com\/fr\/wp-json\/wp\/v2\/categories?post=349781"},{"taxonomy":"post_tag","embeddable":true,"href":"https:\/\/www.europesays.com\/fr\/wp-json\/wp\/v2\/tags?post=349781"}],"curies":[{"name":"wp","href":"https:\/\/api.w.org\/{rel}","templated":true}]}}