{"id":349785,"date":"2025-08-28T10:18:11","date_gmt":"2025-08-28T10:18:11","guid":{"rendered":"https:\/\/www.europesays.com\/fr\/349785\/"},"modified":"2025-08-28T10:18:11","modified_gmt":"2025-08-28T10:18:11","slug":"kante-propose-en-ligue-1-vers-un-revirement-de-situation-pour-rabiot-a-lom-les-5-infos-mercato-du-jour","status":"publish","type":"post","link":"https:\/\/www.europesays.com\/fr\/349785\/","title":{"rendered":"Kant\u00e9 propos\u00e9 en Ligue 1, vers un revirement de situation pour Rabiot \u00e0 l\u2019OM ? Les 5 infos mercato du jour"},"content":{"rendered":"<p>N\u2019Golo Kant\u00e9 propos\u00e9 \u00e0 deux clubs fran\u00e7ais, la situation d\u2019Adrien Rabiot \u00e0 l\u2019Olympique de Marseille ou encore le Paris SG qui vend un gardien de but&#8230;Retrouvez toutes les infos mercato de ce vendredi.<\/p>\n<p>Vers un revirement de situation pour Adrien Rabiot\u00a0?<\/p>\n<p class=\"fig-paragraph\">Affaire\u00a0<a href=\"http:\/\/www.lefigaro.fr\/sports\/football\/equipe-de-france\/je-tiens-a-adrien-par-rapport-a-ce-qui-a-fait-avec-nous-deschamps-s-explique-sur-le-cas-rabiot-20250827\" data-fig-type=\"NewsFlash\" data-gtm-custom-categorie=\"navigation\" data-gtm-custom-action=\"crossclick\" data-gtm-custom-label=\"Contextuel\" data-gtm-event=\"customEventSPE\" data-fig-domain=\"LEFIGARO\" rel=\"nofollow noopener\" target=\"_blank\">Adrien Rabiot<\/a>, nouvel \u00e9pisode. Pouss\u00e9 vers la sortie apr\u00e8s sa bagarre avec\u00a0<a href=\"http:\/\/www.lefigaro.fr\/sports\/football\/affaire-rabiot-je-n-ai-jamais-connu-un-soutien-comme-le-votre-lance-jonathan-rowe-qui-fait-ses-adieux-a-l-om-20250824\" data-fig-type=\"NewsFlash\" data-gtm-custom-categorie=\"navigation\" data-gtm-custom-action=\"crossclick\" data-gtm-custom-label=\"Contextuel\" data-gtm-event=\"customEventSPE\" data-fig-domain=\"LEFIGARO\" rel=\"nofollow noopener\" target=\"_blank\">Jonathan Rowe<\/a>\u00a0\u2013 et son comportement qui a suivi \u2013 \u00e0 la suite de la d\u00e9faite face au Stade rennais FC (1-0), le milieu de terrain fran\u00e7ais pourrait, contre toute attente, rester \u00e0 l\u2019<a href=\"http:\/\/www.lefigaro.fr\/sports\/football\/transferts\/vasquez-plutot-que-clauss-a-leverkusen-l-om-proche-d-un-accord-avec-emerson-des-promus-italiens-ambitieux-les-5-infos-mercato-du-jour-20250826\" data-fig-type=\"NewsFlash\" data-gtm-custom-categorie=\"navigation\" data-gtm-custom-action=\"crossclick\" data-gtm-custom-label=\"Contextuel\" data-gtm-event=\"customEventSPE\" data-fig-domain=\"LEFIGARO\" rel=\"nofollow noopener\" target=\"_blank\">Olympique de Marseille<\/a>. En effet, apr\u00e8s les propos de\u00a0<a href=\"http:\/\/www.lefigaro.fr\/sports\/football\/transferts\/mercato-roberto-de-zerbi-attend-encore-quatre-cinq-ou-six-recrues-a-l-om-20250822\" data-fig-type=\"NewsFlash\" data-gtm-custom-categorie=\"navigation\" data-gtm-custom-action=\"crossclick\" data-gtm-custom-label=\"Contextuel\" data-gtm-event=\"customEventSPE\" data-fig-domain=\"LEFIGARO\" rel=\"nofollow noopener\" target=\"_blank\">Roberto De Zerbi<\/a>\u00a0\u2013 qui a d\u00e9clar\u00e9 qu\u2019il esp\u00e9rait que la situation s\u2019am\u00e9liore avec l\u2019international tricolore \u2013,\u00a0<a href=\"https:\/\/www.gazzetta.it\/\" target=\"_blank\" rel=\"sponsored noopener nofollow\" data-gtm-custom-categorie=\"navigation\" data-gtm-custom-action=\"crossclick\" data-gtm-custom-label=\"Contextuel\" data-gtm-event=\"customEventSPE\">La Gazzetta dello Sport<\/a> \u00a0nous apprend que la m\u00e8re du joueur, qui est aussi son agent, aimerait que son fils reste sur la Canebi\u00e8re. Les dirigeants phoc\u00e9ens ne seraient pas contre cette possibilit\u00e9. Mais pour ce faire, ils attendraient des excuses, de pr\u00e9f\u00e9rence par \u00e9crit. Viendront-elles\u00a0?<\/p>\n<p>N\u2019Golo Kant\u00e9 de retour en Ligue 1\u00a0?<\/p>\n<p class=\"fig-paragraph\">Un nouveau champion du monde 2018 en France\u00a0? Apr\u00e8s Paul Pogba,\u00a0<a href=\"http:\/\/www.lefigaro.fr\/sports\/football\/ligue-1\/ligue-1-giroud-c-est-extra-au-septieme-ciel-la-presse-francaise-admirative-de-l-eternel-attaquant-de-38-ans-20250825\" data-fig-type=\"NewsFlash\" data-gtm-custom-categorie=\"navigation\" data-gtm-custom-action=\"crossclick\" data-gtm-custom-label=\"Contextuel\" data-gtm-event=\"customEventSPE\" data-fig-domain=\"LEFIGARO\" rel=\"nofollow noopener\" target=\"_blank\">Olivier Giroud<\/a>\u00a0et Florian Thauvin, la Ligue 1 pourrait bien accueillir\u00a0<a href=\"http:\/\/www.lefigaro.fr\/sports\/football\/foot-al-ittihad-champion-d-arabie-saoudite-a-deux-journees-de-la-fin-benzema-kante-et-blanc-couronnes-20250516\" data-fig-type=\"NewsFlash\" data-gtm-custom-categorie=\"navigation\" data-gtm-custom-action=\"crossclick\" data-gtm-custom-label=\"Contextuel\" data-gtm-event=\"customEventSPE\" data-fig-domain=\"LEFIGARO\" rel=\"nofollow noopener\" target=\"_blank\">N\u2019Golo Kant\u00e9<\/a>.\u00a0<a href=\"https:\/\/www.lequipe.fr\/Football\/Actualites\/Mercato-et-si-n-golo-kante-revenait-en-ligue-1-le-milieu-de-terrain-a-ete-propose-a-deux-clubs\/1588125\" target=\"_blank\" rel=\"sponsored noopener nofollow\" data-gtm-custom-categorie=\"navigation\" data-gtm-custom-action=\"crossclick\" data-gtm-custom-label=\"Contextuel\" data-gtm-event=\"customEventSPE\">L\u2019\u00c9quipe<\/a> \u00a0annonce ce jeudi matin que le milieu de terrain aurait \u00e9t\u00e9 propos\u00e9 \u00e0 deux formations de l\u2019\u00e9lite fran\u00e7aise, le Paris FC et l\u2019AS Monaco. Pour le moment, les Parisiens et Mon\u00e9gasques n\u2019auraient pas totalement ferm\u00e9 la porte \u00e0 une arriv\u00e9e du joueur \u00e2g\u00e9 de 34 ans, sans pour autant entamer des n\u00e9gociations. Passeront-ils \u00e0 l\u2019action dans les prochains jours\u00a0? L\u2019ex-joueur du Leicester City FC et du Chelsea FC \u00e9volue en Arabie saoudite, au Al-Ittihad Club, depuis l\u2019\u00e9t\u00e9 2023.<\/p>\n<p class=\"fig-body-link\">\n            \u00c0 lire aussi<br \/>\n        <a class=\"fig-body-link__link\" href=\"http:\/\/www.lefigaro.fr\/sports\/football\/transferts\/mercato-le-psg-et-la-juventus-proches-d-un-accord-a-60-m-pour-kolo-muani-20250827\" data-fig-type=\"NewsFlash\" data-gtm-custom-categorie=\"navigation\" data-gtm-custom-action=\"crossclick\" data-gtm-custom-label=\"Contextuel\" data-gtm-event=\"customEventSPE\" data-fig-domain=\"LEFIGARO\" rel=\"nofollow noopener\" target=\"_blank\">Mercato\u00a0: le PSG et la Juventus proches d\u2019un accord \u00e0 60 M\u20ac pour Kolo Muani\u00a0?<br \/>\n    <\/a>\n<\/p>\n<p>                                    <a class=\"fig-a11y-skip a11y-hidden\" href=\"#fig-a11y-skip-main-inarticle\"><br \/>\n        Passer la publicit\u00e9<br \/>\n    <\/a><\/p>\n<p>Le Paris SG se s\u00e9pare d\u2019un gardien de but<\/p>\n<p class=\"fig-paragraph\">Comme attendu depuis de longues semaines, Arnau Tenas n\u2019est plus un joueur du\u00a0<a href=\"http:\/\/www.lefigaro.fr\/sports\/football\/transferts\/mercato-le-psg-et-la-juventus-proches-d-un-accord-a-60-m-pour-kolo-muani-20250827\" data-fig-type=\"NewsFlash\" data-gtm-custom-categorie=\"navigation\" data-gtm-custom-action=\"crossclick\" data-gtm-custom-label=\"Contextuel\" data-gtm-event=\"customEventSPE\" data-fig-domain=\"LEFIGARO\" rel=\"nofollow noopener\" target=\"_blank\">Paris SG<\/a>. Le gardien de but \u00e2g\u00e9 de 24 ans a \u00e9t\u00e9 transf\u00e9r\u00e9 au Villarreal CF pour un montant de 2,5 M\u20ac, d\u2019apr\u00e8s les informations publi\u00e9es par le site sp\u00e9cialis\u00e9 Transfermarkt. L\u2019Espagnol s\u2019est engag\u00e9 avec le Sous-marin jaune pour quatre saisons, soit jusqu\u2019en juin 2029. Il avait rejoint les Rouge et Bleu libre, \u00e0 l\u2019\u00e9t\u00e9 2023 en provenance du FC Barcelone. Il n\u2019aura fait que huit petites apparitions avec le maillot parisien.<\/p>\n<p>Pablo Rosario rejoint le FC Porto (officiel)<\/p>\n<p class=\"fig-paragraph\">L\u2019op\u00e9ration d\u00e9graissage se poursuit \u00e0 l\u2019OGC Nice. Arriv\u00e9 sur la C\u00f4te d\u2019Azur \u00e0 l\u2019\u00e9t\u00e9 2021, Pablo Rosario (28 ans) vient d\u2019\u00eatre transf\u00e9r\u00e9 au FC Porto, ont annonc\u00e9 les Aiglons ce jeudi matin. L\u2019op\u00e9ration s\u2019\u00e9l\u00e8verait \u00e0 3,75 M\u20ac. Le milieu de terrain \u2013 qui peut aussi \u00e9voluer en d\u00e9fense centrale \u2013 a sign\u00e9 un contrat de quatre ans avec les Bleu et Blanc, soit jusqu\u2019en juin 2029. Au Portugal, il retrouvera Francesco Farioli, l\u2019ancien entra\u00eeneur du Gym.<\/p>\n<p>Esteban Lepaul vers le Stade rennais FC<\/p>\n<p class=\"fig-paragraph\">Le\u00a0<a href=\"http:\/\/www.lefigaro.fr\/sports\/football\/ligue-1\/ligue-1-en-video-le-stade-rennais-reduit-a-neuf-apres-dix-minutes-de-jeu-dans-le-derby-breton-20250824\" data-fig-type=\"NewsFlash\" data-gtm-custom-categorie=\"navigation\" data-gtm-custom-action=\"crossclick\" data-gtm-custom-label=\"Contextuel\" data-gtm-event=\"customEventSPE\" data-fig-domain=\"LEFIGARO\" rel=\"nofollow noopener\" target=\"_blank\">Stade rennais FC<\/a>\u00a0tient son attaquant. En effet, les Rouge et Noir auraient trouv\u00e9 un \u00abaccord total\u00bb avec l\u2019Angers SCO pour le transfert d\u2019Esteban Lepaul, rapporte\u00a0<a href=\"https:\/\/rmcsport.bfmtv.com\/football\/transferts\/direct-mercato-toutes-les-infos-et-rumeurs-de-transfert-du-28-aout-2025_LN-202508280178.html\" target=\"_blank\" rel=\"sponsored noopener nofollow\" data-gtm-custom-categorie=\"navigation\" data-gtm-custom-action=\"crossclick\" data-gtm-custom-label=\"Contextuel\" data-gtm-event=\"customEventSPE\">RMC Sport<\/a> . Les deux formations se seraient entendues pour une op\u00e9ration s\u2019\u00e9levant \u00e0 13,5 M\u20ac plus 1,5 M\u20ac de bonus. L\u2019avant-centre \u00e2g\u00e9 de 25 ans serait attendu en Bretagne ce jeudi pour passer les examens m\u00e9dicaux pr\u00e9alables \u00e0 sa signature d\u2019un contrat de quatre ans. Le SRFC souhaiterait recruter un autre \u00e9l\u00e9ment offensif d\u2019ici la cl\u00f4ture du mercato.<\/p>\n<p class=\"fig-paragraph\"><strong>\u00c0 VOIR AUSSI &#8211; <\/strong>\u00c9quipe de France\u00a0: Rabiot, Akliouche, Cherki&#8230;Didier Deschamps d\u00e9voile sa liste pour le d\u00e9but des \u00e9liminatoires du Mondial 2026<\/p>\n","protected":false},"excerpt":{"rendered":"N\u2019Golo Kant\u00e9 propos\u00e9 \u00e0 deux clubs fran\u00e7ais, la situation d\u2019Adrien Rabiot \u00e0 l\u2019Olympique de Marseille ou encore le&hellip;\n","protected":false},"author":2,"featured_media":349786,"comment_status":"","ping_status":"","sticky":false,"template":"","format":"standard","meta":{"footnotes":""},"categories":[1412],"tags":[2329,1451,10552,1452,1453,1454,1455,1011,27,48629,2268,1176,92,60,3087],"class_list":{"0":"post-349785","1":"post","2":"type-post","3":"status-publish","4":"format-standard","5":"has-post-thumbnail","7":"category-f1","8":"tag-adrien-rabiot","9":"tag-f1","10":"tag-fc-porto","11":"tag-formula-1","12":"tag-formula1","13":"tag-formule-1","14":"tag-formule1","15":"tag-fr","16":"tag-france","17":"tag-ngolo-kante","18":"tag-ogc-nice","19":"tag-olympique-de-marseille","20":"tag-paris-sg","21":"tag-sports","22":"tag-stade-rennais"},"share_on_mastodon":{"url":"https:\/\/pubeurope.com\/@fr\/115105883964796355","error":""},"_links":{"self":[{"href":"https:\/\/www.europesays.com\/fr\/wp-json\/wp\/v2\/posts\/349785","targetHints":{"allow":["GET"]}}],"collection":[{"href":"https:\/\/www.europesays.com\/fr\/wp-json\/wp\/v2\/posts"}],"about":[{"href":"https:\/\/www.europesays.com\/fr\/wp-json\/wp\/v2\/types\/post"}],"author":[{"embeddable":true,"href":"https:\/\/www.europesays.com\/fr\/wp-json\/wp\/v2\/users\/2"}],"replies":[{"embeddable":true,"href":"https:\/\/www.europesays.com\/fr\/wp-json\/wp\/v2\/comments?post=349785"}],"version-history":[{"count":0,"href":"https:\/\/www.europesays.com\/fr\/wp-json\/wp\/v2\/posts\/349785\/revisions"}],"wp:featuredmedia":[{"embeddable":true,"href":"https:\/\/www.europesays.com\/fr\/wp-json\/wp\/v2\/media\/349786"}],"wp:attachment":[{"href":"https:\/\/www.europesays.com\/fr\/wp-json\/wp\/v2\/media?parent=349785"}],"wp:term":[{"taxonomy":"category","embeddable":true,"href":"https:\/\/www.europesays.com\/fr\/wp-json\/wp\/v2\/categories?post=349785"},{"taxonomy":"post_tag","embeddable":true,"href":"https:\/\/www.europesays.com\/fr\/wp-json\/wp\/v2\/tags?post=349785"}],"curies":[{"name":"wp","href":"https:\/\/api.w.org\/{rel}","templated":true}]}}