{"id":349789,"date":"2025-08-28T10:20:10","date_gmt":"2025-08-28T10:20:10","guid":{"rendered":"https:\/\/www.europesays.com\/fr\/349789\/"},"modified":"2025-08-28T10:20:10","modified_gmt":"2025-08-28T10:20:10","slug":"nantes-lance-loperation-kurt-zouma","status":"publish","type":"post","link":"https:\/\/www.europesays.com\/fr\/349789\/","title":{"rendered":"Nantes lance l&rsquo;op\u00e9ration Kurt Zouma"},"content":{"rendered":"<p class=\"p1\"><strong>Devanc\u00e9 par le Hellas V\u00e9rone dans le dossier Armel Bella-Kotchap, Nantes n\u2019a plus que quatre jours pour trouver un nouveau d\u00e9fenseur central. Contre toute attente, les Canaris pourraient se pencher sur Kurt Zouma.<\/strong><\/p>\n<p class=\"p1\">La fin du mercato approche et Luis Castro attend encore au moins un renfort en d\u00e9fense centrale pour compl\u00e9ter son effectif. Le <a href=\"https:\/\/www.foot01.com\/equipe\/nantes\/\" rel=\"nofollow noopener\" target=\"_blank\">FC Nantes<\/a> pensait tenir sa recrue tant attendue en la personne d\u2019Armel Bella-Kotchap. Mais l\u2019international allemand de 23 ans a finalement pos\u00e9 un lapin aux Canaris et s\u2019est engag\u00e9 en faveur du Hellas V\u00e9rone sous forme de pr\u00eat. Un coup dur pour Nantes, de nouveau \u00e0 la recherche d\u2019un d\u00e9fenseur central et qui pourrait activer une piste \u00e9tonnante avec un joueur bien connu en France.<\/p>\n<p><strong>Nantes \u00e0 l&rsquo;assaut de Kurt Zouma ?<\/strong><\/p>\n<p class=\"p1\">D\u2019apr\u00e8s les informations de Top Mercato, le club de Waldemar Kita s\u2019int\u00e9resse de pr\u00e8s \u00e0 Kurt Zouma. Libre depuis la fin de son contrat avec West Ham en juin dernier, l\u2019international fran\u00e7ais (11 s\u00e9lections) n\u2019a toujours pas trouv\u00e9 de nouveau club. A 31 ans, il dispose d\u2019une exp\u00e9rience colossale avec 247 matchs de Premier League et 64 matchs de Ligue 1. Pr\u00eat\u00e9 \u00e0 Al-Orobah en Arabie Saoudite l\u2019an pass\u00e9, Kurt Zouma sort d\u2019une saison correcte avec 20 matchs disput\u00e9s toutes comp\u00e9titions confondues.<\/p>\n<blockquote class=\"twitter-tweet\"><p>&#13;<\/p>\n<p lang=\"de\" dir=\"ltr\">Nantes tente un gros coup au Bayer Leverkusen <a href=\"https:\/\/t.co\/GZXguJ3i7f\" rel=\"nofollow\">https:\/\/t.co\/GZXguJ3i7f<\/a><\/p>\n<p>&#13;<br \/>\n\u2014 Foot01.com (@Foot01_com) <a href=\"https:\/\/twitter.com\/Foot01_com\/status\/1960769369253810316?ref_src=twsrc%5Etfw\" rel=\"nofollow noopener\" target=\"_blank\">August 27, 2025<\/a><\/p><\/blockquote>\n<p class=\"p1\">Nantes y voit un potentiel renfort de poids pour sa d\u00e9fense centrale, mais il faudra se d\u00e9p\u00eacher pour saisir la belle affaire car d\u2019autres clubs europ\u00e9ens sont \u00e0 l\u2019aff\u00fbt. C\u2019est notamment le cas du FC S\u00e9ville, qui a pris la temp\u00e9rature aupr\u00e8s de l\u2019entourage de Kurt Zouma sans pour autant lui formuler une offre concr\u00e8te. Reste aussi \u00e0 savoir si le joueur, impliqu\u00e9 dans une \u00e9norme pol\u00e9mique en 2022 apr\u00e8s avoir \u00e9cop\u00e9 de 180 heures d\u2019int\u00e9r\u00eat g\u00e9n\u00e9ral pour maltraitance de chat, sera dispos\u00e9 \u00e0 revenir en France, o\u00f9 son image a logiquement \u00e9t\u00e9 \u00e9corch\u00e9e apr\u00e8s cet \u00e9pisode.<\/p>\n<p>          <script async src=\"https:\/\/platform.twitter.com\/widgets.js\" charset=\"utf-8\"><\/script><\/p>\n","protected":false},"excerpt":{"rendered":"Devanc\u00e9 par le Hellas V\u00e9rone dans le dossier Armel Bella-Kotchap, Nantes n\u2019a plus que quatre jours pour trouver&hellip;\n","protected":false},"author":2,"featured_media":349790,"comment_status":"","ping_status":"","sticky":false,"template":"","format":"standard","meta":{"footnotes":""},"categories":[1410],"tags":[63,1011,27,60],"class_list":{"0":"post-349789","1":"post","2":"type-post","3":"status-publish","4":"format-standard","5":"has-post-thumbnail","7":"category-football","8":"tag-football","9":"tag-fr","10":"tag-france","11":"tag-sports"},"share_on_mastodon":{"url":"https:\/\/pubeurope.com\/@fr\/115105891879684211","error":""},"_links":{"self":[{"href":"https:\/\/www.europesays.com\/fr\/wp-json\/wp\/v2\/posts\/349789","targetHints":{"allow":["GET"]}}],"collection":[{"href":"https:\/\/www.europesays.com\/fr\/wp-json\/wp\/v2\/posts"}],"about":[{"href":"https:\/\/www.europesays.com\/fr\/wp-json\/wp\/v2\/types\/post"}],"author":[{"embeddable":true,"href":"https:\/\/www.europesays.com\/fr\/wp-json\/wp\/v2\/users\/2"}],"replies":[{"embeddable":true,"href":"https:\/\/www.europesays.com\/fr\/wp-json\/wp\/v2\/comments?post=349789"}],"version-history":[{"count":0,"href":"https:\/\/www.europesays.com\/fr\/wp-json\/wp\/v2\/posts\/349789\/revisions"}],"wp:featuredmedia":[{"embeddable":true,"href":"https:\/\/www.europesays.com\/fr\/wp-json\/wp\/v2\/media\/349790"}],"wp:attachment":[{"href":"https:\/\/www.europesays.com\/fr\/wp-json\/wp\/v2\/media?parent=349789"}],"wp:term":[{"taxonomy":"category","embeddable":true,"href":"https:\/\/www.europesays.com\/fr\/wp-json\/wp\/v2\/categories?post=349789"},{"taxonomy":"post_tag","embeddable":true,"href":"https:\/\/www.europesays.com\/fr\/wp-json\/wp\/v2\/tags?post=349789"}],"curies":[{"name":"wp","href":"https:\/\/api.w.org\/{rel}","templated":true}]}}