{"id":349791,"date":"2025-08-28T10:21:12","date_gmt":"2025-08-28T10:21:12","guid":{"rendered":"https:\/\/www.europesays.com\/fr\/349791\/"},"modified":"2025-08-28T10:21:12","modified_gmt":"2025-08-28T10:21:12","slug":"envers-lui-je-neprouve-michel-cymes-remplace-par-jimmy-mohamed-il-fait-une-mise-au-point-sur-leur-relation","status":"publish","type":"post","link":"https:\/\/www.europesays.com\/fr\/349791\/","title":{"rendered":"\u00ab\u00a0Envers lui, je n&rsquo;\u00e9prouve&#8230;\u00a0\u00bb : Michel Cymes remplac\u00e9 par Jimmy Mohamed, il fait une mise au point sur leur relation"},"content":{"rendered":"<p>            <img loading=\"lazy\" decoding=\"async\" src=\"https:\/\/www.europesays.com\/fr\/wp-content\/uploads\/2025\/04\/67-60dc2d2db82b7-35x35-1.jpg\" class=\"author-article-picture\" width=\"35\" height=\"35\"\/><\/p>\n<p>                Par<br \/>\n                                    <a class=\"author-article-bio-link\" href=\"https:\/\/www.purepeople.com\/auteur\/hiba-semali_a67\" rel=\"nofollow noopener\" target=\"_blank\">Hiba Semali<\/a><br \/>\n                                                    | R\u00e9dactrice<\/p>\n<p>\n                Rattach\u00e9e \u00e0 la rubrique t\u00e9l\u00e9, Hiba Semali se consacre au petit \u00e9cran. The Voice, Koh-Lanta, Top Chef, Secret Story, Star Academy ou encore Les Marseillais n&rsquo;ont aucun secret pour elle.\n            <\/p>\n<p>\n    Apr\u00e8s de longues ann\u00e9es aux commandes du \u00ab\u00a0Magazine de la sant\u00e9\u00a0\u00bb, Michel Cymes et Marina Carr\u00e8re d&rsquo;Encausse ont \u00e9t\u00e9 remplac\u00e9s par Jimmy Mohamed, autre m\u00e9decin m\u00e9diatique. Un sujet sur lequel Michel Cymes est revenu en entretien.\n<\/p>\n<p>                            <img loading=\"lazy\" decoding=\"async\" class=\"player-thumbnail\" src=\"https:\/\/www.europesays.com\/fr\/wp-content\/uploads\/2025\/08\/3b6b3e77b77fe006-580x326-2.jpg\" width=\"580\" height=\"326\"\/><\/p>\n<p>                    \u00ab\u00a0Envers lui, je n&rsquo;\u00e9prouve&#8230;\u00a0\u00bb : Michel Cymes remplac\u00e9 par Jimmy Mohamed, il fait une mise au point sur leur relation<\/p>\n<p>La suite apr\u00e8s la publicit\u00e9<\/p>\n<p><a href=\"https:\/\/www.purepeople.com\/people\/michel-cymes_p2227\" rel=\"nofollow noopener\" target=\"_blank\"><strong>Michel Cymes<\/strong><\/a> a longtemps pr\u00e9sent\u00e9 <a href=\"https:\/\/www.purepeople.com\/article\/marina-carrere-dencausse-payee-autant-que-michel-cymes-dans-le-magazine-de-la-sante-sa-reponse-est-surprenante_a532671\/1\" rel=\"nofollow noopener\" target=\"_blank\">Le Magazine de la sant\u00e9, avec Marina Carr\u00e8re d&rsquo;Encausse<\/a>. Puis, la production a un temps envisag\u00e9 d&rsquo;arr\u00eater l&rsquo;\u00e9mission avant de finalement prendre une autre d\u00e9cision, celle de proposer une nouvelle version&#8230; sans le duo. C&rsquo;est <a href=\"https:\/\/www.purepeople.com\/people\/jimmy-mohamed_p555156\" rel=\"nofollow noopener\" target=\"_blank\"><strong>Jimmy Mohamed<\/strong><\/a> qui avait \u00e9t\u00e9 choisi pour succ\u00e9der aux deux m\u00e9decins-animateurs. Un an plus tard, Michel Cymes est amen\u00e9 \u00e0 s&rsquo;exprimer sur le sujet au cours d&rsquo;un entretien accord\u00e9 \u00e0 nos confr\u00e8res du magazine Gala, en kiosques ce jeudi 28 ao\u00fbt 2025. Et le moins que l&rsquo;on puisse dire, c&rsquo;est qu&rsquo;il ne passe pas par quatre chemins.<\/p>\n<p>\u00ab\u00a0Vous revenez donc \u00e0 la r\u00e9l\u00e9 apr\u00e8s avoir c\u00e9d\u00e9 du terrain \u00e0 une nouvelle g\u00e9n\u00e9ration de docteurs m\u00e9diatiques, parmi lesquels Jimmy Mohamed&#8230;\u00a0\u00bb, lance le journaliste sans pouvoir finir sa phrase. En effet, Michel Cymes lui coupe la parole afin de compl\u00e9ter : \u00ab\u00a0Que nous avons choisi, Marina Carr\u00e8re d&rsquo;Encausse et moi, pour prendre la rel\u00e8ve.\u00a0\u00bb C&rsquo;est alors que le docteur de 68 ans qui avait \u00e9t\u00e9 <a href=\"https:\/\/www.purepeople.com\/article\/le-diagnostic-n-est-intervenu-qu-a-60-ans-michel-cymes-a-enfin-pu-savoir-pourquoi-sa-vie-n-etait-pas-comme-celles-des-autres_a539264\/1\" rel=\"nofollow noopener\" target=\"_blank\">diagnostiqu\u00e9 TDAH sur le tard<\/a> donne son avis sur Jimmy Mohamed. \u00ab\u00a0Il est tr\u00e8s bon. <strong>Je n&rsquo;\u00e9prouve aucune jalousie envers lui<\/strong>. Vraiment. Et je ne veux plus faire de grand-messes \u00e0 la t\u00e9l\u00e9, l\u00e2che ce p\u00e8re de trois enfants. <a href=\"https:\/\/www.purepeople.com\/article\/adriana-karembeu-et-michel-cymes-critiques-tout-ceci-est-insupportable_a239122\/1\" rel=\"nofollow noopener\" target=\"_blank\">L&rsquo;\u00e9mission avec Adriana Karembeu<\/a>, pareil, j&rsquo;en ai eu assez, j&rsquo;ai d\u00e9branch\u00e9. Je veux juste m&rsquo;amuser et \u00eatre ma\u00eetre de mes choix. Quand j&rsquo;en ai marre, j&rsquo;arr\u00eate !\u00a0\u00bb Voil\u00e0 qui est dit.<\/p>\n<p>Michel Cymes se lance un nouveau challenge : le th\u00e9\u00e2tre !<\/p>\n<p>Aujourd&rsquo;hui, Michel Cymes n&rsquo;est plus animateur du Magazine de la sant\u00e9 ni m\u00eame docteur ORL, puisqu&rsquo;il a cess\u00e9 son activit\u00e9 il y a maintenant trois ans. Toutefois, pas question pour lui de ne rien faire. Il s&rsquo;appr\u00eate ainsi \u00e0 faire ses premiers pas au th\u00e9\u00e2tre dans Secrets(s) m\u00e9dical, une pi\u00e8ce qu&rsquo;il a co-\u00e9crite. C&rsquo;est sur les planches du th\u00e9\u00e2tre Saint-Georges, \u00e0 Paris, qu&rsquo;il joue le r\u00f4le d&rsquo;un patron de bistrot. Un tout nouveau challenge pour Michel Cymes, qui r\u00e9alise enfin son r\u00eave d&rsquo;enfant. \u00ab\u00a0J&rsquo;ai toujours aim\u00e9 monter sur sc\u00e8ne : quand j&rsquo;\u00e9tais interne \u00e0 Chartres, je prenais le micro et je mettais l&rsquo;ambiance. Sur mes bulletins scolaires, j&rsquo;ai toujours eu droit \u00e0 des remarques du type : &lsquo;Ne pense qu&rsquo;\u00e0 amuser la galerie'\u00a0\u00bb, raconte-t-il. Un d\u00e9fi qu&rsquo;il rel\u00e8ve d\u00e8s le 25 septembre !<\/p>\n","protected":false},"excerpt":{"rendered":"Par Hiba Semali | R\u00e9dactrice Rattach\u00e9e \u00e0 la rubrique t\u00e9l\u00e9, Hiba Semali se consacre au petit \u00e9cran. The&hellip;\n","protected":false},"author":2,"featured_media":349792,"comment_status":"","ping_status":"","sticky":false,"template":"","format":"standard","meta":{"footnotes":""},"categories":[1359],"tags":[58,59,1011,27,973],"class_list":{"0":"post-349791","1":"post","2":"type-post","3":"status-publish","4":"format-standard","5":"has-post-thumbnail","7":"category-people","8":"tag-divertissement","9":"tag-entertainment","10":"tag-fr","11":"tag-france","12":"tag-people"},"share_on_mastodon":{"url":"https:\/\/pubeurope.com\/@fr\/115105896424900971","error":""},"_links":{"self":[{"href":"https:\/\/www.europesays.com\/fr\/wp-json\/wp\/v2\/posts\/349791","targetHints":{"allow":["GET"]}}],"collection":[{"href":"https:\/\/www.europesays.com\/fr\/wp-json\/wp\/v2\/posts"}],"about":[{"href":"https:\/\/www.europesays.com\/fr\/wp-json\/wp\/v2\/types\/post"}],"author":[{"embeddable":true,"href":"https:\/\/www.europesays.com\/fr\/wp-json\/wp\/v2\/users\/2"}],"replies":[{"embeddable":true,"href":"https:\/\/www.europesays.com\/fr\/wp-json\/wp\/v2\/comments?post=349791"}],"version-history":[{"count":0,"href":"https:\/\/www.europesays.com\/fr\/wp-json\/wp\/v2\/posts\/349791\/revisions"}],"wp:featuredmedia":[{"embeddable":true,"href":"https:\/\/www.europesays.com\/fr\/wp-json\/wp\/v2\/media\/349792"}],"wp:attachment":[{"href":"https:\/\/www.europesays.com\/fr\/wp-json\/wp\/v2\/media?parent=349791"}],"wp:term":[{"taxonomy":"category","embeddable":true,"href":"https:\/\/www.europesays.com\/fr\/wp-json\/wp\/v2\/categories?post=349791"},{"taxonomy":"post_tag","embeddable":true,"href":"https:\/\/www.europesays.com\/fr\/wp-json\/wp\/v2\/tags?post=349791"}],"curies":[{"name":"wp","href":"https:\/\/api.w.org\/{rel}","templated":true}]}}