{"id":349793,"date":"2025-08-28T10:22:09","date_gmt":"2025-08-28T10:22:09","guid":{"rendered":"https:\/\/www.europesays.com\/fr\/349793\/"},"modified":"2025-08-28T10:22:09","modified_gmt":"2025-08-28T10:22:09","slug":"voici-son-appartement-parisien-place-de-la-bastille","status":"publish","type":"post","link":"https:\/\/www.europesays.com\/fr\/349793\/","title":{"rendered":"voici son appartement parisien place de la Bastille"},"content":{"rendered":"\n<p>Elle partage aujourd\u2019hui son quotidien entre la Bourgogne, le Maroc et Paris, tout en menant Affaire conclue sur France 2. Mais avant sa vie \u00e0 Montorgueil, il y a eu ce refuge \u00e0 deux pas de la place de la Bastille, o\u00f9 Julia Vignali a peaufin\u00e9 un int\u00e9rieur \u00e0 son image, pr\u00e9cis, chaleureux, tr\u00e8s vivant. \u00ab\u00a0Je suis n\u00e9e \u00e0 Parmentier, dans le 11e, et je n\u00a0\u00bbavais jamais quitt\u00e9 l&rsquo;Est parisien jusqu&rsquo;\u00e0 il y a cinq ans quand je me suis install\u00e9e du c\u00f4t\u00e9 de Montorgueil\u00a0\u00bb, confie-t-elle. Ce choix a chang\u00e9 le quartier, pas son go\u00fbt pour les int\u00e9rieurs pens\u00e9s au millim\u00e8tre.<\/p>\n<p>    Un duplex baign\u00e9 de lumi\u00e8re et pens\u00e9 pour la musique cher \u00e0 Julia Vignali <\/p>\n<p>En 2017, derri\u00e8re la porte coch\u00e8re, une cour pav\u00e9e isolait alors l\u2019immeuble de l\u2019<strong>agitation de la capitale<\/strong>. Au dernier \u00e9tage, le duplex baignait dans une lumi\u00e8re douce et r\u00e9guli\u00e8re, jamais \u00e9crasante. L\u2019appartement, d\u00e9j\u00e0 transform\u00e9 par un architecte, n\u2019a n\u00e9cessit\u00e9 que quelques retouches. <a href=\"https:\/\/www.lejournaldelamaison.fr\/le-journal-de-la-maison\/reportages-maisons\/appartements\/julia-vignali-jaime-bien-deux-facettes-nouveau-quartier-fois-bourgeois-populaire-decouvrez-incroyable-appartement-montorgueil-loin-kad-merad-508037.html\" rel=\"nofollow noopener\" target=\"_blank\">Julia Vignali a pris en charge les peintures<\/a> et repens\u00e9 la salle de bains, rempla\u00e7ant la baignoire par une douche \u00e0 l\u2019italienne. La structure \u00e9tait pos\u00e9e, restait \u00e0 <strong>trouver l\u2019\u00e9quilibre de l\u2019ambiance<\/strong>.<\/p>\n<p>Le soir venu, lorsque tout \u00e9tait \u00e0 sa place, elle se plaisait \u00e0 s\u2019installer dans son fauteuil AM.PM face au canap\u00e9 Caravane. C\u2019est l\u00e0 que <a href=\"https:\/\/www.lejournaldelamaison.fr\/le-journal-de-la-maison\/selection-decoration\/meubles-le-journal-de-la-maison\/mamies-avaient-dans-leur-salon-meuble-annees-vaut-desormais-petite-fortune-vous-possedez-encore-513755.html\" rel=\"nofollow noopener\" target=\"_blank\">se concentrait l\u2019esprit du salon<\/a>, fa\u00e7onn\u00e9 autour d\u2019une priorit\u00e9 : la musique. Le grand buffet de deux m\u00e8tres accueillait la table de mixage et la platine MK2 qu\u2019elle s\u2019\u00e9tait offerte pour ses 30 ans. \u00ab\u00a0En musique !\u00a0\u00bb a-t-elle gliss\u00e9 \u00e0 C\u00f4t\u00e9 Maison, amus\u00e9e, en r\u00e9ponse \u00e0 la question \u00ab\u00a0Vivez-vous en musique ou plut\u00f4t en silence ?\u00a0\u00bb. Elle l&rsquo;a reconnu sans d\u00e9tour : la d\u00e9coration a \u00e9t\u00e9 pens\u00e9e<strong> en fonction de sa passion<\/strong>, avec la volont\u00e9 de laisser respirer les vinyles, les CD et tout ce qui accompagne l\u2019\u00e9coute, dans une lumi\u00e8re volontairement tamis\u00e9e.<\/p>\n<p>    Un int\u00e9rieur \u00e9clectique entre vintage et design compos\u00e9 par Julia Vignali <\/p>\n<p>C\u00f4t\u00e9 style, pas de total look. Les pi\u00e8ces ont \u00e9t\u00e9 pens\u00e9es pour <strong>\u00e9viter l\u2019effet showroom<\/strong>. \u00ab\u00a0<a href=\"https:\/\/www.lejournaldelamaison.fr\/le-journal-de-la-maison\/reportages-maisons\/appartements\/nicoletta-mari-nous-allons-souvent-chiner-faire-brocantes-duplex-parisien-baigne-lumiere-16eme-arrondissement-paris-519471.html\" rel=\"nofollow noopener\" target=\"_blank\">Dans les brocantes<\/a>, j&rsquo;ai chin\u00e9 le buffet, le vaisselier qui a des portes coulissantes vertes et beiges, un fauteuil en velours vert avec une assise tr\u00e8s basse. J&rsquo;en avais achet\u00e9 un autre rouge mais les deux c\u00f4te \u00e0 c\u00f4te, ce n&rsquo;\u00e9tait pas terrible. Le vert seul fait un bel effet\u00a0\u00bb, a-t-elle partag\u00e9. Le vocabulaire est celui des fifties, sixties et seventies. Le r\u00e9sultat est ma\u00eetris\u00e9, <strong>fantaisiste juste ce qu\u2019il faut<\/strong>.<\/p>\n<p>Le salon rassemblait quelques pi\u00e8ces f\u00e9tiches. Un <a href=\"https:\/\/www.lejournaldelamaison.fr\/le-journal-de-la-maison\/nouveautes\/tendances\/tendances-deco\/lejournaldelamaison-fr-deco-tendances-genz-abandonne-minimalisme-scandinave-512964.html\" rel=\"nofollow noopener\" target=\"_blank\">buffet r\u00e9tro scandinave<\/a> a pos\u00e9 la ligne. Une lampe sign\u00e9e Paola Navone diffusait un orang\u00e9 tr\u00e8s doux. \u00ab\u00a0La lampe Fantomas d&rsquo;India Mahdavi\u00a0\u00bb tr\u00f4nait comme un clin d\u2019\u0153il, cadeau d\u2019anniversaire pour ses 40 ans. La table basse, longtemps introuvable, a \u00e9t\u00e9 <strong>d\u00e9nich\u00e9e chez Fleux<\/strong>, rue Sainte-Croix-de-la-Bretonnerie. L\u2019ensemble composait ainsi une <strong>ambiance presque disco<\/strong>. Au centre, une signature structurelle captait les regards. \u00ab\u00a0Le bel escalier en verre suspendu\u00a0\u00bb, imagin\u00e9 par l\u2019architecte, donnait l\u2019impression de monter dans le vide, sculpture graphique qui reliait demi-\u00e9tage, bureau et chambres.<\/p>\n<blockquote class=\"instagram-media \" style=\"background: #ffffff;border: 0;margin: 1px;width: 100%;padding: 0;max-width: 500px;\" data-instgrm-permalink=\"https:\/\/www.instagram.com\/p\/DL2gLi5NbIp\/\" data-instgrm-version=\"14\"\/><p>    Un int\u00e9rieur parfaitement ordonn\u00e9 <\/p>\n<p>Les <a href=\"https:\/\/www.lejournaldelamaison.fr\/le-journal-de-la-maison\/nouveautes\/tendances\/tendances-deco\/adieu-bleu-canard-beige-terracotta-nouvelles-couleurs-498421.html\" rel=\"nofollow noopener\" target=\"_blank\">couleurs ont \u00e9t\u00e9 choisies<\/a> chez Emery et Cie. Dans le salon, le haut de la chemin\u00e9e et un pan de mur se sont teint\u00e9s de bleu gris qui se confondait presque avec un blanc tr\u00e8s doux. La chambre mansard\u00e9e<strong> affichait un rose poudr\u00e9<\/strong>, les poutres et le parquet blancs assuraient la continuit\u00e9. Dans la chambre de son fils, parquet et poutres blancs encadraient des murs bleu canard. Une estrade accueillait le lit et composait une cabane simple. C\u00f4t\u00e9 exposition, l\u2019appartement orient\u00e9 au nord b\u00e9n\u00e9ficiait d\u2019une lumi\u00e8re \u00e9gale, filtr\u00e9e le soir par des <strong>rideaux cr\u00e8me occultants<\/strong>.<\/p>\n<p>Au quotidien, l\u2019ordre est un choix, presque une discipline pour Julia Vignali. \u00ab\u00a0Je suis pathologiquement ordonn\u00e9e et maniaque ; j&rsquo;ai une <a href=\"https:\/\/www.lejournaldelamaison.fr\/le-journal-de-la-maison\/conseils-de-pro\/astuce-rangement-celebrite-a-connaitre-486736.html\" rel=\"nofollow noopener\" target=\"_blank\">passion pour le rangement<\/a>. Rien ne tra\u00eene ni ne d\u00e9passe !\u201d Les objets ont une place pr\u00e9cise, les c\u00e2bles disparaissent, la t\u00e9l\u00e9 s\u2019accroche comme un tableau dans un renfoncement. Les pochettes de vinyles s\u2019exposent comme des cadres. Les bougies jasmin ou fleur d\u2019oranger ponctuent les pi\u00e8ces. Les rebords de fen\u00eatres<strong> se garnissent d\u2019aromatiques<\/strong> et de plantes hautes, \u00e9cran discret contre le vis-\u00e0-vis. Le tout <strong>compose un d\u00e9cor vivant<\/strong>, mais jamais satur\u00e9.<\/p>\n<p>    Une nouvelle vie \u00e0 Montorgueil pour Julia Vignali <\/p>\n<p>Depuis cinq ans, <a href=\"https:\/\/www.lejournaldelamaison.fr\/le-journal-de-la-maison\/reportages-maisons\/maisons-reportages-maisons\/julia-vignali-maison-en-ruines-renove-saone-loire-474467.html\" rel=\"nofollow noopener\" target=\"_blank\">Julia Vignali a chang\u00e9 de d\u00e9cor<\/a> urbain sans renoncer \u00e0 ses rep\u00e8res. Elle s\u2019est install\u00e9e avec Kad Merad <strong>du c\u00f4t\u00e9 de Montorgueil<\/strong>. \u00ab\u00a0J&rsquo;aime bien les deux facettes de mon nouveau quartier, \u00e0 la fois bourgeois et populaire.\u00a0\u00bb Elle y a ses habitudes, partag\u00e9es \u00e0 nos confr\u00e8res du magazine ELLE. Pour d\u00eener, Plume, au-dessus de la Poste du Louvre, avec cette vue qui prolonge la f\u00eate. Quand le frigo est vide, cap sur Chez Vong, adresse vietnamienne aux airs un peu kitsch et \u00e0 la cuisine gourmande. Pour un verre prolong\u00e9, Le Melville, bar musical tenu par un ami, o\u00f9 les soir\u00e9es glissent souvent en jazz. Bastille en garde la m\u00e9moire, Montorgueil en \u00e9crit la suite.<\/p>\n<p>                <script async src=\"\/\/www.instagram.com\/embed.js\"><\/script><\/p>\n","protected":false},"excerpt":{"rendered":"Elle partage aujourd\u2019hui son quotidien entre la Bourgogne, le Maroc et Paris, tout en menant Affaire conclue sur&hellip;\n","protected":false},"author":2,"featured_media":349794,"comment_status":"","ping_status":"","sticky":false,"template":"","format":"standard","meta":{"footnotes":""},"categories":[1358],"tags":[1348,1384,1385,1386,58,59,1011,27],"class_list":{"0":"post-349793","1":"post","2":"type-post","3":"status-publish","4":"format-standard","5":"has-post-thumbnail","7":"category-arts-et-design","8":"tag-arts","9":"tag-arts-and-design","10":"tag-arts-et-design","11":"tag-design","12":"tag-divertissement","13":"tag-entertainment","14":"tag-fr","15":"tag-france"},"share_on_mastodon":{"url":"https:\/\/pubeurope.com\/@fr\/115105899660261104","error":""},"_links":{"self":[{"href":"https:\/\/www.europesays.com\/fr\/wp-json\/wp\/v2\/posts\/349793","targetHints":{"allow":["GET"]}}],"collection":[{"href":"https:\/\/www.europesays.com\/fr\/wp-json\/wp\/v2\/posts"}],"about":[{"href":"https:\/\/www.europesays.com\/fr\/wp-json\/wp\/v2\/types\/post"}],"author":[{"embeddable":true,"href":"https:\/\/www.europesays.com\/fr\/wp-json\/wp\/v2\/users\/2"}],"replies":[{"embeddable":true,"href":"https:\/\/www.europesays.com\/fr\/wp-json\/wp\/v2\/comments?post=349793"}],"version-history":[{"count":0,"href":"https:\/\/www.europesays.com\/fr\/wp-json\/wp\/v2\/posts\/349793\/revisions"}],"wp:featuredmedia":[{"embeddable":true,"href":"https:\/\/www.europesays.com\/fr\/wp-json\/wp\/v2\/media\/349794"}],"wp:attachment":[{"href":"https:\/\/www.europesays.com\/fr\/wp-json\/wp\/v2\/media?parent=349793"}],"wp:term":[{"taxonomy":"category","embeddable":true,"href":"https:\/\/www.europesays.com\/fr\/wp-json\/wp\/v2\/categories?post=349793"},{"taxonomy":"post_tag","embeddable":true,"href":"https:\/\/www.europesays.com\/fr\/wp-json\/wp\/v2\/tags?post=349793"}],"curies":[{"name":"wp","href":"https:\/\/api.w.org\/{rel}","templated":true}]}}