{"id":349797,"date":"2025-08-28T10:24:10","date_gmt":"2025-08-28T10:24:10","guid":{"rendered":"https:\/\/www.europesays.com\/fr\/349797\/"},"modified":"2025-08-28T10:24:10","modified_gmt":"2025-08-28T10:24:10","slug":"audiences-tv-la-nouvelle-serie-tracker-demarre-en-fanfare-sur-tf-1","status":"publish","type":"post","link":"https:\/\/www.europesays.com\/fr\/349797\/","title":{"rendered":"Audiences TV\u00a0: la nouvelle s\u00e9rie \u00ab\u00a0Tracker\u00a0\u00bb d\u00e9marre en fanfare sur TF\u00a01"},"content":{"rendered":"<p class=\"paragraph text_align_left lp-f-body-02\">Carton plein pour les Am\u00e9ricains. La nouvelle fiction de la Une, <a href=\"https:\/\/www.leparisien.fr\/culture-loisirs\/series\/tracker-sur-disney-revoila-justin-hartley-le-beau-gosse-de-this-is-us-24-04-2024-UVTFQC5O35FC5NOVTG7MU4MYHA.php\" target=\"_blank\" rel=\"noreferrer nofollow noopener\">\u00ab Tracker \u00bb<\/a>, port\u00e9e par Justin Hartley a s\u00e9duit les t\u00e9l\u00e9spectateurs mercredi soir. Dans les deux premiers \u00e9pisodes, l\u2019acteur connu pour ses r\u00f4les dans \u00ab Smallville \u00bb et \u00ab This Is Us \u00bb incarne Colter Shaw, un survivaliste qui use de ses talents de pisteurs pour rendre service \u00e0 la police. En moyenne, 3,75 millions de personnes ont \u00e9t\u00e9 captiv\u00e9es par les myst\u00e8res r\u00e9solus par cet antih\u00e9ros atypique. Selon M\u00e9diam\u00e9trie, cela repr\u00e9sente 24 % de part d\u2019audience et 32 % des Femmes responsables des achats \u00e2g\u00e9s de moins de 50 ans (FRDA-50).<\/p>\n<p class=\"paragraph text_align_left lp-f-body-02\">La s\u00e9rie <a href=\"https:\/\/www.leparisien.fr\/culture-loisirs\/tv\/audiences-tv-astrid-et-raphaelle-sur-france-2-loin-devant-21-08-2025-G3CXS6LD3VHUVIEBVDKBYW4KRI.php\" target=\"_blank\" rel=\"noreferrer nofollow noopener\">\u00ab Astrid et Rapha\u00eblle \u00bb<\/a> arrive en deuxi\u00e8me position. Les \u00e9pisodes 7 et 8 de la saison 3 de la s\u00e9rie polici\u00e8re port\u00e9s par Lola Dewaere et Sara Mortensen ont attir\u00e9 2,53 millions de t\u00e9l\u00e9spectateurs soit 16,6 % de part d\u2019audience et 4,3 % des FRDA-50. La diffusion des \u00e9pisodes 5 et 6 la semaine derni\u00e8re avait tenu en haleine 2,81 millions de t\u00e9l\u00e9spectateurs soit 18,6 % de part d\u2019audience et 6,3 % des FRDA-50.<\/p>\n<p class=\"paragraph text_align_left lp-f-body-02\">Le documentaire in\u00e9dit \u00ab Fabuleuse Provence \u00bb et France 3 se hissent sur la troisi\u00e8me place du podium. R\u00e9alis\u00e9 par Michael Pitiot, ce film tout en image, sans interview, retrace avec la voix de Lo\u00efc Corbery de la Com\u00e9die-Fran\u00e7aise toute l\u2019histoire de cette r\u00e9gion, depuis la Pr\u00e9histoire. Environ 1h30 de paysages et d\u2019anecdotes qui ont captiv\u00e9 1,48 million de t\u00e9l\u00e9spectateurs, soit 9,2 % de part d\u2019audience et 2,1 % des FRDA-50.<\/p>\n<p>921 000 fid\u00e8les pour \u00ab Zone interdite \u00bb<\/p>\n<p class=\"paragraph text_align_left lp-f-body-02\">Arte se classe en quatri\u00e8me position avec le film \u00ab Everybody\u2019s Fine \u00bb, une com\u00e9die romantique r\u00e9alis\u00e9e par Kirk Jones o\u00f9 figurent <a href=\"https:\/\/www.leparisien.fr\/culture-loisirs\/jai-des-sentiments-tres-forts-robert-de-niro-recevra-une-palme-dor-dhonneur-au-festival-de-cannes-08-04-2025-WIOGNBTX4ZFK7KJDLICLW44SPQ.php\" target=\"_blank\" rel=\"noreferrer nofollow noopener\">Robert De Niro<\/a>, Drew Barrymore ou Kate Beckinsale. Le long-m\u00e9trage a diverti 1,04 million de t\u00e9l\u00e9spectateurs soit 6,4 % de part d\u2019audience et 3,2 % des FRDA-50.<\/p>\n<p class=\"paragraph text_align_left lp-f-body-02\">Quant \u00e0 M 6, son nouveau num\u00e9ro de \u00ab Zone interdite \u00bb n\u2019a int\u00e9ress\u00e9 que 921 000 fid\u00e8les soit 6,1 % de part d\u2019audience et 14,5 % des FRDA-50. L\u2019\u00e9pisode pr\u00e9c\u00e9dent diffus\u00e9 le 19 ao\u00fbt avait attir\u00e9 1,32 million de t\u00e9l\u00e9spectateurs soit 8,6 % de part d\u2019audience et 19,3 % des FRDA-50.<\/p>\n","protected":false},"excerpt":{"rendered":"Carton plein pour les Am\u00e9ricains. La nouvelle fiction de la Une, \u00ab Tracker \u00bb, port\u00e9e par Justin Hartley&hellip;\n","protected":false},"author":2,"featured_media":349798,"comment_status":"","ping_status":"","sticky":false,"template":"","format":"standard","meta":{"footnotes":""},"categories":[1356],"tags":[872,58,59,1011,27,252,2205,1364],"class_list":{"0":"post-349797","1":"post","2":"type-post","3":"status-publish","4":"format-standard","5":"has-post-thumbnail","7":"category-television","8":"tag-culture-et-loisirs","9":"tag-divertissement","10":"tag-entertainment","11":"tag-fr","12":"tag-france","13":"tag-television","14":"tag-television-medias","15":"tag-tv"},"share_on_mastodon":{"url":"https:\/\/pubeurope.com\/@fr\/115105907671235014","error":""},"_links":{"self":[{"href":"https:\/\/www.europesays.com\/fr\/wp-json\/wp\/v2\/posts\/349797","targetHints":{"allow":["GET"]}}],"collection":[{"href":"https:\/\/www.europesays.com\/fr\/wp-json\/wp\/v2\/posts"}],"about":[{"href":"https:\/\/www.europesays.com\/fr\/wp-json\/wp\/v2\/types\/post"}],"author":[{"embeddable":true,"href":"https:\/\/www.europesays.com\/fr\/wp-json\/wp\/v2\/users\/2"}],"replies":[{"embeddable":true,"href":"https:\/\/www.europesays.com\/fr\/wp-json\/wp\/v2\/comments?post=349797"}],"version-history":[{"count":0,"href":"https:\/\/www.europesays.com\/fr\/wp-json\/wp\/v2\/posts\/349797\/revisions"}],"wp:featuredmedia":[{"embeddable":true,"href":"https:\/\/www.europesays.com\/fr\/wp-json\/wp\/v2\/media\/349798"}],"wp:attachment":[{"href":"https:\/\/www.europesays.com\/fr\/wp-json\/wp\/v2\/media?parent=349797"}],"wp:term":[{"taxonomy":"category","embeddable":true,"href":"https:\/\/www.europesays.com\/fr\/wp-json\/wp\/v2\/categories?post=349797"},{"taxonomy":"post_tag","embeddable":true,"href":"https:\/\/www.europesays.com\/fr\/wp-json\/wp\/v2\/tags?post=349797"}],"curies":[{"name":"wp","href":"https:\/\/api.w.org\/{rel}","templated":true}]}}