{"id":349800,"date":"2025-08-28T10:26:31","date_gmt":"2025-08-28T10:26:31","guid":{"rendered":"https:\/\/www.europesays.com\/fr\/349800\/"},"modified":"2025-08-28T10:26:31","modified_gmt":"2025-08-28T10:26:31","slug":"impossible-davoir-10-10-a-ce-quiz-de-culture-generale-sur-la-saga-culte","status":"publish","type":"post","link":"https:\/\/www.europesays.com\/fr\/349800\/","title":{"rendered":"impossible d&rsquo;avoir 10\/10 \u00e0 ce quiz de culture g\u00e9n\u00e9rale sur la saga culte"},"content":{"rendered":"<p><p><a href=\"https:\/\/www.serieously.com\" rel=\"nofollow noopener\" target=\"_blank\">Accueil<\/a> &gt; <a href=\"https:\/\/www.serieously.com\/quiz\/\" rel=\"nofollow noopener\" target=\"_blank\">Quiz<\/a> &gt; La V\u00e9rit\u00e9 si je mens : impossible d\u2019avoir 10\/10 \u00e0 ce quiz de culture g\u00e9n\u00e9rale sur la saga culte<\/p>\n<\/p>\n<p class=\"o-article__published-by o-article__bullets\">\n            Publi\u00e9 le<br \/>\n                        27 ao\u00fbt 2025 \u00e0 21 h 20<\/p>\n<p>             Par<br \/>\n                <a href=\"https:\/\/www.serieously.com\/author\/alexis\/\" rel=\"nofollow noopener\" target=\"_blank\">Alexis<br \/>\n                    Savona<\/a><\/p>\n<p><strong>Si tu es ici, c\u2019est que tu dois s\u00fbrement adorer\u00a0La V\u00e9rit\u00e9 si je mens\u00a0et conna\u00eetre par c\u0153ur les films. Mais, en tant que fan, connais-tu aussi bien les anecdotes et secrets de tournage que l\u2019histoire des quatre longs-m\u00e9trages ? Pour le savoir, fais notre quiz de culture g\u00e9n\u00e9rale !<\/strong><\/p>\n<p>Thomas Gilou a r\u00e9alis\u00e9 les quatre films de la saga.<\/p>\n<p>\t\t\t\t\t<img decoding=\"async\" src=\"https:\/\/www.europesays.com\/fr\/wp-content\/uploads\/2025\/08\/la-verite-si-je-mens-image.jpg\" alt=\"\u00a9 AFMD\" width=\"400\" height=\"225\" loading=\"lazy\" style=\"aspect-ratio: 16\/9; object-fit: cover;\"\/><\/p>\n<p>\u00a9 AFMD<\/p>\n<p>C\u2019est faux, puisque Thomas Gilou n\u2019a pas r\u00e9alis\u00e9\u00a0La V\u00e9rit\u00e9 si je mens ! Les d\u00e9buts.<\/p>\n<p>Quel acteur devait jouer Eddie \u00e0 la place de Richard Anconina ?<\/p>\n<p>\t\t\t\t\t<img decoding=\"async\" src=\"https:\/\/www.europesays.com\/fr\/wp-content\/uploads\/2025\/08\/la-verite-si-je-mens-eddie.jpg\" alt=\"\u00a9 AFMD\" width=\"400\" height=\"225\" loading=\"lazy\" style=\"aspect-ratio: 16\/9; object-fit: cover;\"\/><\/p>\n<p>\u00a9 AFMD<\/p>\n<p>Antoine de Caunes s\u2019est vu proposer le r\u00f4le, mais a refus\u00e9.<\/p>\n<p>A l&rsquo;origine, Jos\u00e9 Garcia devait jouer un autre personnage que celui de Serge Benamou. Lequel ?<\/p>\n<p>\t\t\t\t\t<img decoding=\"async\" src=\"https:\/\/www.europesays.com\/fr\/wp-content\/uploads\/2025\/08\/la-verite-si-je-mens-jose-garcia.jpg\" alt=\"\u00a9 AFMD\" width=\"400\" height=\"225\" loading=\"lazy\" style=\"aspect-ratio: 16\/9; object-fit: cover;\"\/><\/p>\n<p>\u00a9 AFMD<\/p>\n<p>Au d\u00e9part, il \u00e9tait pressenti pour jouer Rafi Stylmod (camp\u00e9 par \u00c9lie Kakou). Et c\u2019est Jos\u00e9 Garcia lui-m\u00eame qui a demand\u00e9 \u00e0 jouer Serge Benamou.<\/p>\n<p>Pour quelle raison Gad Elmaleh reprend-il le r\u00f4le de Vincent Elbaz dans le second film ?<\/p>\n<p>\t\t\t\t\t<img decoding=\"async\" src=\"https:\/\/www.europesays.com\/fr\/wp-content\/uploads\/2025\/08\/la-verite-si-je-mens-2-dov.jpg\" alt=\"\u00a9 Warner Bros. France\" width=\"400\" height=\"225\" loading=\"lazy\" style=\"aspect-ratio: 16\/9; object-fit: cover;\"\/><\/p>\n<p>\u00a9 Warner Bros. France<\/p>\n<p>Au d\u00e9part, Gad Elmaleh devait jouer Dov mais l\u2019acteur a d\u00e9clin\u00e9 le r\u00f4le afin de donner la r\u00e9plique \u00e0 G\u00e9rard Depardieu dans le film XXL. Thomas Gilou l\u2019a recontact\u00e9 pour cette suite et il a accept\u00e9, prenant la place de Vincent Elbaz.<\/p>\n<p>La V\u00e9rit\u00e9 si je mens 2 d\u00e9passe le premier film au box-office fran\u00e7ais.<\/p>\n<p>\t\t\t\t\t<img decoding=\"async\" src=\"https:\/\/www.europesays.com\/fr\/wp-content\/uploads\/2025\/08\/la-verite-si-je-mens-2.jpg\" alt=\"\u00a9 Warner Bros. France\" width=\"400\" height=\"225\" loading=\"lazy\" style=\"aspect-ratio: 16\/9; object-fit: cover;\"\/><\/p>\n<p>\u00a9 Warner Bros. France<\/p>\n<p>C\u2019est vrai, le premier film a atteint les 4 921 478 entr\u00e9es, alors que le second en cumule 7 776 367 !<\/p>\n<p>Quel est le titre anglais de La V\u00e9rit\u00e9 si je mens ?<\/p>\n<p>\t\t\t\t\t<img decoding=\"async\" src=\"https:\/\/www.europesays.com\/fr\/wp-content\/uploads\/2025\/08\/la-verite-si-je-mens-affiche.jpg\" alt=\"\u00a9 AFMD\" width=\"400\" height=\"225\" loading=\"lazy\" style=\"aspect-ratio: 16\/9; object-fit: cover;\"\/><\/p>\n<p>\u00a9 AFMD<\/p>\n<p>En anglais, le titre est \u00ab\u00a0Would I Lie to You?\u00ab\u00a0<\/p>\n<p>Quel volet de la saga fait une r\u00e9f\u00e9rence au film Les Aventures de Rabbi Jacob ?<\/p>\n<p>\t\t\t\t\t<img decoding=\"async\" src=\"https:\/\/www.europesays.com\/fr\/wp-content\/uploads\/2025\/08\/les-aventures-de-rabbi-jacob-victor-pivert.jpg\" alt=\"\u00a9 Les Films Pomereu\" width=\"400\" height=\"225\" loading=\"lazy\" style=\"aspect-ratio: 16\/9; object-fit: cover;\"\/><\/p>\n<p>\u00a9 Les Films Pomereu<\/p>\n<p>C\u2019est le troisi\u00e8me volet qui fait r\u00e9f\u00e9rence, \u00e0 deux reprises, aux Aventures de Rabbi Jacob. La premi\u00e8re lorsqu\u2019Eddy dit \u00e0 son patron qu\u2019il n\u2019est pas juif, et la seconde lors du contr\u00f4le fiscal.<\/p>\n<p>Trouve le mensonge concernant La V\u00e9rit\u00e9 si je mens 3 :<\/p>\n<p>\t\t\t\t\t<img decoding=\"async\" src=\"https:\/\/www.europesays.com\/fr\/wp-content\/uploads\/2025\/08\/la-verite-si-je-mens-3.jpg\" alt=\"\u00a9 Mars Distribution\" width=\"400\" height=\"225\" loading=\"lazy\" style=\"aspect-ratio: 16\/9; object-fit: cover;\"\/><\/p>\n<p>\u00a9 Mars Distribution<\/p>\n<p>Jos\u00e9 Garcia n\u2019a pas \u00e9t\u00e9 nomm\u00e9 aux C\u00e9sar pour ce troisi\u00e8me film.<\/p>\n<p>Quel acteur a \u00e9t\u00e9 recal\u00e9 pour jouer dans La V\u00e9rit\u00e9 si je mens ! Les d\u00e9buts ?<\/p>\n<p>\t\t\t\t\t<img decoding=\"async\" src=\"https:\/\/www.europesays.com\/fr\/wp-content\/uploads\/2025\/08\/la-verite-si-je-mens-les-debuts-image.jpg\" alt=\"\u00a9 La V\u00e9rit\u00e9 Production\" width=\"400\" height=\"225\" loading=\"lazy\" style=\"aspect-ratio: 16\/9; object-fit: cover;\"\/><\/p>\n<p>\u00a9 La V\u00e9rit\u00e9 Production<\/p>\n<p>Vincent Elbaz voulait jouer le p\u00e8re de Dov mais sa proposition a \u00e9t\u00e9 refus\u00e9e puisque ce dernier est orphelin.<\/p>\n<p>En quelle ann\u00e9e est sorti le film La V\u00e9rit\u00e9 si je mens ! Les d\u00e9buts ?<\/p>\n<p>\t\t\t\t\t<img decoding=\"async\" src=\"https:\/\/www.europesays.com\/fr\/wp-content\/uploads\/2025\/08\/la-verite-si-je-mens-les-debuts-affiche.jpg\" alt=\"\u00a9 La V\u00e9rit\u00e9 Production\" width=\"400\" height=\"225\" loading=\"lazy\" style=\"aspect-ratio: 16\/9; object-fit: cover;\"\/><\/p>\n<p>\u00a9 La V\u00e9rit\u00e9 Production<\/p>\n<p>Le film est sorti en 2019.<\/p>\n<p class=\"o-quiz__result-title\">La v\u00e9rit\u00e9 : t&rsquo;es le\/la fan ultime !<\/p>\n<p class=\"o-quiz__result-subtitle\">Tu as obtenu un score de [[ score ]]\/[[ questions ]]<\/p>\n<p>\t\t\t\t\t\t\t\t\t<img decoding=\"async\" src=\"https:\/\/www.europesays.com\/fr\/wp-content\/uploads\/2025\/08\/la-verite-si-je-mens-gif-2.gif\" alt=\"La v\u00e9rit\u00e9 : t'es le\/la fan ultime !\" width=\"768\" height=\"432\" loading=\"lazy\"\/><\/p>\n<p>La saga de\u00a0La V\u00e9rit\u00e9 si je mens\u00a0est ta pr\u00e9f\u00e9r\u00e9e, \u00e0 tel point que tu es curieux\/curieuse de d\u00e9couvrir les secrets de tournage des films. Ainsi donc, tu connais tooooutes les informations sur la quadrilogie, chapeau !<\/p>\n<p><a href=\"https:\/\/www.serieously.com\/quiz-trois-freres-diner-de-cons-trivia-plus-difficile-monde-comedies-francaises\/\" rel=\"nofollow noopener\" target=\"_blank\">Fais maintenant le quiz le plus dur du monde sur les com\u00e9dies fran\u00e7aises<\/a>.<\/p>\n<p class=\"o-quiz__result-title\">La v\u00e9rit\u00e9 : tu peux mieux faire !<\/p>\n<p class=\"o-quiz__result-subtitle\">Tu as obtenu un score de [[ score ]]\/[[ questions ]]<\/p>\n<p>\t\t\t\t\t\t\t\t\t<img decoding=\"async\" src=\"https:\/\/www.europesays.com\/fr\/wp-content\/uploads\/2025\/08\/la-verite-si-je-mens-gif-3.gif\" alt=\"La v\u00e9rit\u00e9 : tu peux mieux faire !\" width=\"768\" height=\"432\" loading=\"lazy\"\/><\/p>\n<p>On remarque que tu adores La V\u00e9rit\u00e9 si je mens et que tu connais probablement les intrigues par c\u0153ur. En revanche, tu sais moins de choses concernant l\u2019envers du d\u00e9cor et les coulisses de la saga culte.<\/p>\n<p><a href=\"https:\/\/www.serieously.com\/quiz-trois-freres-diner-de-cons-trivia-plus-difficile-monde-comedies-francaises\/\" rel=\"nofollow noopener\" target=\"_blank\">Fais maintenant le quiz le plus dur du monde sur les com\u00e9dies fran\u00e7aises<\/a>.<\/p>\n<p class=\"o-quiz__result-title\">La v\u00e9rit\u00e9 : ce n&rsquo;est pas dingue !<\/p>\n<p class=\"o-quiz__result-subtitle\">Tu as obtenu un score de [[ score ]]\/[[ questions ]]<\/p>\n<p>\t\t\t\t\t\t\t\t\t<img decoding=\"async\" src=\"https:\/\/www.europesays.com\/fr\/wp-content\/uploads\/2025\/08\/la-verite-si-je-mens-gif-4.gif\" alt=\"La v\u00e9rit\u00e9 : ce n'est pas dingue !\" width=\"768\" height=\"432\" loading=\"lazy\"\/><\/p>\n<p>Il est temps de conna\u00eetre plus de secrets de tournage concernant La V\u00e9rit\u00e9 si je mens, car si tu pr\u00e9tends \u00eatre fan des films, tu devrais t\u2019int\u00e9resser aux coulisses !<\/p>\n<p>\t\tRecommencer le quiz<\/p>\n<p>\t\t\t<img decoding=\"async\" src=\"https:\/\/www.europesays.com\/fr\/wp-content\/uploads\/2025\/08\/1756376791_533_alexis-savona-serieously.jpg\" alt=\"Alexis Savona\" width=\"70\" height=\"70\" loading=\"lazy\"\/><\/p>\n<p class=\"m-user__name\">Alexis Savona<\/p>\n<p class=\"m-user__job\">R\u00e9dacteur en chef adjoint <\/p>\n<p class=\"m-user__description\">R\u00e9dacteur en chef adjoint chez Serieously, je suis un tr\u00e8s grand fan de films et s\u00e9ries depuis mon plus jeune \u00e2ge. J&rsquo;ai grandi avec Retour Vers le Futur, qui est aujourd&rsquo;hui mon film pr\u00e9f\u00e9r\u00e9, mais aussi les Disney et Jumanji. Je voue aussi une grande passion pour How I Met Your Mother.<\/p>\n<p>\n\t\t\t\t\t\t\t\t\t\t\t\t@alexisanovas<br \/>\n\t\t\t\t\t\t\t\t\t\t\t\t\t\t\t\t\t\t\tContacter<br \/>\n\t\t\t\t\t\tAlexis\n\t\t\t\t\t\t\t\t\t<\/p>\n<p>Lundi&rsquo;spensable<\/p>\n<p class=\"mt-4 mb-4 text-xl text-center\">Le meilleur de <\/p>\n<p> dans ta boite mail<\/p>\n","protected":false},"excerpt":{"rendered":"Accueil &gt; Quiz &gt; La V\u00e9rit\u00e9 si je mens : impossible d\u2019avoir 10\/10 \u00e0 ce quiz de culture&hellip;\n","protected":false},"author":2,"featured_media":349801,"comment_status":"","ping_status":"","sticky":false,"template":"","format":"standard","meta":{"footnotes":""},"categories":[1354],"tags":[58,59,1346,1011,27,1360],"class_list":{"0":"post-349800","1":"post","2":"type-post","3":"status-publish","4":"format-standard","5":"has-post-thumbnail","7":"category-films","8":"tag-divertissement","9":"tag-entertainment","10":"tag-films","11":"tag-fr","12":"tag-france","13":"tag-movies"},"share_on_mastodon":{"url":"https:\/\/pubeurope.com\/@fr\/115105916180026637","error":""},"_links":{"self":[{"href":"https:\/\/www.europesays.com\/fr\/wp-json\/wp\/v2\/posts\/349800","targetHints":{"allow":["GET"]}}],"collection":[{"href":"https:\/\/www.europesays.com\/fr\/wp-json\/wp\/v2\/posts"}],"about":[{"href":"https:\/\/www.europesays.com\/fr\/wp-json\/wp\/v2\/types\/post"}],"author":[{"embeddable":true,"href":"https:\/\/www.europesays.com\/fr\/wp-json\/wp\/v2\/users\/2"}],"replies":[{"embeddable":true,"href":"https:\/\/www.europesays.com\/fr\/wp-json\/wp\/v2\/comments?post=349800"}],"version-history":[{"count":0,"href":"https:\/\/www.europesays.com\/fr\/wp-json\/wp\/v2\/posts\/349800\/revisions"}],"wp:featuredmedia":[{"embeddable":true,"href":"https:\/\/www.europesays.com\/fr\/wp-json\/wp\/v2\/media\/349801"}],"wp:attachment":[{"href":"https:\/\/www.europesays.com\/fr\/wp-json\/wp\/v2\/media?parent=349800"}],"wp:term":[{"taxonomy":"category","embeddable":true,"href":"https:\/\/www.europesays.com\/fr\/wp-json\/wp\/v2\/categories?post=349800"},{"taxonomy":"post_tag","embeddable":true,"href":"https:\/\/www.europesays.com\/fr\/wp-json\/wp\/v2\/tags?post=349800"}],"curies":[{"name":"wp","href":"https:\/\/api.w.org\/{rel}","templated":true}]}}