{"id":349806,"date":"2025-08-28T10:29:14","date_gmt":"2025-08-28T10:29:14","guid":{"rendered":"https:\/\/www.europesays.com\/fr\/349806\/"},"modified":"2025-08-28T10:29:14","modified_gmt":"2025-08-28T10:29:14","slug":"les-dix-commandements-de-pascal-obispo-contrainte-dannuler-sa-tournee","status":"publish","type":"post","link":"https:\/\/www.europesays.com\/fr\/349806\/","title":{"rendered":"\u00ab\u00a0Les Dix Commandements\u00a0\u00bb de Pascal Obispo, contrainte d\u2019annuler sa tourn\u00e9e"},"content":{"rendered":"<p>        <img decoding=\"async\" loading=\"lazy\" src=\"https:\/\/www.europesays.com\/fr\/wp-content\/uploads\/2025\/08\/29cd6be_sirius-fs-upload-1-j2fchemghg8p-1736504076268-2lx-8357-avec-accentuation-nr-copie.jpg\"  width=\"728\" height=\"498\" alt=\"\u00ab\u00a0Les 10\u00a0Commanements\u00a0: l\u2019envie d\u2019aimer\u00a0\u00bb reprend les chansons de la version de 2000\u00a0compos\u00e9es par Pascal Obispo.\"\/>  <\/p>\n<p>DR les 10\u00a0Commandements. <\/p>\n<p>\u00ab\u00a0Les 10\u00a0Commanements\u00a0: l\u2019envie d\u2019aimer\u00a0\u00bb reprend les chansons de la version de 2000\u00a0compos\u00e9es par Pascal Obispo.<\/p>\n<p class=\"asset asset-text\">MUSIQUE &#8211; La fin du voyage. Alors que la <a href=\"https:\/\/www.huffingtonpost.fr\/culture\/article\/john-travolta-a-fait-une-belle-surprise-a-ces-fans-de-grease-a-los-angeles_251968.html\" target=\"_blank\" rel=\"noopener\">com\u00e9die musicale<\/a>\u00a0Les Dix Commandements\u00a0: l\u2019Envie d\u2019Aimer\u00a0devait assurer une tourn\u00e9e dans toute la France \u00e0 partir de cette fin d\u2019ann\u00e9e, l\u2019int\u00e9gralit\u00e9 des <a href=\"https:\/\/www.huffingtonpost.fr\/culture\/article\/kneecap-annule-sa-tournee-aux-etats-unis-mais-le-groupe-se-produira-bien-en-france_253988.html\" target=\"_blank\" rel=\"noopener\">dates pr\u00e9vues ont \u00e9t\u00e9 finalement annul\u00e9es<\/a>. Le show musical relanc\u00e9 en 2024\u00a0par <a href=\"https:\/\/www.huffingtonpost.fr\/culture\/article\/laura-smet-rend-hommage-pour-la-premiere-fois-a-son-pere-johnny-hallyday-avec-ce-clip_251382.html\" target=\"_blank\" rel=\"noopener\">Pascal Obispo<\/a> va finalement s\u2019arr\u00eater apr\u00e8s seulement quelques dates.<\/p>\n<p class=\"asset asset-text\">En 2023, Pascal Obispo, le compositeur historique de la com\u00e9die musicale Les 10\u00a0Commandements annon\u00e7ait vouloir relancer le show dans une version plus r\u00e9cente (La derni\u00e8re repr\u00e9sentation de l\u2019histoire de Mo\u00efse avait eu lieu en 2017). Pour ce remake, la production misait sur la nouveaut\u00e9 en ajoutant de nouveau d\u00e9cors, de nouveaux costumes et de nouveaux chanteurs. Le chanteur qui souhaitait attirer un nouveau public en plus des fans de la premi\u00e8re heure a finalement perdu son pari.<\/p>\n<p class=\"asset asset-text\">La salle de spectacle de l\u2019Ark\u00e9a Arena (Bordeaux) a partag\u00e9 un message de la production\u00a0apr\u00e8s l\u2019annonce de l\u2019annulation\u00a0: \u00ab\u00a0Nous sommes au regret de vous annoncer notre d\u00e9cision d\u2019annuler la suite de la tourn\u00e9e Les 10 Commandements l\u2019envie d\u2019aimer. Malgr\u00e9 tous nos efforts, les pertes accumul\u00e9es sur les premi\u00e8res exploitations et notre impossibilit\u00e9 \u00e0 trouver un mod\u00e8le \u00e9conomique viable avec les diff\u00e9rentes parties prenantes, nous contraignent \u00e0 prendre cette lourde et p\u00e9nible d\u00e9cision.\u00a0\u00bb expliquent les organisateurs.<\/p>\n<p class=\"asset asset-text\">La production a \u00e9galement indiqu\u00e9 l\u2019arr\u00eat de la vente des billets et pr\u00e9cis\u00e9 que les spectateurs d\u00e9j\u00e0 d\u00e9tenteurs d\u2019une place pouvaient d\u00e9marrer les d\u00e9marches afin de se faire rembourser.<\/p>\n<p>                     Un retour des Dix Commandements contest\u00e9    <\/p>\n<p class=\"asset asset-text\">Le show a pu avoir quelques repr\u00e9sentations en d\u00e9but d\u2019ann\u00e9e \u00e0 la Sc\u00e8ne Musicale, mais le spectacle aurait pu ne jamais voir le jour <a href=\"https:\/\/www.huffingtonpost.fr\/culture\/article\/les-10-commandements-a-la-seine-musicale-pourquoi-la-comedie-musicale-a-failli-ne-jamais-faire-son-retour_244547.html\" target=\"_blank\" rel=\"noopener\">comme nous vous le rapportions en janvier dernier.<\/a> En cause, un conflit entre les deux figures du projet original, le metteur en sc\u00e8ne \u00c9lie Chouraqui et Pascal Obispo.<\/p>\n<p class=\"asset asset-text\">Particuli\u00e8rement hostile \u00e0 ce projet, le producteur de 75\u00a0ans <a href=\"https:\/\/www.youtube.com\/watch?v=tHZaDo4ZCi8\" target=\"_blank\" rel=\"noopener\" title=\"Nouvelle fen\u00eatre\">s\u2019\u00e9tait exprim\u00e9 sur BFM TV<\/a> affirmant que cette com\u00e9die musicale n\u2019\u00e9tait \u00ab\u00a0pas les Dix Commandements.\u00a0C\u2019est un tout, une mise en sc\u00e8ne, une chor\u00e9graphie, une fa\u00e7on de raconter l\u2019histoire. Donc \u00e7a me met en rogne parce que j\u2019ai peur qu\u2019on ab\u00eeme mon spectacle et qu\u2019on trahisse ceux que j\u2019ai emmen\u00e9s\u00a0\u00bb d\u00e9plorait-il.<\/p>\n<p class=\"asset asset-text\">Un conflit qui a pris fin apr\u00e8s une d\u00e9cision de justice. \u00c9lie Chouraqui avait demand\u00e9 l\u2019annulation du spectacle en assignant Pascal Obispo en justice pour \u00ab\u00a0contrefa\u00e7on de droits d\u2019auteur\u00a0\u00bb, \u00ab\u00a0contrefa\u00e7on de marque\u00a0\u00bb, \u00ab\u00a0parasitisme \u00bb\u00a0et \u00ab\u00a0concurrence d\u00e9loyale\u00a0\u00bb. Il a \u00e9t\u00e9 finalement d\u00e9bout\u00e9 de sa demande et contraint de payer des dommages et int\u00e9r\u00eats \u00e0\u00a0la soci\u00e9t\u00e9 de production du chanteur fran\u00e7ais.<\/p>\n","protected":false},"excerpt":{"rendered":"DR les 10\u00a0Commandements. \u00ab\u00a0Les 10\u00a0Commanements\u00a0: l\u2019envie d\u2019aimer\u00a0\u00bb reprend les chansons de la version de 2000\u00a0compos\u00e9es par Pascal Obispo.&hellip;\n","protected":false},"author":2,"featured_media":349807,"comment_status":"","ping_status":"","sticky":false,"template":"","format":"standard","meta":{"footnotes":""},"categories":[8],"tags":[11722,251,58,59,1011,27,873,17603,4441],"class_list":{"0":"post-349806","1":"post","2":"type-post","3":"status-publish","4":"format-standard","5":"has-post-thumbnail","7":"category-divertissement","8":"tag-comedie-musicale","9":"tag-culture","10":"tag-divertissement","11":"tag-entertainment","12":"tag-fr","13":"tag-france","14":"tag-musique","15":"tag-pascal-obispo","16":"tag-tournee"},"share_on_mastodon":{"url":"https:\/\/pubeurope.com\/@fr\/115105927398290892","error":""},"_links":{"self":[{"href":"https:\/\/www.europesays.com\/fr\/wp-json\/wp\/v2\/posts\/349806","targetHints":{"allow":["GET"]}}],"collection":[{"href":"https:\/\/www.europesays.com\/fr\/wp-json\/wp\/v2\/posts"}],"about":[{"href":"https:\/\/www.europesays.com\/fr\/wp-json\/wp\/v2\/types\/post"}],"author":[{"embeddable":true,"href":"https:\/\/www.europesays.com\/fr\/wp-json\/wp\/v2\/users\/2"}],"replies":[{"embeddable":true,"href":"https:\/\/www.europesays.com\/fr\/wp-json\/wp\/v2\/comments?post=349806"}],"version-history":[{"count":0,"href":"https:\/\/www.europesays.com\/fr\/wp-json\/wp\/v2\/posts\/349806\/revisions"}],"wp:featuredmedia":[{"embeddable":true,"href":"https:\/\/www.europesays.com\/fr\/wp-json\/wp\/v2\/media\/349807"}],"wp:attachment":[{"href":"https:\/\/www.europesays.com\/fr\/wp-json\/wp\/v2\/media?parent=349806"}],"wp:term":[{"taxonomy":"category","embeddable":true,"href":"https:\/\/www.europesays.com\/fr\/wp-json\/wp\/v2\/categories?post=349806"},{"taxonomy":"post_tag","embeddable":true,"href":"https:\/\/www.europesays.com\/fr\/wp-json\/wp\/v2\/tags?post=349806"}],"curies":[{"name":"wp","href":"https:\/\/api.w.org\/{rel}","templated":true}]}}