{"id":349812,"date":"2025-08-28T10:32:09","date_gmt":"2025-08-28T10:32:09","guid":{"rendered":"https:\/\/www.europesays.com\/fr\/349812\/"},"modified":"2025-08-28T10:32:09","modified_gmt":"2025-08-28T10:32:09","slug":"emmanuel-macron-denonce-la-terreur-et-la-barbarie-de-la-russie-apres-lattaque-sur-kiev","status":"publish","type":"post","link":"https:\/\/www.europesays.com\/fr\/349812\/","title":{"rendered":"Emmanuel Macron d\u00e9nonce la \u00ab\u00a0terreur\u00a0\u00bb et la \u00ab\u00a0barbarie\u00a0\u00bb de la Russie apr\u00e8s l&rsquo;attaque sur Kiev"},"content":{"rendered":"<p>De nouveaux bombardements russes sur la capitale ukrainienne ont fait au moins 14 morts dans la nuit de mercredi 27 \u00e0 jeudi 28 ao\u00fbt. Emmanuel Macron a d\u00e9nonc\u00e9 ces frappes meurtri\u00e8res.<\/p>\n<p>Kiev a \u00e9t\u00e9 la cible de <a href=\"https:\/\/www.bfmtv.com\/international\/europe\/ukraine\/guerre-en-ukraine-une-importante-attaque-russe-contre-kiev-fait-au-moins-trois-morts_AD-202508280136.html\" title=\"Guerre en Ukraine: une importante attaque russe contre Kiev fait au moins 14 morts, dont trois enfants\" class=\"internal_link\" rel=\"nofollow noopener\" target=\"_blank\">nouveaux bombardements russes<\/a> dans la nuit de mercredi 27 \u00e0 jeudi 28 ao\u00fbt. Au moins 14 personnes sont mortes apr\u00e8s des frappes sur des quartiers r\u00e9sidentiels de Kiev.<\/p>\n<p>\u00ab\u00a0629 missiles et drones en une nuit sur l\u2019Ukraine: voil\u00e0 la volont\u00e9 de paix de la Russie. Terreur et barbarie\u00a0\u00bb, a r\u00e9agi Emmanuel Macron sur X.<\/p>\n<p>La France \u00ab\u00a0condamne avec la plus grande fermet\u00e9 ces attaques insens\u00e9es d\u2019une grande cruaut\u00e9\u00a0\u00bb, \u00e9crit le pr\u00e9sident de la R\u00e9publique, qui apporte son \u00ab\u00a0soutien total\u00a0\u00bb au peuple ukrainien.<\/p>\n<p>\u00ab\u00a0C&rsquo;est un quartier populaire (qui a \u00e9t\u00e9 touch\u00e9, NDLR)\u00a0\u00bb, ajoute sur BFMTV Ga\u00ebl Veyssi\u00e8re, ambassadeur de France en Ukraine. \u00ab\u00a0C&rsquo;est monsieur et madame tout le monde qui habitent ici, c&rsquo;est ces gens-l\u00e0 qui sont frapp\u00e9s dans leur sommeil sans avoir le temps de se mettre \u00e0 l&rsquo;abri\u00a0\u00bb, a-t-il d\u00e9nonc\u00e9.<\/p>\n<p>Le ministre des Affaires \u00e9trang\u00e8res <a href=\"https:\/\/www.bfmtv.com\/international\/moyen-orient\/palestine\/un-scandale-une-honte-jean-noel-barrot-appelle-a-la-cessation-des-activites-de-la-fondation-humanitaire-pour-gaza_AD-202507310547.html\" title=\"&quot;Un scandale&quot;, &quot;une honte&quot;: Jean-No\u00ebl Barrot appelle &quot;\u00e0 la cessation des activit\u00e9s&quot; de la Fondation humanitaire pour Gaza\" class=\"internal_link\" rel=\"nofollow noopener\" target=\"_blank\">Jean-No\u00ebl Barrot<\/a> a quant \u00e0 lui assur\u00e9 que la France allait \u00ab\u00a0accentuer la pression pour mettre fin \u00e0 ce massacre\u00a0\u00bb.<\/p>\n<p>Vague d&rsquo;indignation europ\u00e9enne<\/p>\n<p>En plus d&rsquo;habitations et d&rsquo;infrastructures, les bureaux de la d\u00e9l\u00e9gation de l\u2019Union europ\u00e9enne et du British Council ont \u00e9t\u00e9 endommag\u00e9s, provoquant une <a href=\"https:\/\/www.bfmtv.com\/international\/europe\/ukraine\/14-morts-dont-trois-enfants-batiment-de-l-ue-touche-ce-que-l-on-sait-sur-les-frappes-russes-sur-kiev_AN-202508280378.html\" title=\"14 morts dont trois enfants, b\u00e2timent de l&#039;UE touch\u00e9... Ce que l&#039;on sait sur les frappes russes sur Kiev\" class=\"internal_link\" rel=\"nofollow noopener\" target=\"_blank\">vague d&rsquo;indignation europ\u00e9enne<\/a>.<\/p>\n<p>La pr\u00e9sidente de la commission europ\u00e9enne Ursula von der Leyen a confirm\u00e9 que la \u00ab\u00a0d\u00e9l\u00e9gation de l&rsquo;UE \u00e0 Kiev a \u00e9galement \u00e9t\u00e9 touch\u00e9e\u00a0\u00bb mais que le personnel est \u00ab\u00a0sain et sauf\u00a0\u00bb. Sur place, l&rsquo;ambassadeur de France en Ukraine a constat\u00e9 des d\u00e9g\u00e2ts caus\u00e9s par le souffle des explosions voisines mais a observ\u00e9 que l&rsquo;infrastructure du b\u00e2timent est intacte.<\/p>\n<p>\u00ab\u00a0La Russie doit imm\u00e9diatement cesser ses attaques indiscrimin\u00e9es contre les infrastructures civiles et se joindre aux n\u00e9gociations pour une paix juste et durable\u00a0\u00bb, a-t-elle \u00e9crit.<\/p>\n<p>D&rsquo;autres dirigeants ont aussi pris la parole, comme le pr\u00e9sident espagnol Pedro S\u00e1nchez qui d\u00e9nonce \u00ab\u00a0un nouveau coup port\u00e9 \u00e0 la paix\u00a0\u00bb ou encore le Premier ministre britannique <a href=\"https:\/\/www.bfmtv.com\/international\/europe\/ukraine\/video-le-premier-ministre-anglais-keir-starmer-est-arrive-a-la-maison-blanche_VN-202508180432.html\" title=\"Le premier ministre anglais Keir Starmer est arriv\u00e9 \u00e0 la Maison Blanche\" class=\"internal_link\" rel=\"nofollow noopener\" target=\"_blank\">Keir Starmer<\/a> qui d\u00e9clare que \u00ab\u00a0Poutine tue des enfants et des civils\u00a0\u00bb tout en sabotant \u00ab\u00a0les espoirs de paix\u00a0\u00bb.<\/p>\n<p>Cette attaque survient en pleines n\u00e9gociations pour la paix en Ukraine entre les deux pays bellig\u00e9rants. Apr\u00e8s une rencontre entre <a href=\"https:\/\/www.bfmtv.com\/international\/europe\/ukraine\/apres-le-sommet-trump-poutine-les-allies-de-kiev-se-concertent-sur-le-plan-de-paix-voulu-par-les-etats-unis_AD-202508170073.html\" title=\"Apr\u00e8s le sommet Trump-Poutine, les alli\u00e9s de Kiev se concertent sur le plan de paix voulu par les \u00c9tats-Unis\" class=\"internal_link\" rel=\"nofollow noopener\" target=\"_blank\">Donald Trump et Vladimir Poutine<\/a>, puis un sommet entre le pr\u00e9sident am\u00e9ricain, Volodymyr Zelensky et plusieurs de ses alli\u00e9s europ\u00e9ens, la Russie et l&rsquo;Ukraine se sont accord\u00e9s pour organiser une rencontre entre les deux chefs de l&rsquo;\u00c9tat afin de trouver un accord de paix.<\/p>\n<blockquote class=\"embed embed_quote\"><p>\u00ab\u00a0Le r\u00e9sultat est l\u00e0. Il y a eu des frappes m\u00eame apr\u00e8s le sommet de Washington. On ne comprend pas bien la coh\u00e9rence du discours: comment est-ce qu&rsquo;on peut dire \u00e0 la fois que l&rsquo;on veut n\u00e9gocier \u00e0 la paix et proc\u00e9der \u00e0 des frappes sur les civils?\u00a0\u00bb, demande l&rsquo;ambassadeur Ga\u00ebl Veyssi\u00e8re sur BFMTV.<\/p><\/blockquote>\n<p>L&rsquo;Europe s&rsquo;\u00e9tait d\u00e9j\u00e0 montr\u00e9 prudente. Au lendemain de cette r\u00e9union \u00e0 la Maison Blanche, beaucoup de dirigeants politiques soup\u00e7onnaient Vladimir Poutine de ne pas vouloir de paix. Emmanuel Macron avait confi\u00e9 avoir l&rsquo;intime conviction que le chef du Kremlin souhaitait avant tout la \u00ab\u00a0capitulation de l&rsquo;Ukraine\u00a0\u00bb.<\/p>\n","protected":false},"excerpt":{"rendered":"De nouveaux bombardements russes sur la capitale ukrainienne ont fait au moins 14 morts dans la nuit de&hellip;\n","protected":false},"author":2,"featured_media":349813,"comment_status":"","ping_status":"","sticky":false,"template":"","format":"standard","meta":{"footnotes":""},"categories":[5],"tags":[11,1011,27,14,12,28],"class_list":{"0":"post-349812","1":"post","2":"type-post","3":"status-publish","4":"format-standard","5":"has-post-thumbnail","7":"category-international","8":"tag-actualites","9":"tag-fr","10":"tag-france","11":"tag-international","12":"tag-news","13":"tag-world"},"share_on_mastodon":{"url":"https:\/\/pubeurope.com\/@fr\/115105939056444603","error":""},"_links":{"self":[{"href":"https:\/\/www.europesays.com\/fr\/wp-json\/wp\/v2\/posts\/349812","targetHints":{"allow":["GET"]}}],"collection":[{"href":"https:\/\/www.europesays.com\/fr\/wp-json\/wp\/v2\/posts"}],"about":[{"href":"https:\/\/www.europesays.com\/fr\/wp-json\/wp\/v2\/types\/post"}],"author":[{"embeddable":true,"href":"https:\/\/www.europesays.com\/fr\/wp-json\/wp\/v2\/users\/2"}],"replies":[{"embeddable":true,"href":"https:\/\/www.europesays.com\/fr\/wp-json\/wp\/v2\/comments?post=349812"}],"version-history":[{"count":0,"href":"https:\/\/www.europesays.com\/fr\/wp-json\/wp\/v2\/posts\/349812\/revisions"}],"wp:featuredmedia":[{"embeddable":true,"href":"https:\/\/www.europesays.com\/fr\/wp-json\/wp\/v2\/media\/349813"}],"wp:attachment":[{"href":"https:\/\/www.europesays.com\/fr\/wp-json\/wp\/v2\/media?parent=349812"}],"wp:term":[{"taxonomy":"category","embeddable":true,"href":"https:\/\/www.europesays.com\/fr\/wp-json\/wp\/v2\/categories?post=349812"},{"taxonomy":"post_tag","embeddable":true,"href":"https:\/\/www.europesays.com\/fr\/wp-json\/wp\/v2\/tags?post=349812"}],"curies":[{"name":"wp","href":"https:\/\/api.w.org\/{rel}","templated":true}]}}