{"id":349814,"date":"2025-08-28T10:33:16","date_gmt":"2025-08-28T10:33:16","guid":{"rendered":"https:\/\/www.europesays.com\/fr\/349814\/"},"modified":"2025-08-28T10:33:16","modified_gmt":"2025-08-28T10:33:16","slug":"les-deux-freres-suspectes-davoir-abattu-lolivier-en-hommage-a-ilan-halimi-ecroues","status":"publish","type":"post","link":"https:\/\/www.europesays.com\/fr\/349814\/","title":{"rendered":"Les deux fr\u00e8res suspect\u00e9s d\u2019avoir abattu l\u2019olivier en hommage \u00e0 Ilan Halimi \u00e9crou\u00e9s"},"content":{"rendered":"<p>        <img decoding=\"async\" loading=\"lazy\" src=\"https:\/\/www.europesays.com\/fr\/wp-content\/uploads\/2025\/08\/6b64c39_upload-1-ywavxshnfvsp-000-1de17f.jpg\"  width=\"728\" height=\"410\" alt=\"L\u2019olivier en hommage \u00e0 Ilan Halimi a \u00e9t\u00e9 abattu \u00e0 \u00c9pinay-sur-Seine. (Une photo d\u2019Ilan Halimi est visible sur un m\u00e9morial, le 13\u00a0f\u00e9vrier 2019\u00a0\u00e0 Sainte-Genevi\u00e8ve-des-Bois)\"\/>  <\/p>\n<p>BERTRAND GUAY \/ AFP<\/p>\n<p>L\u2019olivier en hommage \u00e0 Ilan Halimi a \u00e9t\u00e9 abattu \u00e0 \u00c9pinay-sur-Seine. (Une photo d\u2019Ilan Halimi est visible sur un m\u00e9morial, le 13\u00a0f\u00e9vrier 2019\u00a0\u00e0 Sainte-Genevi\u00e8ve-des-Bois)<\/p>\n<p class=\"asset asset-text\">FAITS DIVERS &#8211; Les fr\u00e8res jumeaux de 19\u00a0ans, soup\u00e7onn\u00e9s d\u2019avoir abattu il y a deux semaines \u00e0 \u00c9pinay-sur-Seine (Seine-Saint-Denis) un olivier plant\u00e9 en m\u00e9moire d\u2019<a href=\"https:\/\/www.huffingtonpost.fr\/faits-divers\/article\/l-olivier-en-hommage-a-ilan-halimi-abattu-a-epinay-le-maire-denonce-un-acte-antisemite_253611.html\" target=\"_blank\" rel=\"noopener\">Ilan Halimi<\/a>, ont \u00e9t\u00e9 plac\u00e9s en d\u00e9tention provisoire dans l\u2019attente d\u2019\u00eatre jug\u00e9s en octobre, a-t-on appris ce jeudi 28\u00a0ao\u00fbt de source judiciaire.<\/p>\n<p class=\"asset asset-text\">Les deux jeunes hommes ont \u00e9t\u00e9 d\u00e9f\u00e9r\u00e9s mercredi en comparution imm\u00e9diate au tribunal correctionnel de Bobigny, o\u00f9 l\u2019affaire a \u00e9t\u00e9 renvoy\u00e9e au 22\u00a0octobre, a pr\u00e9cis\u00e9 \u00e0 l\u2019AFP le parquet. Ils seront jug\u00e9s pour destruction de bien aggrav\u00e9e et violation de monument d\u00e9di\u00e9 \u00e0 la m\u00e9moire des morts commise en raison de la race, l\u2019ethnie, la nation ou la religion.<\/p>\n<p class=\"asset asset-text\">Survenu dans la nuit du 13 au 14\u00a0ao\u00fbt, l\u2019abattage de l\u2019arbre en m\u00e9moire d\u2019Ilan Halimi, jeune <a href=\"https:\/\/www.huffingtonpost.fr\/actualites\/article\/plus-de-10-ans-apres-sa-mort-on-continue-d-insulter-la-memoire-d-ilan-halimi_111307.html\" target=\"_blank\" rel=\"noopener\">Juif tortur\u00e9 \u00e0 mort en 2006<\/a>, avait suscit\u00e9 une indignation unanime au sein de la classe politique. L\u2019olivier avait \u00e9t\u00e9 plant\u00e9 en 2011 au jardin d\u2019Alcobendas d\u2019\u00c9pinay-sur-Seine, ville d\u2019un peu plus de 50\u00a0000 habitants, situ\u00e9e \u00e0 une dizaine de kilom\u00e8tres au nord de Paris.<\/p>\n<p>    Plusieurs arbres seront replant\u00e9s    <\/p>\n<p class=\"asset asset-text\">Le maire, Herv\u00e9 Chevreau (DVD), a indiqu\u00e9 \u00e0 l\u2019AFP que plusieurs arbres seraient replant\u00e9s \u00e0 l\u2019automne en m\u00e9moire d\u2019Ilan Halimi, en \u00e9voquant \u00ab\u00a0un \u00e9lan de solidarit\u00e9 remarquable\u00a0\u00bb pour le don de nouveaux oliviers \u00e0 la ville.<\/p>\n<p class=\"asset asset-text\">Citoyen fran\u00e7ais de confession juive, Ilan Halimi, 23\u00a0ans, avait \u00e9t\u00e9 s\u00e9questr\u00e9 et tortur\u00e9 en janvier\u00a02006 \u00e0 Bagneux (Hauts-de-Seine) par un groupe d\u2019une vingtaine de personnes qui se faisaient appeler le \u00ab\u00a0gang des barbares\u00a0\u00bb, sous la direction de Youssouf Fofana. D\u00e9couvert \u00e0 Sainte-Genevi\u00e8ve-des-Bois, dans l\u2019Essonne, le jeune homme \u00e9tait mort pendant son transfert \u00e0 l\u2019h\u00f4pital un peu moins d\u2019un mois plus tard.<\/p>\n<p class=\"asset asset-text\">Deux autres arbres plant\u00e9s en hommage \u00e0 Ilan Halimi, dont l\u2019un portait sa photo, avaient \u00e9t\u00e9 sci\u00e9s en 2019 \u00e0 Sainte-Genevi\u00e8ve-des-Bois, o\u00f9 il avait \u00e9t\u00e9 retrouv\u00e9 agonisant au bord d\u2019une voie ferr\u00e9e. D\u2019autres arbres avaient \u00e9t\u00e9 replant\u00e9s.<\/p>\n","protected":false},"excerpt":{"rendered":"BERTRAND GUAY \/ AFP L\u2019olivier en hommage \u00e0 Ilan Halimi a \u00e9t\u00e9 abattu \u00e0 \u00c9pinay-sur-Seine. (Une photo d\u2019Ilan&hellip;\n","protected":false},"author":2,"featured_media":319708,"comment_status":"","ping_status":"","sticky":false,"template":"","format":"standard","meta":{"footnotes":""},"categories":[4],"tags":[11,118,1011,27,45788,303,12,2694,25],"class_list":{"0":"post-349814","1":"post","2":"type-post","3":"status-publish","4":"format-standard","5":"has-post-thumbnail","7":"category-france","8":"tag-actualites","9":"tag-faits-divers","10":"tag-fr","11":"tag-france","12":"tag-ilan-halimi","13":"tag-justice","14":"tag-news","15":"tag-proces","16":"tag-republique-francaise"},"share_on_mastodon":{"url":"https:\/\/pubeurope.com\/@fr\/115105943368653950","error":""},"_links":{"self":[{"href":"https:\/\/www.europesays.com\/fr\/wp-json\/wp\/v2\/posts\/349814","targetHints":{"allow":["GET"]}}],"collection":[{"href":"https:\/\/www.europesays.com\/fr\/wp-json\/wp\/v2\/posts"}],"about":[{"href":"https:\/\/www.europesays.com\/fr\/wp-json\/wp\/v2\/types\/post"}],"author":[{"embeddable":true,"href":"https:\/\/www.europesays.com\/fr\/wp-json\/wp\/v2\/users\/2"}],"replies":[{"embeddable":true,"href":"https:\/\/www.europesays.com\/fr\/wp-json\/wp\/v2\/comments?post=349814"}],"version-history":[{"count":0,"href":"https:\/\/www.europesays.com\/fr\/wp-json\/wp\/v2\/posts\/349814\/revisions"}],"wp:featuredmedia":[{"embeddable":true,"href":"https:\/\/www.europesays.com\/fr\/wp-json\/wp\/v2\/media\/319708"}],"wp:attachment":[{"href":"https:\/\/www.europesays.com\/fr\/wp-json\/wp\/v2\/media?parent=349814"}],"wp:term":[{"taxonomy":"category","embeddable":true,"href":"https:\/\/www.europesays.com\/fr\/wp-json\/wp\/v2\/categories?post=349814"},{"taxonomy":"post_tag","embeddable":true,"href":"https:\/\/www.europesays.com\/fr\/wp-json\/wp\/v2\/tags?post=349814"}],"curies":[{"name":"wp","href":"https:\/\/api.w.org\/{rel}","templated":true}]}}