{"id":349821,"date":"2025-08-28T10:37:11","date_gmt":"2025-08-28T10:37:11","guid":{"rendered":"https:\/\/www.europesays.com\/fr\/349821\/"},"modified":"2025-08-28T10:37:11","modified_gmt":"2025-08-28T10:37:11","slug":"pourquoi-on-a-presque-aime-connemara","status":"publish","type":"post","link":"https:\/\/www.europesays.com\/fr\/349821\/","title":{"rendered":"pourquoi on a (presque) aim\u00e9 Connemara"},"content":{"rendered":"<p>Apr\u00e8s <a href=\"https:\/\/www.vosgesmatin.fr\/culture-loisirs\/2025\/08\/27\/notre-critique-du-film-connemara-d-alex-lutz-tourne-dans-les-vosges\" target=\"_blank\" rel=\"noopener\">les Vosges,<\/a> et \u00c9pinal, o\u00f9 il a \u00e9t\u00e9 en grande partie tourn\u00e9, Connemara , le film d\u2019<a href=\"https:\/\/www.estrepublicain.fr\/p\/alex-lutz\" target=\"_blank\" rel=\"noopener\">Alex Lutz<\/a> adapt\u00e9 du roman \u00e9ponyme de <a href=\"https:\/\/www.estrepublicain.fr\/p\/nicolas-mathieu\" target=\"_blank\" rel=\"noopener\">Nicolas Mathieu<\/a>, prix Goncourt 2018, \u00e9tait pr\u00e9sent\u00e9 en <a href=\"https:\/\/www.estrepublicain.fr\/culture-loisirs\/2025\/08\/27\/connemara-en-avant-premiere-au-cameo-saint-seb-l-humanite-sur-grand-ecran\" target=\"_blank\" rel=\"noopener\">avant-premi\u00e8re \u00e0 Nancy ce mercredi 27\u00a0ao\u00fbt,<\/a> en pr\u00e9sence des deux hommes, au Cam\u00e9o Saint-S\u00e9bastien.<\/p>\n<p>Pourquoi Nancy\u00a0? Parce que le r\u00e9alisateur a tourn\u00e9 quelques sc\u00e8nes dans l\u2019agglom\u00e9ration meurthe-et-mosellane, et que certains com\u00e9diens et com\u00e9diennes du film sont du cru, comme <a href=\"https:\/\/www.estrepublicain.fr\/societe\/2022\/08\/17\/lilas-rose-14-ans-et-deja-comedienne\" target=\"_blank\" rel=\"noopener\">Lilas-Rose Gilberti-Poisot.<\/a><\/p>\n<p>Le moment \u00e9tait \u00e9mouvant car Connemara est tr\u00e8s attendu dans la r\u00e9gion. Mais est-ce un grand film\u00a0? Le public, tr\u00e8s partag\u00e9 \u00e0 la sortie du Cam\u00e9o, tirera ses propres conclusions \u00e0 partir du 10\u00a0septembre, date de sa sortie. Nous, de ce que nous avons vu ce mercredi soir, nous sommes mitig\u00e9s. \u00c0 la fois, l\u2019adaptation du roman social de Nicolas Mathieu est artistique, humaniste, raffin\u00e9e et, par moments, fastidieuse.<\/p>\n<p>  Bon, et moins bon<\/p>\n<p>L\u2019histoire, universelle et \u00e9ternelle, est connue. C\u2019est celle d\u2019H\u00e9l\u00e8ne, la quarantaine paum\u00e9e entre sa r\u00e9ussite parisienne, sa famille et ses racines\u2026 Elle d\u00e9cide de retourner dans ses Vosges natales pour tenter de mettre de l\u2019ordre dans sa vie. Mais elle n\u2019y parvient pas.<\/p>\n<p>Alex Lutz place au centre de son film cette h\u00e9ro\u00efne perdue, en la mettant dans les bras de Christophe (jou\u00e9 par un timide <a href=\"https:\/\/www.vosgesmatin.fr\/culture-loisirs\/2024\/11\/28\/bastien-bouillon-en-tournage-a-epinal-pour-le-film-connemara-ce-personnage-de-christophe-c-est-un-role-assez-fort-et-lourd\" target=\"_blank\" rel=\"noopener\">Bastien Bouillon<\/a> ), une star locale de hockey, sa tentation de jeunesse. Malheureusement, cette histoire d\u2019amour tra\u00eene rapidement en longueur, \u00e0 force d\u2019effets de cin\u00e9ma r\u00e9p\u00e9titifs et d\u00e9stabilisants.<\/p>\n<p>Car ce n\u2019est pas simple de mettre les id\u00e9es d\u2019un livre sur grand \u00e9cran\u00a0! Heureusement, le film est port\u00e9 par la gr\u00e2ce m\u00e9lancolique de <a href=\"https:\/\/www.vosgesmatin.fr\/culture-loisirs\/2024\/11\/29\/tournage-du-film-connemara-a-epinal-chaque-role-est-un-vertige-permanent-estime-l-actrice-melanie-thierry\" target=\"_blank\" rel=\"noopener\">M\u00e9lanie Thierry<\/a> et la justesse des seconds r\u00f4les de charme que sont <a href=\"https:\/\/www.estrepublicain.fr\/culture-loisirs\/2023\/03\/21\/jacques-gamblin-dans-un-spectacle-de-danse-hop-on-se-jette-a-l-eau\" target=\"_blank\" rel=\"noopener\">Jacques Gamblin<\/a> et <a href=\"https:\/\/www.estrepublicain.fr\/culture-loisirs\/2022\/12\/31\/aux-actes-citoyens-clementine-celarie-sur-la-scene-de-tomblaine\" target=\"_blank\" rel=\"noopener\">Cl\u00e9mentine C\u00e9lari\u00e9.<\/a> \u00a0Nous n\u2019oublierons jamais ce dialogue puissant entre cette derni\u00e8re et M\u00e9lanie Thierry au milieu du film\u2026<\/p>\n<p>On sort tout de m\u00eame boulevers\u00e9 de Connemara en se demandant\u00a0: \u00ab\u00a0Mais suis-je l\u00e0, moi, \u00e0 la place que j\u2019aurais souhait\u00e9 \u00eatre\u00a0?\u00a0\u00bb<\/p>\n","protected":false},"excerpt":{"rendered":"Apr\u00e8s les Vosges, et \u00c9pinal, o\u00f9 il a \u00e9t\u00e9 en grande partie tourn\u00e9, Connemara , le film d\u2019Alex&hellip;\n","protected":false},"author":2,"featured_media":349822,"comment_status":"","ping_status":"","sticky":false,"template":"","format":"standard","meta":{"footnotes":""},"categories":[9635],"tags":[1111,11,650,1687,1704,1777,674,1011,27,775,2410,1702,1703,12,25,104,133],"class_list":{"0":"post-349821","1":"post","2":"type-post","3":"status-publish","4":"format-standard","5":"has-post-thumbnail","7":"category-nancy","8":"tag-actu","9":"tag-actualites","10":"tag-cinema","11":"tag-culture-loisirs","12":"tag-edition-nancy-et-agglomeration","13":"tag-eu","14":"tag-europe","15":"tag-fr","16":"tag-france","17":"tag-grand-est","18":"tag-livres-bd","19":"tag-nancy","20":"tag-nancy-ville-54b","21":"tag-news","22":"tag-republique-francaise","23":"tag-societe","24":"tag-video"},"share_on_mastodon":{"url":"https:\/\/pubeurope.com\/@fr\/115105958759945458","error":""},"_links":{"self":[{"href":"https:\/\/www.europesays.com\/fr\/wp-json\/wp\/v2\/posts\/349821","targetHints":{"allow":["GET"]}}],"collection":[{"href":"https:\/\/www.europesays.com\/fr\/wp-json\/wp\/v2\/posts"}],"about":[{"href":"https:\/\/www.europesays.com\/fr\/wp-json\/wp\/v2\/types\/post"}],"author":[{"embeddable":true,"href":"https:\/\/www.europesays.com\/fr\/wp-json\/wp\/v2\/users\/2"}],"replies":[{"embeddable":true,"href":"https:\/\/www.europesays.com\/fr\/wp-json\/wp\/v2\/comments?post=349821"}],"version-history":[{"count":0,"href":"https:\/\/www.europesays.com\/fr\/wp-json\/wp\/v2\/posts\/349821\/revisions"}],"wp:featuredmedia":[{"embeddable":true,"href":"https:\/\/www.europesays.com\/fr\/wp-json\/wp\/v2\/media\/349822"}],"wp:attachment":[{"href":"https:\/\/www.europesays.com\/fr\/wp-json\/wp\/v2\/media?parent=349821"}],"wp:term":[{"taxonomy":"category","embeddable":true,"href":"https:\/\/www.europesays.com\/fr\/wp-json\/wp\/v2\/categories?post=349821"},{"taxonomy":"post_tag","embeddable":true,"href":"https:\/\/www.europesays.com\/fr\/wp-json\/wp\/v2\/tags?post=349821"}],"curies":[{"name":"wp","href":"https:\/\/api.w.org\/{rel}","templated":true}]}}