{"id":349823,"date":"2025-08-28T10:38:12","date_gmt":"2025-08-28T10:38:12","guid":{"rendered":"https:\/\/www.europesays.com\/fr\/349823\/"},"modified":"2025-08-28T10:38:12","modified_gmt":"2025-08-28T10:38:12","slug":"un-cambrioleur-retrouve-la-tete-dans-larmoire","status":"publish","type":"post","link":"https:\/\/www.europesays.com\/fr\/349823\/","title":{"rendered":"un cambrioleur retrouv\u00e9 \u00ab\u00a0la t\u00eate\u00a0dans\u00a0l&rsquo;armoire\u00a0\u00bb"},"content":{"rendered":"<p>            Par<br \/>\n        <strong><br \/>\n            <a href=\"https:\/\/actu.fr\/auteur\/amandine-mehl\" title=\"Consulter tous les articles de Amandine Mehl\" rel=\"nofollow noopener\" target=\"_blank\">Amandine Mehl<\/a><br \/>\n        <\/strong><\/p>\n<p>        Publi\u00e9 le<\/p>\n<p>            28 ao\u00fbt 2025 \u00e0 12h13        <\/p>\n<p>Il \u00e9tait un peu plus de 22h, mardi 26 ao\u00fbt 2025, lorsqu\u2019une femme domicili\u00e9e \u00e0 <strong>Nancy<\/strong> a constat\u00e9 qu\u2019un individu \u00e9tait en train de <strong>forcer sa porte d\u2019entr\u00e9e<\/strong>.<\/p>\n<p class=\" wall-content\">Apeur\u00e9e, <strong>elle est all\u00e9e se cacher<\/strong> et est parvenue \u00e0 contacter la <a href=\"https:\/\/actu.fr\/tag\/police\" rel=\"nofollow noopener\" target=\"_blank\">police<\/a> qui est intervenue sur les lieux.<\/p>\n<p>Le cambrioleur pensait que l\u2019habitation n\u2019\u00e9tait pas occup\u00e9e<\/p>\n<p class=\" wall-content\">Lorsque les forces de l\u2019ordre sont arriv\u00e9es, elles ont d\u00e9couvert le cambrioleur \u00ab\u00a0<strong>la t\u00eate dans l\u2019armoire<\/strong>\u00ab\u00a0. Interpell\u00e9 en flagrant d\u00e9lit, le quadrag\u00e9naire s\u2019\u00e9tait d\u00e9j\u00e0 servi au sein de l\u2019habitation. Des <strong>t\u00e9l\u00e9phones<\/strong> ont en effet \u00e9t\u00e9 retrouv\u00e9s dans ses poches.<\/p>\n<p class=\" wall-content\">Plac\u00e9 en garde \u00e0 vue, l\u2019individu a <strong>minimis\u00e9 les faits<\/strong>, s\u2019est dit surpris en apprenant qu\u2019une personne occupait les lieux et a expliqu\u00e9 qu\u2019il <strong>cherchait un endroit o\u00f9 dormir<\/strong>.\u00a0<\/p>\n<p class=\" wall-content\">Connu des services de police, le mis en cause devra r\u00e9pondre de ses actes dans le cadre d\u2019une <strong>comparution imm\u00e9diate<\/strong> pr\u00e9vue vendredi.<\/p>\n<p class=\" wall-content\">Personnalisez votre actualit\u00e9 en ajoutant vos villes et m\u00e9dias en favori avec <a href=\"https:\/\/moncompte.actu.fr\" title=\"D\u00e9couvez Mon Actu\" rel=\"nofollow noopener\" data-trk=\"{&quot;cta&quot;:{&quot;action&quot;:&quot;https:\\\/\\\/moncompte.actu.fr&quot;,&quot;category&quot;:&quot;mon compte&quot;,&quot;from&quot;:&quot;article footer&quot;,&quot;name&quot;:&quot;Mon actu&quot;,&quot;type&quot;:&quot;cta&quot;}}\" target=\"_blank\">Mon Actu<\/a>.<\/p>\n","protected":false},"excerpt":{"rendered":"Par Amandine Mehl Publi\u00e9 le 28 ao\u00fbt 2025 \u00e0 12h13 Il \u00e9tait un peu plus de 22h, mardi&hellip;\n","protected":false},"author":2,"featured_media":244498,"comment_status":"","ping_status":"","sticky":false,"template":"","format":"standard","meta":{"footnotes":""},"categories":[9635],"tags":[1111,11,1174,1777,674,118,1011,27,775,1702,12,1072,25],"class_list":{"0":"post-349823","1":"post","2":"type-post","3":"status-publish","4":"format-standard","5":"has-post-thumbnail","7":"category-nancy","8":"tag-actu","9":"tag-actualites","10":"tag-cambriolage","11":"tag-eu","12":"tag-europe","13":"tag-faits-divers","14":"tag-fr","15":"tag-france","16":"tag-grand-est","17":"tag-nancy","18":"tag-news","19":"tag-police","20":"tag-republique-francaise"},"share_on_mastodon":{"url":"https:\/\/pubeurope.com\/@fr\/115105962602609220","error":""},"_links":{"self":[{"href":"https:\/\/www.europesays.com\/fr\/wp-json\/wp\/v2\/posts\/349823","targetHints":{"allow":["GET"]}}],"collection":[{"href":"https:\/\/www.europesays.com\/fr\/wp-json\/wp\/v2\/posts"}],"about":[{"href":"https:\/\/www.europesays.com\/fr\/wp-json\/wp\/v2\/types\/post"}],"author":[{"embeddable":true,"href":"https:\/\/www.europesays.com\/fr\/wp-json\/wp\/v2\/users\/2"}],"replies":[{"embeddable":true,"href":"https:\/\/www.europesays.com\/fr\/wp-json\/wp\/v2\/comments?post=349823"}],"version-history":[{"count":0,"href":"https:\/\/www.europesays.com\/fr\/wp-json\/wp\/v2\/posts\/349823\/revisions"}],"wp:featuredmedia":[{"embeddable":true,"href":"https:\/\/www.europesays.com\/fr\/wp-json\/wp\/v2\/media\/244498"}],"wp:attachment":[{"href":"https:\/\/www.europesays.com\/fr\/wp-json\/wp\/v2\/media?parent=349823"}],"wp:term":[{"taxonomy":"category","embeddable":true,"href":"https:\/\/www.europesays.com\/fr\/wp-json\/wp\/v2\/categories?post=349823"},{"taxonomy":"post_tag","embeddable":true,"href":"https:\/\/www.europesays.com\/fr\/wp-json\/wp\/v2\/tags?post=349823"}],"curies":[{"name":"wp","href":"https:\/\/api.w.org\/{rel}","templated":true}]}}