{"id":349827,"date":"2025-08-28T10:41:13","date_gmt":"2025-08-28T10:41:13","guid":{"rendered":"https:\/\/www.europesays.com\/fr\/349827\/"},"modified":"2025-08-28T10:41:13","modified_gmt":"2025-08-28T10:41:13","slug":"gonfle-a-bloc-cest-un-mhb-ambitieux-qui-repart-au-combat","status":"publish","type":"post","link":"https:\/\/www.europesays.com\/fr\/349827\/","title":{"rendered":"gonfl\u00e9 \u00e0 bloc, c&rsquo;est un MHB ambitieux qui repart au combat"},"content":{"rendered":"<p>            Par<br \/>\n        <strong><br \/>\n            <a href=\"https:\/\/actu.fr\/auteur\/g-martin\" title=\"Consulter tous les articles de Gil Martin\" rel=\"nofollow noopener\" target=\"_blank\">Gil Martin<\/a><br \/>\n        <\/strong><\/p>\n<p>        Publi\u00e9 le<\/p>\n<p>            28 ao\u00fbt 2025 \u00e0 12h32        <\/p>\n<p>Le moral est au beau fixe du c\u00f4t\u00e9 du <strong>MHB.<\/strong> Le pr\u00e9sident du club, <strong>Julien Deljarry<\/strong>, a confirm\u00e9 ce mercredi 27 ao\u00fbt, lors de la traditionnelle conf\u00e9rence de rentr\u00e9e du handball, <strong>les ambitions<\/strong> d\u2019une \u00e9quipe qui entend bien surfer sur la dynamique g\u00e9n\u00e9r\u00e9e par la<strong> victoire hom\u00e9rique en coupe de France<\/strong> en mai dernier. Les gar\u00e7ons avaient battu l\u2019ogre parisien 36-35, renversant le PSG aux tirs au but.<\/p>\n<p>Ils ont rallum\u00e9 le feu !<\/p>\n<p class=\" wall-content\">De quoi rallumer le feu sacr\u00e9 dans les t\u00eates et le c\u0153urs, m\u00eame si le pr\u00e9sident montpelli\u00e9rain commence prudemment : \u00ab <strong>L\u2019\u00e9quipe sera diff\u00e9rente<\/strong> cette ann\u00e9e, avec pas moins de sept arriv\u00e9es, et je sais qu\u2019il faut du temps pour cr\u00e9er et mettre en place un collectif\u2026 Mais ces recrues vont nous apporter <strong>une sacr\u00e9e exp\u00e9rience<\/strong>\u00a0: nos sept nouveaux joueurs cumulent plus de 50 titres\u00a0! C\u2019est la premi\u00e8re fois depuis au moins dix ans que notre \u00e9quipe qui d\u00e9bute la saison a plus d\u2019exp\u00e9rience que l\u2019\u00e9quipe qui a boucl\u00e9 la saison pr\u00e9c\u00e9dente \u00bb, souligne Julien Deljarry.<\/p>\n<p>Le PSG et Nantes au menu estival<\/p>\n<p class=\" wall-content\">\u00ab\u00a0C\u2019est le r\u00f4le du coach, <strong>\u00c9rick Math\u00e9<\/strong>, de parvenir \u00e0 cr\u00e9er ce collectif mais nous sommes bien lanc\u00e9s : la pr\u00e9paration est bonne, nous serons comp\u00e9titifs \u00bb, assure le pr\u00e9sident <strong>qui vise haut,<\/strong> \u00e9galement confort\u00e9 dans ses ambitions par un r\u00e9cent match de r\u00e9f\u00e9rence : en amical, cet \u00e9t\u00e9, le MHB a battu l\u2019un de ses principaux adversaires, Nantes, \u00ab la premi\u00e8re victoire contre cette \u00e9quipe depuis 2019 \u00bb, souligne-t-il : \u00ab Et ce week-end, \u00e0 Paris, <strong>nous allons d\u00e9fier le PSG<\/strong> pour le troph\u00e9e des champions. Ce match sera un autre marqueur fort \u00bb.<\/p>\n<p>    <img   decoding=\"async\" loading=\"lazy\" src=\"https:\/\/www.europesays.com\/fr\/wp-content\/uploads\/2025\/08\/photo-mhb-erick-mathe-960x640.jpg\" alt=\"Le coach Erick Math\u00e9 assure que la pr\u00e9paration, ponctu\u00e9e d'une victoire en amical contre Nantes, pr\u00e9figure un groupe talentueux et combatif\" width=\"960\" height=\"640\"\/><br \/>\n    Le coach Erick Math\u00e9 assure que la pr\u00e9paration, ponctu\u00e9e d\u2019une victoire en amical contre Nantes, pr\u00e9figure un groupe talentueux et combatif (\u00a9MHB)<\/p>\n<blockquote class=\"ac-article-quote wall-content\">\n<p>\u00ab\u00a0On va jouer le titre jusqu\u2019au bout et on doit aller chercher la Ligue des Champions\u00a0\u00bb<\/p>\n<p>    <strong>Julien Deljarry<\/strong><br \/>\n        Pr\u00e9sident du MHB    <\/p><\/blockquote>\n<p>Vid\u00e9os : en ce moment sur Actu<\/p>\n<p class=\" wall-content\">Boost\u00e9 par ces r\u00e9sultats, \u00ab\u00a0dont bien s\u00fbr la victoire en coupe de France, <strong>le premier troph\u00e9e remport\u00e9 depuis 2018<\/strong> et mon premier en tant que pr\u00e9sident \u00bb, savoure julien Deljarry, le MHB avance donc la t\u00eate haute pour voir loin. Apr\u00e8s avoir rouvert l\u2019armoire \u00e0 troph\u00e9e, le club n\u2019a pas l\u2019intention de la refermer de sit\u00f4t. \u00ab Je le rappelle, la saison derni\u00e8re a \u00e9t\u00e9 <strong>une tr\u00e8s belle saison<\/strong> pour nos gar\u00e7ons. Nous nous sommes battus jusqu\u2019au bout pour gagner un titre et nous comptons bien faire <strong>la m\u00eame chose cette ann\u00e9e<\/strong> \u00bb.<\/p>\n<p>    <a href=\"https:\/\/www.google.com\/maps\/embed?pb=!1m18!1m12!1m3!1d2887.48701839449!2d3.8718358756711977!3d43.63803477110286!2m3!1f0!2f0!3f0!3m2!1i1024!2i768!4f13.1!3m3!1m2!1s0x12b6af256f986e0f%3A0xaaefaa5293be1593!2sFDI%20Stadium!5e0!3m2!1sfr!2sfr!4v1756408704727!5m2!1sfr!2sfr\" title=\"Ouvrie le lien\" rel=\"nofollow noopener\" target=\"_blank\">Cliquez ici pour visualiser le contenu<\/a><\/p>\n<p>Votre r\u00e9gion, votre actu !<\/p>\n<p>Recevez chaque jour les infos qui comptent pour vous.<\/p>\n<p>\t<a href=\"https:\/\/actu.fr\/newsletter\" class=\"ac-btn ac-btn--corner ac-btn--medium ac-btn--blue800\" rel=\"nofollow noopener\" target=\"_blank\">S&rsquo;incrire<\/a><br \/>\nLes deux derniers matchs \u00e0 domicile<\/p>\n<p class=\" wall-content\">Le MHB annonce la couleur\u00a0: <strong>il veut \u00eatre champion de France en 2026<\/strong>. Et si le championnat s\u2019annonce serr\u00e9 et se joue sur quelques points, le final pourrait \u00eatre <strong>grandiose<\/strong> pour le MHB avec deux derniers matchs \u00e0 domicile\u00a0\u00e0 la Sud de France Arena\u00a0: <strong>contre Toulouse le mardi 2 juin et N\u00eemes le samedi 6 juin\u00a0!<\/strong> \u00ab\u00a0Nous avons termin\u00e9 deux saisons d\u2019affil\u00e9e \u00e0 la 3\u00e8me place, dont la derni\u00e8re. Notre objectif, c\u2019est que nous ne finissions pas encore \u00e0 la 3\u00e8me place en 2026. On va jouer le titre jusqu\u2019au bout et on doit aller <strong>chercher la Ligue des Champions.<\/strong> \u00bb<\/p>\n<p>\u00ab\u00a0Pr\u00eats pour une belle saison\u00a0\u00bb<\/p>\n<p class=\" wall-content\">Voil\u00e0, c\u2019est dit. Dans ce projet, les plan\u00e8tes semblent align\u00e9es, <strong>comme dans un sc\u00e9nario hollywoodien,<\/strong> pour que cette saison soit celle d\u2019un MHB plus que jamais combattif qui entend ramener <strong>un 15\u00e8me titre national<\/strong> dans l\u2019H\u00e9rault. Un discours ambitieux partag\u00e9e par le coach. \u00ab La pr\u00e9paration est bonne, on est bien, nous travaillons <strong>sur la coh\u00e9sion de ce nouveau groupe<\/strong> et de ce que je vois, nous sommes dans les clous\u00a0\u00bb, confirme \u00c9rick Math\u00e9. \u00ab\u00a0On se sent pr\u00eats pour une belle saison. On doit en effet profiter de la dynamique de la saison pass\u00e9e (victoire en coupe de France, 3\u00e8me du championnat, Final Four europ\u00e9en) pour continuer, pour pousser. L\u2019envie <strong>de figurer au plus haut<\/strong> dans toutes les comp\u00e9titions est l\u00e0\u00a0\u00bb.<\/p>\n<p>    <img   decoding=\"async\" loading=\"lazy\" src=\"https:\/\/www.europesays.com\/fr\/wp-content\/uploads\/2025\/08\/photo-mhb-valentin-porte-960x640.jpg\" alt=\"Le capitaine Valentin Porte, apr\u00e8s la coupe de France, veut jouer le titre national et retrouver la Ligue des Champions\" width=\"960\" height=\"640\"\/><br \/>\n    Le capitaine Valentin Porte, apr\u00e8s la coupe de France, veut jouer le titre national et retrouver la Ligue des Champions (\u00a9MHB)<\/p>\n<blockquote class=\"ac-article-quote wall-content\">\n<p>\u00ab\u00a0Ce qui se d\u00e9gage le plus de cette pr\u00e9paration, pour moi, c\u2019est l\u2019homog\u00e9n\u00e9it\u00e9 des gar\u00e7ons sur tous les postes\u00a0\u00bb<\/p>\n<p>    <strong>\u00c9rick Math\u00e9<\/strong><br \/>\n        coach du MHB    <\/p><\/blockquote>\n<p class=\" wall-content\">Le coach estime que l\u2019\u00e9quipe<strong> a aussi progress\u00e9 psychologiquement<\/strong>\u00a0: \u00ab\u00a0Mon pr\u00e9d\u00e9cesseur, Patrice Canayer, avait expliqu\u00e9 que le MHB peinait \u00e0 aller jusqu\u2019au bout des comp\u00e9titions \u00e0 cause d\u2019une sorte de blocage mental\u2026 Mais la victoire en coupe de France contre le PSG a confirm\u00e9 qu\u2019il n\u2019y a pas d\u2019\u00e9quipes invincibles. Cette victoire a fait du bien \u00e0 tout le monde, elle a remis les comp\u00e9titeurs que nous sommes dans un autre registre. <strong>S\u2019il y avait des barri\u00e8res, elles ont saut\u00e9\u00a0<\/strong>\u00bb.<\/p>\n<p>Le collectif avant tout<\/p>\n<p class=\" wall-content\">\u00c9rick Math\u00e9 est confiant\u00a0: \u00ab\u00a0Nous avons <strong>un tr\u00e8s bel effectif<\/strong>, et le pr\u00e9sident a veill\u00e9 \u00e0 recruter des joueurs dont les valeurs correspondent \u00e0 celle du MHB\u2026 Ce qui se d\u00e9gage le plus de cette pr\u00e9paration, pour moi, <strong>c\u2019est l\u2019homog\u00e9n\u00e9it\u00e9 des gar\u00e7ons<\/strong> sur tous les postes qui sont doubl\u00e9s\u2026 <strong>Si nous devons gagner, ce sera gr\u00e2ce \u00e0 ce collectif\u00a0<\/strong>\u00bb.<\/p>\n<p class=\" wall-content\">Voil\u00e0 la Liqui Moly Starligue pr\u00e9venue : pour le MHB, la coupe, fut-elle de France, n\u2019est pas encore encore pleine. Le club compte bien s\u2019offrir un final en apoth\u00e9ose en juin prochain \u00e0 l\u2019Arena Sud de France.<\/p>\n<p><img decoding=\"async\" src=\"https:\/\/www.europesays.com\/fr\/wp-content\/uploads\/2025\/08\/photo-mhb-arthur-lenne-1-640x427.jpg\" alt=\"\" width=\"640\" height=\"427\" loading=\"lazy\"\/>La rent\u00e9e du MHB, c&rsquo;est aussi :<\/p>\n<p>Arthur Lenne jusqu\u2019en 2029<br \/>Le pivot du MHB prend du grade. Le joueur form\u00e9 localement a prolong\u00e9 son contrat jusqu\u2019en 2029 mais a aussi b\u00e9n\u00e9fici\u00e9 d\u2019une belle promotion. \u00c9rick Math\u00e9 a fait de l\u2019espoir montpelli\u00e9rain son nouveau vice-capitaine. \u00ab Arthur repr\u00e9sente tr\u00e8s bien les valeurs du MHB\u00a0et il incarne aussi son avenir \u00bb, confie le capitaine de l\u2019\u00e9quipe Valentin Porte\u00a0:\u00a0\u00ab\u00a0C\u2019est un jeune joueur encore mais \u00e0 la maturit\u00e9 impressionnante et ses qualit\u00e9s naturelles lui ont permis de s\u2019exprimer dans le vestiaire o\u00f9 il a pris beaucoup d\u2019importance. Le choix d\u2019Erick a fait l\u2019unanimit\u00e9\u00a0: Arthur montre l\u2019exemple\u00a0\u00bb.<\/p>\n<p>La nouvelle salle en discussion<br \/>Quid de la fameuse \u00ab\u00a0nouvelle salle\u00a0\u00bb du MHB\u00a0? Comme le nouveau stade du MHSC, la question de nouvelle enceinte est devenue un vrai serpent de mer. \u00ab\u00a0Les discussions avec la Ville et la M\u00e9tropole se poursuivent, nous nous rencontrerons la semaine prochaine\u00a0\u00bb, temp\u00e8re Julien Deljarry\u00a0: \u00ab\u00a0Nouvelle salle, agrandissement du FDI Stadium, nous verrons quelles solutions sont envisageables, mais il est clair que nous ne bougerons pas avant au moins 2030\u00a0\u00bb.<\/p>\n<p class=\" wall-content\">.<\/p>\n<p class=\" wall-content\">Personnalisez votre actualit\u00e9 en ajoutant vos villes et m\u00e9dias en favori avec <a href=\"https:\/\/moncompte.actu.fr\" title=\"D\u00e9couvez Mon Actu\" rel=\"nofollow noopener\" data-trk=\"{&quot;cta&quot;:{&quot;action&quot;:&quot;https:\\\/\\\/moncompte.actu.fr&quot;,&quot;category&quot;:&quot;mon compte&quot;,&quot;from&quot;:&quot;article footer&quot;,&quot;name&quot;:&quot;Mon actu&quot;,&quot;type&quot;:&quot;cta&quot;}}\" target=\"_blank\">Mon Actu<\/a>.<\/p>\n","protected":false},"excerpt":{"rendered":"Par Gil Martin Publi\u00e9 le 28 ao\u00fbt 2025 \u00e0 12h32 Le moral est au beau fixe du c\u00f4t\u00e9&hellip;\n","protected":false},"author":2,"featured_media":349828,"comment_status":"","ping_status":"","sticky":false,"template":"","format":"standard","meta":{"footnotes":""},"categories":[9599],"tags":[1111,11,1777,674,1011,27,1792,2208,12,2680,25,60],"class_list":{"0":"post-349827","1":"post","2":"type-post","3":"status-publish","4":"format-standard","5":"has-post-thumbnail","7":"category-montpellier","8":"tag-actu","9":"tag-actualites","10":"tag-eu","11":"tag-europe","12":"tag-fr","13":"tag-france","14":"tag-handball","15":"tag-montpellier","16":"tag-news","17":"tag-occitanie","18":"tag-republique-francaise","19":"tag-sports"},"share_on_mastodon":{"url":"https:\/\/pubeurope.com\/@fr\/115105974954794896","error":""},"_links":{"self":[{"href":"https:\/\/www.europesays.com\/fr\/wp-json\/wp\/v2\/posts\/349827","targetHints":{"allow":["GET"]}}],"collection":[{"href":"https:\/\/www.europesays.com\/fr\/wp-json\/wp\/v2\/posts"}],"about":[{"href":"https:\/\/www.europesays.com\/fr\/wp-json\/wp\/v2\/types\/post"}],"author":[{"embeddable":true,"href":"https:\/\/www.europesays.com\/fr\/wp-json\/wp\/v2\/users\/2"}],"replies":[{"embeddable":true,"href":"https:\/\/www.europesays.com\/fr\/wp-json\/wp\/v2\/comments?post=349827"}],"version-history":[{"count":0,"href":"https:\/\/www.europesays.com\/fr\/wp-json\/wp\/v2\/posts\/349827\/revisions"}],"wp:featuredmedia":[{"embeddable":true,"href":"https:\/\/www.europesays.com\/fr\/wp-json\/wp\/v2\/media\/349828"}],"wp:attachment":[{"href":"https:\/\/www.europesays.com\/fr\/wp-json\/wp\/v2\/media?parent=349827"}],"wp:term":[{"taxonomy":"category","embeddable":true,"href":"https:\/\/www.europesays.com\/fr\/wp-json\/wp\/v2\/categories?post=349827"},{"taxonomy":"post_tag","embeddable":true,"href":"https:\/\/www.europesays.com\/fr\/wp-json\/wp\/v2\/tags?post=349827"}],"curies":[{"name":"wp","href":"https:\/\/api.w.org\/{rel}","templated":true}]}}