{"id":349831,"date":"2025-08-28T10:43:09","date_gmt":"2025-08-28T10:43:09","guid":{"rendered":"https:\/\/www.europesays.com\/fr\/349831\/"},"modified":"2025-08-28T10:43:09","modified_gmt":"2025-08-28T10:43:09","slug":"que-sest-il-passe-ce-matin-au-palais-de-justice-de-rouen","status":"publish","type":"post","link":"https:\/\/www.europesays.com\/fr\/349831\/","title":{"rendered":"que s&rsquo;est-il pass\u00e9 ce matin au palais de justice de Rouen\u00a0?"},"content":{"rendered":"<p>            Par<br \/>\n        <strong><br \/>\n            <a href=\"https:\/\/actu.fr\/auteur\/eaube\" title=\"Consulter tous les articles de Elo\u00efse Aub\u00e9\" rel=\"nofollow noopener\" target=\"_blank\">Elo\u00efse Aub\u00e9<\/a><br \/>\n        <\/strong><\/p>\n<p>        Publi\u00e9 le<\/p>\n<p>            28 ao\u00fbt 2025 \u00e0 11h54        <\/p>\n<p>Les riverains l\u2019ont sans doute remarqu\u00e9. Ce jeudi 28\u00a0ao\u00fbt 2025 dans la matin\u00e9e, de <strong>nombreux pompiers<\/strong> \u00e9taient pr\u00e9sents pr\u00e8s du <strong>palais de justice<\/strong> de <a href=\"https:\/\/www.tiktok.com\/@76actu.fr?lang=fr\" rel=\"nofollow noopener\" target=\"_blank\">Rouen (Seine-Maritime)<\/a>. Notre journaliste sur place confirme d\u2019ailleurs l\u2019<strong>\u00e9vacuation des lieux et une odeur de fum\u00e9e<\/strong>.<\/p>\n<p>Que s\u2019est-il pass\u00e9\u2009?<\/p>\n<p class=\" wall-content\">Il s\u2019agissait en r\u00e9alit\u00e9 d\u2019un <strong>exercice<\/strong> comme l\u2019a confirm\u00e9 le SDIS (Service D\u00e9partemental d\u2019Incendie et de Secours). Ce n\u2019est pas la premi\u00e8re fois que les pompiers s\u2019entra\u00eenent dans des conditions r\u00e9elles afin de parfaire leurs interventions et de parer \u00e0 toutes les \u00e9ventualit\u00e9s.<\/p>\n<p class=\" wall-content\">\u00c0 titre d\u2019exemple, en octobre\u00a02024, un exercice \u00ab\u2009grandeur nature\u2009\u00bb avait \u00e9t\u00e9 orchestr\u00e9 \u00e0 la <a href=\"https:\/\/actu.fr\/normandie\/rouen_76540\/des-pompiers-a-la-cathedrale-de-rouen-pas-de-panique-c-est-un-exercice_61762323.html\" rel=\"nofollow noopener\" target=\"_blank\">cath\u00e9drale de Rouen<\/a>.<\/p>\n<p>Suivez l\u2019actualit\u00e9 de Rouen sur notre <a href=\"https:\/\/www.whatsapp.com\/channel\/0029VaKfnf99hXF2ddApFB1D\" rel=\"nofollow noopener\" target=\"_blank\">cha\u00eene WhatsApp<\/a> et sur notre <a href=\"https:\/\/www.tiktok.com\/@76actu.fr?lang=fr\" rel=\"nofollow noopener\" target=\"_blank\">compte TikTok<\/a><\/p>\n<p class=\" wall-content\">Personnalisez votre actualit\u00e9 en ajoutant vos villes et m\u00e9dias en favori avec <a href=\"https:\/\/moncompte.actu.fr\" title=\"D\u00e9couvez Mon Actu\" rel=\"nofollow noopener\" data-trk=\"{&quot;cta&quot;:{&quot;action&quot;:&quot;https:\\\/\\\/moncompte.actu.fr&quot;,&quot;category&quot;:&quot;mon compte&quot;,&quot;from&quot;:&quot;article footer&quot;,&quot;name&quot;:&quot;Mon actu&quot;,&quot;type&quot;:&quot;cta&quot;}}\" target=\"_blank\">Mon Actu<\/a>.<\/p>\n<p>                    <script async src=\"\/\/www.tiktok.com\/embed.js\"><\/script><\/p>\n","protected":false},"excerpt":{"rendered":"Par Elo\u00efse Aub\u00e9 Publi\u00e9 le 28 ao\u00fbt 2025 \u00e0 11h54 Les riverains l\u2019ont sans doute remarqu\u00e9. Ce jeudi&hellip;\n","protected":false},"author":2,"featured_media":349832,"comment_status":"","ping_status":"","sticky":false,"template":"","format":"standard","meta":{"footnotes":""},"categories":[9587],"tags":[1111,11,1777,674,118,1011,27,1310,12,5161,1311,25,9590],"class_list":{"0":"post-349831","1":"post","2":"type-post","3":"status-publish","4":"format-standard","5":"has-post-thumbnail","7":"category-rouen","8":"tag-actu","9":"tag-actualites","10":"tag-eu","11":"tag-europe","12":"tag-faits-divers","13":"tag-fr","14":"tag-france","15":"tag-incendie","16":"tag-news","17":"tag-normandie","18":"tag-pompiers","19":"tag-republique-francaise","20":"tag-rouen"},"share_on_mastodon":{"url":"https:\/\/pubeurope.com\/@fr\/115105982419309999","error":""},"_links":{"self":[{"href":"https:\/\/www.europesays.com\/fr\/wp-json\/wp\/v2\/posts\/349831","targetHints":{"allow":["GET"]}}],"collection":[{"href":"https:\/\/www.europesays.com\/fr\/wp-json\/wp\/v2\/posts"}],"about":[{"href":"https:\/\/www.europesays.com\/fr\/wp-json\/wp\/v2\/types\/post"}],"author":[{"embeddable":true,"href":"https:\/\/www.europesays.com\/fr\/wp-json\/wp\/v2\/users\/2"}],"replies":[{"embeddable":true,"href":"https:\/\/www.europesays.com\/fr\/wp-json\/wp\/v2\/comments?post=349831"}],"version-history":[{"count":0,"href":"https:\/\/www.europesays.com\/fr\/wp-json\/wp\/v2\/posts\/349831\/revisions"}],"wp:featuredmedia":[{"embeddable":true,"href":"https:\/\/www.europesays.com\/fr\/wp-json\/wp\/v2\/media\/349832"}],"wp:attachment":[{"href":"https:\/\/www.europesays.com\/fr\/wp-json\/wp\/v2\/media?parent=349831"}],"wp:term":[{"taxonomy":"category","embeddable":true,"href":"https:\/\/www.europesays.com\/fr\/wp-json\/wp\/v2\/categories?post=349831"},{"taxonomy":"post_tag","embeddable":true,"href":"https:\/\/www.europesays.com\/fr\/wp-json\/wp\/v2\/tags?post=349831"}],"curies":[{"name":"wp","href":"https:\/\/api.w.org\/{rel}","templated":true}]}}