{"id":349833,"date":"2025-08-28T10:44:17","date_gmt":"2025-08-28T10:44:17","guid":{"rendered":"https:\/\/www.europesays.com\/fr\/349833\/"},"modified":"2025-08-28T10:44:17","modified_gmt":"2025-08-28T10:44:17","slug":"a-rouen-les-jeunes-embarquent-gratuitement-a-partir-de-la-rentree","status":"publish","type":"post","link":"https:\/\/www.europesays.com\/fr\/349833\/","title":{"rendered":"\u00c0 Rouen, les jeunes embarquent gratuitement \u00e0 partir de la rentr\u00e9e"},"content":{"rendered":"<p class=\"paragraph text_align_left lp-f-body-02\">C\u2019est fois, c\u2019est parti. <a href=\"https:\/\/www.leparisien.fr\/seine-maritime-76\/la-metropole-de-rouen-vote-sur-la-gratuite-des-transports-en-commun-pour-les-moins-de-18-ans-30-06-2025-ZVJUANLFWFESPIAWR7VW6EZGRM.php\" target=\"_blank\" rel=\"noreferrer noopener\">Apr\u00e8s que la mesure a \u00e9t\u00e9 vot\u00e9e fin juin<\/a>, les mineurs de la M\u00e9tropole Rouen Normandie et d\u2019ailleurs pourront monter gratuitement dans tous les transports en commun du R\u00e9seau Astuce, \u00e0 partir de ce lundi 1er septembre 2025.<\/p>\n<p class=\"paragraph text_align_left lp-f-body-02\">C\u2019est une nouvelle \u00e9tape du programme social-\u00e9cologique men\u00e9 depuis 2020 par la majorit\u00e9 du pr\u00e9sident de la m\u00e9tropole et maire (PS) de Rouen (Seine-Maritime), Nicolas Mayer Rossignol, qui voulait mettre en place une \u00ab gratuit\u00e9 partielle et progressive \u00bb, \u00e0 commencer par <a href=\"https:\/\/www.leparisien.fr\/economie\/la-metropole-de-rouen-va-tester-les-transports-en-commun-gratuits-le-samedi-29-07-2020-8360247.php\" target=\"_blank\" rel=\"noreferrer noopener\">la gratuit\u00e9 les samedis<\/a>, puis lors des pics de pollution et des grands \u00e9v\u00e9nements.<\/p>\n<p class=\"paragraph text_align_left lp-f-body-02\">Lors d\u2019un moment festif avec tambours et trompettes, ce mercredi 27 ao\u00fbt pr\u00e8s du Th\u00e9\u00e2tre des Arts, l\u2019\u00e9lu rouennais a confirm\u00e9 que toutes les personnes \u00e2g\u00e9es de moins de 18 ans b\u00e9n\u00e9ficieront de la gratuit\u00e9 des transports en commun \u00ab tout le temps et autant de fois qu\u2019ils le veulent \u00bb. \u00ab C\u2019est la M\u00e9tropole Rouen Normandie qui prend le co\u00fbt en charge dans ses finances ce qui repr\u00e9sente plusieurs millions d\u2019euros (4,3 millions d\u2019euros, NDLR). Aujourd\u2019hui, cela touche 25 000 enfants \u00bb, chiffre-t-il.<\/p>\n<p class=\"paragraph text_align_left lp-f-body-02\"><a href=\"https:\/\/www.leparisien.fr\/environnement\/a-rouen-le-samedi-les-transports-sont-gratuits-mais-il-faut-valider-22-01-2021-8420648.php\" target=\"_blank\" rel=\"noreferrer noopener\">Il sera toujours n\u00e9cessaire d\u2019avoir une carte Astuce pour circuler<\/a>. En effet, pour garantir un bon suivi de la fr\u00e9quentation sur le r\u00e9seau, simplifier les contr\u00f4les et \u00e9viter les fraudes, le mineur devra valider son titre de transport \u00e0 chaque embarquement. Un titre qui, comme pr\u00e9c\u00e9demment, est disponible via une carte magn\u00e9tique ou sur smartphone, avec un abonnement annuel ou bien un titre valable 7 jours pour les voyageurs occasionnels. Pour en b\u00e9n\u00e9ficier, les familles peuvent d\u00e9sormais se rendre dans une agence R\u00e9seau astuce, ou bien sur le site et l\u2019application My astuce.<\/p>\n<p class=\"paragraph text_align_left lp-f-body-02\">La mesure \u00e9tait attendue des principaux int\u00e9ress\u00e9s, mais surtout par leurs parents. \u00ab Nous utilisons le bus et le m\u00e9tro pour aller en cours, au cin\u00e9 ou sortir en ville avec les copains. On peut se d\u00e9placer comme on le d\u00e9sire, tous les jours sur toutes les lignes. Aujourd\u2019hui, ce sont nos parents qui payent. Alors, cette d\u00e9cision est bien pour eux, car finalement pour nous, cela ne va pas changer grand-chose \u00bb, confirment C\u00e9lestin, Yanis et Ethan, trois amis \u00e2g\u00e9s de 16 ans.<\/p>\n<p>Des b\u00e9n\u00e9fices pour la sant\u00e9 publique<\/p>\n<p class=\"paragraph text_align_left lp-f-body-02\">Alors que le r\u00e9seau g\u00e9n\u00e8re des recettes annuelles de 31 millions d\u2019euros, \u00ab le manque \u00e0 gagner est compens\u00e9 par des b\u00e9n\u00e9fices sociaux, \u00e9conomiques et environnementaux \u00bb, selon la M\u00e9tropole Rouen Normandie. Cyrille Moreau, vice-pr\u00e9sident de la collectivit\u00e9 en charge des transports, des mobilit\u00e9s d\u2019avenir et des modes actifs de d\u00e9placement, d\u00e9fend ainsi la mesure sur le plan de la sant\u00e9 publique : \u00ab 400 personnes meurent \u00e0 cause de la pollution par an sur le territoire, qu\u2019elle soit provoqu\u00e9e par les industries, l\u2019agriculture et, principalement, l\u2019activit\u00e9 routi\u00e8re. Donc, au-del\u00e0 de la perte inestimable des personnes, on \u00e9vite des co\u00fbts pour la soci\u00e9t\u00e9. \u00bb<\/p>\n<p class=\"paragraph text_align_left lp-f-body-02\">\u00ab Nous avons d\u00e9j\u00e0 beaucoup <a href=\"https:\/\/www.leparisien.fr\/seine-maritime-76\/qualite-de-lair-respire-t-on-vraiment-mieux-a-rouen-17-09-2024-S2RMAA46MBGKRLBLM3ELN76GQI.php\" target=\"_blank\" rel=\"noreferrer noopener\">baiss\u00e9 la pollution dans le centre urbain<\/a> \u00bb, pointe-t-il encore. \u00ab Nous sommes pass\u00e9s de l\u2019indicateur OMS 40 \u00e0 20 et notre objectif est d\u2019atteindre 10. Alors, cette gratuit\u00e9 est un petit \u00e9l\u00e9ment dans un ensemble de mesures pour am\u00e9liorer la qualit\u00e9 de l\u2019air. \u00bb<\/p>\n<p class=\"paragraph text_align_left lp-f-body-02\">Sur l\u2019aspect \u00e9conomique et social, l\u2019\u00e9lu met en avant \u00ab l\u2019augmentation du restant \u00e0 vivre pour les familles et surtout monoparentales. C\u2019est redonner de l\u2019oxyg\u00e9nation \u00e0 court terme. \u00c0 long terme, les jeunes qui auront voyag\u00e9 gratuitement, on esp\u00e8re qu\u2019une grande partie d\u2019entre eux continueront \u00e0 utiliser les transports en commun et le v\u00e9lo. Ce sera bon pour leur sant\u00e9, leur porte-monnaie et la plan\u00e8te. Et puis, dans cette p\u00e9riode compliqu\u00e9e, agir sur le budget mobilit\u00e9, c\u2019est redonner une respiration \u00e9conomique. \u00bb<\/p>\n<p>Prochaine \u00e9tape : la tarification solidaire<\/p>\n<p class=\"paragraph text_align_left lp-f-body-02\">Mais alors, pourquoi ne pas passer \u00e0 la gratuit\u00e9 pour tous ? \u00ab Parce qu\u2019il reste 27 millions d\u2019euros \u00e0 financer qu\u2019on n\u2019a pas \u00bb, tranche l\u2019\u00e9lu de la m\u00e9tropole. \u00ab Et, avec <a href=\"https:\/\/www.leparisien.fr\/herault-34\/gratuite-des-transports-en-commun-un-an-apres-montpellier-enregistre-un-tiers-dusagers-supplementaires-20-12-2024-3PQDORZ42JCPPHBJSVHOOD4GXY.php\" target=\"_blank\" rel=\"noreferrer noopener\">20 \u00e0 30 % de fr\u00e9quentation suppl\u00e9mentaire en cas de gratuit\u00e9<\/a>, il faudrait des moyens en plus. On estime que la gratuit\u00e9 totale co\u00fbterait entre 50 \u00e0 60 millions d\u2019euros par an. C\u2019est impossible dans la conjoncture actuelle. \u00bb<\/p>\n<p class=\"paragraph text_align_left lp-f-body-02\">La prochaine \u00e9tape sera donc plut\u00f4t celle de \u00ab la tarification solidaire \u00bb, annonce Cyrille Moreau. Les b\u00e9n\u00e9ficiaires adultes ne seraient plus pris en compte par leur statut de retrait\u00e9, ch\u00f4meur ou \u00e9tudiant, mais par leurs revenus.<\/p>\n<p class=\"paragraph text_align_left lp-f-body-02\">\u00ab Il n\u2019y aura plus qu\u2019une cat\u00e9gorie, avec des tranches de revenus dont la premi\u00e8re sera gratuite. Ainsi, des travailleurs dits pauvres ne paieront peut-\u00eatre plus les transports en commun, alors qu\u2019un cadre sup\u00e9rieur au ch\u00f4mage le paiera \u00bb, d\u00e9veloppe-t-il. \u00ab On esp\u00e8re mettre cela en place rapidement. Et, si le contexte \u00e9conomique le permet, nous passerons aussi \u00e0 la gratuit\u00e9 pour les moins de 26 ans, une cat\u00e9gorie fragile. \u00bb<\/p>\n","protected":false},"excerpt":{"rendered":"C\u2019est fois, c\u2019est parti. Apr\u00e8s que la mesure a \u00e9t\u00e9 vot\u00e9e fin juin, les mineurs de la M\u00e9tropole&hellip;\n","protected":false},"author":2,"featured_media":349834,"comment_status":"","ping_status":"","sticky":false,"template":"","format":"standard","meta":{"footnotes":""},"categories":[9587],"tags":[1111,11,459,1777,674,1011,27,12,5161,25,9590,11074,104],"class_list":{"0":"post-349833","1":"post","2":"type-post","3":"status-publish","4":"format-standard","5":"has-post-thumbnail","7":"category-rouen","8":"tag-actu","9":"tag-actualites","10":"tag-departements-horsidfo","11":"tag-eu","12":"tag-europe","13":"tag-fr","14":"tag-france","15":"tag-news","16":"tag-normandie","17":"tag-republique-francaise","18":"tag-rouen","19":"tag-seine-maritime-76","20":"tag-societe"},"share_on_mastodon":{"url":"https:\/\/pubeurope.com\/@fr\/115105986654513689","error":""},"_links":{"self":[{"href":"https:\/\/www.europesays.com\/fr\/wp-json\/wp\/v2\/posts\/349833","targetHints":{"allow":["GET"]}}],"collection":[{"href":"https:\/\/www.europesays.com\/fr\/wp-json\/wp\/v2\/posts"}],"about":[{"href":"https:\/\/www.europesays.com\/fr\/wp-json\/wp\/v2\/types\/post"}],"author":[{"embeddable":true,"href":"https:\/\/www.europesays.com\/fr\/wp-json\/wp\/v2\/users\/2"}],"replies":[{"embeddable":true,"href":"https:\/\/www.europesays.com\/fr\/wp-json\/wp\/v2\/comments?post=349833"}],"version-history":[{"count":0,"href":"https:\/\/www.europesays.com\/fr\/wp-json\/wp\/v2\/posts\/349833\/revisions"}],"wp:featuredmedia":[{"embeddable":true,"href":"https:\/\/www.europesays.com\/fr\/wp-json\/wp\/v2\/media\/349834"}],"wp:attachment":[{"href":"https:\/\/www.europesays.com\/fr\/wp-json\/wp\/v2\/media?parent=349833"}],"wp:term":[{"taxonomy":"category","embeddable":true,"href":"https:\/\/www.europesays.com\/fr\/wp-json\/wp\/v2\/categories?post=349833"},{"taxonomy":"post_tag","embeddable":true,"href":"https:\/\/www.europesays.com\/fr\/wp-json\/wp\/v2\/tags?post=349833"}],"curies":[{"name":"wp","href":"https:\/\/api.w.org\/{rel}","templated":true}]}}