{"id":349835,"date":"2025-08-28T10:45:13","date_gmt":"2025-08-28T10:45:13","guid":{"rendered":"https:\/\/www.europesays.com\/fr\/349835\/"},"modified":"2025-08-28T10:45:13","modified_gmt":"2025-08-28T10:45:13","slug":"5-questions-a-martial-mermillod-echosciences","status":"publish","type":"post","link":"https:\/\/www.europesays.com\/fr\/349835\/","title":{"rendered":"5 questions \u00e0&#8230; Martial Mermillod | ECHOSCIENCES"},"content":{"rendered":"<p data-end=\"430\" data-start=\"122\">\u00c0 travers cette s\u00e9rie, nous mettons en lumi\u00e8re les chercheurs et chercheuses qui participent \u00e0 la F\u00eate de la science 2025 en Is\u00e8re. L\u2019objectif : d\u00e9couvrir leur parcours, comprendre leur m\u00e9tier et mieux appr\u00e9hender les enjeux de leurs recherches.<\/p>\n<p data-start=\"432\" data-end=\"834\">Suite de la s\u00e9rie avec <b>Martial Mermillod<\/b>, Professeur des universit\u00e9s, Directeur du <a href=\"https:\/\/lpnc.univ-grenoble-alpes.fr\/fr\" target=\"_blank\" rel=\"nofollow noopener\">Laboratoire de Psychologie et NeuroCognition<\/a>\ufeff (LPNC).<\/p>\n<p data-end=\"834\" data-start=\"432\"><a href=\"https:\/\/www.echosciences-grenoble.fr\/communautes\/fete-de-la-science-en-isere\/dossiers\/fete-de-la-science-2025-en-isere-intelligence-s\" rel=\"nofollow noopener\" target=\"_blank\">Retrouvez toutes les informations sur la F\u00eate de la science 2025 en Is\u00e8re<\/a>\u00a0<\/p>\n<p>1. Qu\u2019est-ce qui vous a donn\u00e9 envie de faire de la recherche ?<\/p>\n<p>Une curiosit\u00e9 inlassable pour l\u2019intelligence&#8230; mais aussi pour la b\u00eatise des humains.<\/p>\n<p>2. Sur quoi portent vos recherches en ce moment ?<\/p>\n<p>Je travaille sur la transition \u00e9cologique, le vieillissement cognitif normal ou pathologique et l\u2019intelligence artificielle dans l&rsquo;approche \u00ab <a href=\"https:\/\/fr.wikipedia.org\/wiki\/One_Health\" target=\"_blank\" rel=\"nofollow noopener\">One Health<\/a>\ufeff \u00bb [ndlr : la sant\u00e9 \u00e0 l\u2019interface entre celle des animaux, des humains de leur environnement, \u00e0 l\u2019\u00e9chelle locale nationale et mondiale].<\/p>\n<p>3. Y a-t-il une id\u00e9e re\u00e7ue que vous aimeriez voir dispara\u00eetre dans votre domaine ?<\/p>\n<p>Que l\u2019humain est tr\u00e8s intelligent !<\/p>\n<p>4. Comment participez-vous \u00e0 la F\u00eate de la science cette ann\u00e9e ?<\/p>\n<p>Je propose une courte pr\u00e9sentation grand public sur le th\u00e8me : \u00ab\u00a0Pourquoi l\u2019IA fascine autant qu\u2019elle inqui\u00e8te ?\u00a0\u00bb,\u00a0dans le cadre des\u00a0<a href=\"https:\/\/www.fetedelascience.fr\/les-conferences-des-pourquoi-0\" target=\"_blank\" rel=\"nofollow noopener\">Conf\u00e9rences des pourquoi<\/a>\ufeff au Village des sciences \u00ab\u00a0Saint-Laurent-en-\u00e9bullition\u00a0\u00bb.<\/p>\n<p>5. Menez-vous des actions de m\u00e9diation scientifique aupr\u00e8s du grand public en dehors de la F\u00eate de la science ? Si oui, sous quelle forme ?<\/p>\n<p>Oui, j&rsquo;ai d\u00e9j\u00e0 donn\u00e9 des conf\u00e9rences scientifiques nationales et internationales, particip\u00e9 \u00e0 des s\u00e9minaires d\u2019universit\u00e9s et d\u2019entreprises, men\u00e9 des projets de diffusion aupr\u00e8s du grand public comme par exemple avec l\u2019<a href=\"https:\/\/www.aupf.fr\/\" target=\"_blank\" rel=\"nofollow noopener\">Association des Universit\u00e9s populaires de France<\/a>\ufeff (AUPF), l\u2019<a href=\"https:\/\/www.uiad.fr\/\" target=\"_blank\" rel=\"nofollow noopener\">Universit\u00e9 Inter \u00c2ges Du Dauphin\u00e9<\/a>\ufeff (UIAD), le <a href=\"https:\/\/www.unige.ch\/centre-piaget\/\" target=\"_blank\" rel=\"nofollow noopener\">Centre Jean Piaget<\/a>\ufeff de Gen\u00e8ve ou l&rsquo;<a href=\"https:\/\/usp-villefranche12.fr\/\" target=\"_blank\" rel=\"nofollow noopener\">Universit\u00e9 des Savoirs Partag\u00e9s<\/a>\ufeff de Villefranche de Rouergue.<\/p>\n<p>\ud83e\udde0 Question bonus :\u00a0Si vous deviez repr\u00e9senter l\u2019intelligence avec un objet ou une image, que choisiriez-vous ?<\/p>\n<p>Une illustration des liens entre les r\u00e9seaux de neurones biologiques et artificiels.<\/p>\n<p>Pour en savoir plus :\u00a0<a href=\"https:\/\/www.echosciences-grenoble.fr\/communautes\/fete-de-la-science-en-isere\/dossiers\/5-questions-a-pour-la-fete-de-la-science-2025-en-isere\" target=\"_blank\" rel=\"nofollow noopener\">d\u00e9couvrez le reste de la s\u00e9rie dans ce dossier<\/a><\/p>\n","protected":false},"excerpt":{"rendered":"\u00c0 travers cette s\u00e9rie, nous mettons en lumi\u00e8re les chercheurs et chercheuses qui participent \u00e0 la F\u00eate de&hellip;\n","protected":false},"author":2,"featured_media":349836,"comment_status":"","ping_status":"","sticky":false,"template":"","format":"standard","meta":{"footnotes":""},"categories":[9566],"tags":[1111,11,2430,1777,674,1011,27,2731,12,25],"class_list":{"0":"post-349835","1":"post","2":"type-post","3":"status-publish","4":"format-standard","5":"has-post-thumbnail","7":"category-grenoble","8":"tag-actu","9":"tag-actualites","10":"tag-auvergne-rhone-alpes","11":"tag-eu","12":"tag-europe","13":"tag-fr","14":"tag-france","15":"tag-grenoble","16":"tag-news","17":"tag-republique-francaise"},"share_on_mastodon":{"url":"https:\/\/pubeurope.com\/@fr\/115105990366580852","error":""},"_links":{"self":[{"href":"https:\/\/www.europesays.com\/fr\/wp-json\/wp\/v2\/posts\/349835","targetHints":{"allow":["GET"]}}],"collection":[{"href":"https:\/\/www.europesays.com\/fr\/wp-json\/wp\/v2\/posts"}],"about":[{"href":"https:\/\/www.europesays.com\/fr\/wp-json\/wp\/v2\/types\/post"}],"author":[{"embeddable":true,"href":"https:\/\/www.europesays.com\/fr\/wp-json\/wp\/v2\/users\/2"}],"replies":[{"embeddable":true,"href":"https:\/\/www.europesays.com\/fr\/wp-json\/wp\/v2\/comments?post=349835"}],"version-history":[{"count":0,"href":"https:\/\/www.europesays.com\/fr\/wp-json\/wp\/v2\/posts\/349835\/revisions"}],"wp:featuredmedia":[{"embeddable":true,"href":"https:\/\/www.europesays.com\/fr\/wp-json\/wp\/v2\/media\/349836"}],"wp:attachment":[{"href":"https:\/\/www.europesays.com\/fr\/wp-json\/wp\/v2\/media?parent=349835"}],"wp:term":[{"taxonomy":"category","embeddable":true,"href":"https:\/\/www.europesays.com\/fr\/wp-json\/wp\/v2\/categories?post=349835"},{"taxonomy":"post_tag","embeddable":true,"href":"https:\/\/www.europesays.com\/fr\/wp-json\/wp\/v2\/tags?post=349835"}],"curies":[{"name":"wp","href":"https:\/\/api.w.org\/{rel}","templated":true}]}}