{"id":349841,"date":"2025-08-28T10:48:17","date_gmt":"2025-08-28T10:48:17","guid":{"rendered":"https:\/\/www.europesays.com\/fr\/349841\/"},"modified":"2025-08-28T10:48:17","modified_gmt":"2025-08-28T10:48:17","slug":"rennes-est-passe-a-laction-pour-lucas-stassin-saint-etienne","status":"publish","type":"post","link":"https:\/\/www.europesays.com\/fr\/349841\/","title":{"rendered":"Rennes est pass\u00e9 \u00e0 l&rsquo;action pour Lucas Stassin (Saint-Etienne) !"},"content":{"rendered":"<p><strong>Une semaine apr\u00e8s nos r\u00e9v\u00e9lations, le Stade Rennais est pass\u00e9 \u00e0 l\u2019action pour le buteur belge de Saint-Etienne, malgr\u00e9 l\u2019arriv\u00e9e imminente d\u2019Esteban Lepaul. <\/strong><\/p>\n<p>Alors que Rennes et Angers ont trouv\u00e9 un accord pour le transfert d\u2019Esteban Lepaul (environ 15 millions d\u2019euro, bonus compris), le club breton ne compte pas s\u2019arr\u00eater l\u00e0. Outre l\u2019int\u00e9r\u00eat toujours factuel pour l\u2019attaquant danois du Sporting Portugal, Conrad Harder, les Rennais visent le St\u00e9phanois Lucas Stassin. Une information que nous vous r\u00e9v\u00e9lions en exclusivit\u00e9, le 22 aout dernier (VOIR ICI) et que l\u2019Equipe confirme aujourd\u2019hui en r\u00e9v\u00e9lant que le club breton a fait une proposition officielle \u00e0 Saint-Etienne pour le jeune belge, r\u00e9v\u00e9lation de la saison 2024\/2025.\u00a0<\/p>\n<p>Une offre insuffisante pour convaincre les Verts<\/p>\n<p>Le montant de la proposition (15 millions d\u2019euros) ne suffira pas toutefois \u00e0 convaincre les Verts qui exigent au moins 20 \u00e0 25 millions d\u2019euros pour laisser partir le joueur achet\u00e9 10 millions l\u2019\u00e9t\u00e9 dernier. Selon nos informations, si la venue de Conrad Harder (priorit\u00e9 du Milan AC) ne se fait pas, les Rennais pourraient revoir leur proposition \u00e0 la hausse.\u00a0<\/p>\n","protected":false},"excerpt":{"rendered":"Une semaine apr\u00e8s nos r\u00e9v\u00e9lations, le Stade Rennais est pass\u00e9 \u00e0 l\u2019action pour le buteur belge de Saint-Etienne,&hellip;\n","protected":false},"author":2,"featured_media":312691,"comment_status":"","ping_status":"","sticky":false,"template":"","format":"standard","meta":{"footnotes":""},"categories":[2821],"tags":[1111,11,829,1777,674,1011,27,12,584,25],"class_list":{"0":"post-349841","1":"post","2":"type-post","3":"status-publish","4":"format-standard","5":"has-post-thumbnail","7":"category-rennes","8":"tag-actu","9":"tag-actualites","10":"tag-bretagne","11":"tag-eu","12":"tag-europe","13":"tag-fr","14":"tag-france","15":"tag-news","16":"tag-rennes","17":"tag-republique-francaise"},"share_on_mastodon":{"url":"https:\/\/pubeurope.com\/@fr\/115106001966215977","error":""},"_links":{"self":[{"href":"https:\/\/www.europesays.com\/fr\/wp-json\/wp\/v2\/posts\/349841","targetHints":{"allow":["GET"]}}],"collection":[{"href":"https:\/\/www.europesays.com\/fr\/wp-json\/wp\/v2\/posts"}],"about":[{"href":"https:\/\/www.europesays.com\/fr\/wp-json\/wp\/v2\/types\/post"}],"author":[{"embeddable":true,"href":"https:\/\/www.europesays.com\/fr\/wp-json\/wp\/v2\/users\/2"}],"replies":[{"embeddable":true,"href":"https:\/\/www.europesays.com\/fr\/wp-json\/wp\/v2\/comments?post=349841"}],"version-history":[{"count":0,"href":"https:\/\/www.europesays.com\/fr\/wp-json\/wp\/v2\/posts\/349841\/revisions"}],"wp:featuredmedia":[{"embeddable":true,"href":"https:\/\/www.europesays.com\/fr\/wp-json\/wp\/v2\/media\/312691"}],"wp:attachment":[{"href":"https:\/\/www.europesays.com\/fr\/wp-json\/wp\/v2\/media?parent=349841"}],"wp:term":[{"taxonomy":"category","embeddable":true,"href":"https:\/\/www.europesays.com\/fr\/wp-json\/wp\/v2\/categories?post=349841"},{"taxonomy":"post_tag","embeddable":true,"href":"https:\/\/www.europesays.com\/fr\/wp-json\/wp\/v2\/tags?post=349841"}],"curies":[{"name":"wp","href":"https:\/\/api.w.org\/{rel}","templated":true}]}}