{"id":349842,"date":"2025-08-28T10:49:11","date_gmt":"2025-08-28T10:49:11","guid":{"rendered":"https:\/\/www.europesays.com\/fr\/349842\/"},"modified":"2025-08-28T10:49:11","modified_gmt":"2025-08-28T10:49:11","slug":"spa-de-strasbourg-abandonne-a-repetition-tyson-4-ans-reve-dun-maitre-fidele","status":"publish","type":"post","link":"https:\/\/www.europesays.com\/fr\/349842\/","title":{"rendered":"SPA de Strasbourg. Abandonn\u00e9 \u00e0 r\u00e9p\u00e9tition, Tyson, 4 ans, r\u00eave d\u2019un ma\u00eetre fid\u00e8le"},"content":{"rendered":"<p>N\u00e9 en 2021, Tyson, m\u00e2le de type American staff, est arriv\u00e9 au refuge en 2023, apr\u00e8s avoir eu plusieurs propri\u00e9taires. De ses divers chamboulements, Tyson a d\u00e9velopp\u00e9 une certaine crainte envers les inconnus qui souhaitent l\u2019approcher, qu\u2019il manifeste par une agressivit\u00e9 lisible et d\u00e9celable. Lorsqu\u2019il est en confiance, c\u2019est un chien sympa, agr\u00e9able et serein. Il est \u00e9nergique, propre, curieux et pourra apprendre dans un climat de bienveillance.<\/p>\n<p>  Le seul animal du foyer<\/p>\n<p>Il a v\u00e9cu en appartement, il faudra veiller \u00e0 ce qu\u2019il puisse cependant bien se d\u00e9penser. N\u2019appr\u00e9ciant pas les autres animaux, il devra \u00eatre le seul animal du foyer. \u00c9galement, il sera plac\u00e9 sans jeunes enfants ou enfants en bas \u00e2ge. Tyson a tout le potentiel pour \u00eatre le meilleur des compagnons \u00e0 qui prendra le temps de nouer une relation sereine avec lui.<\/p>\n<p>Vous \u00eates int\u00e9ress\u00e9s\u00a0? Contactez la SPA, 7, rue de l\u2019Entenloch \u00e0 Strasbourg Cronenbourg, 03\u00a088\u00a034\u00a067\u00a067, accueil@spa-strasbourg.org\u00a0; chenil@spa-strasbourg.org<\/p>\n<p class=\"note\">www.spa-strasbourg.org<\/p>\n","protected":false},"excerpt":{"rendered":"N\u00e9 en 2021, Tyson, m\u00e2le de type American staff, est arriv\u00e9 au refuge en 2023, apr\u00e8s avoir eu&hellip;\n","protected":false},"author":2,"featured_media":349843,"comment_status":"","ping_status":"","sticky":false,"template":"","format":"standard","meta":{"footnotes":""},"categories":[2820],"tags":[1111,11,7476,2880,1777,674,107,1011,27,775,12,25,104,640,2879],"class_list":{"0":"post-349842","1":"post","2":"type-post","3":"status-publish","4":"format-standard","5":"has-post-thumbnail","7":"category-strasbourg","8":"tag-actu","9":"tag-actualites","10":"tag-anniversaires","11":"tag-edition-strasbourg","12":"tag-eu","13":"tag-europe","14":"tag-fil-info","15":"tag-fr","16":"tag-france","17":"tag-grand-est","18":"tag-news","19":"tag-republique-francaise","20":"tag-societe","21":"tag-strasbourg","22":"tag-strasbourg-ville"},"share_on_mastodon":{"url":"https:\/\/pubeurope.com\/@fr\/115106005972604464","error":""},"_links":{"self":[{"href":"https:\/\/www.europesays.com\/fr\/wp-json\/wp\/v2\/posts\/349842","targetHints":{"allow":["GET"]}}],"collection":[{"href":"https:\/\/www.europesays.com\/fr\/wp-json\/wp\/v2\/posts"}],"about":[{"href":"https:\/\/www.europesays.com\/fr\/wp-json\/wp\/v2\/types\/post"}],"author":[{"embeddable":true,"href":"https:\/\/www.europesays.com\/fr\/wp-json\/wp\/v2\/users\/2"}],"replies":[{"embeddable":true,"href":"https:\/\/www.europesays.com\/fr\/wp-json\/wp\/v2\/comments?post=349842"}],"version-history":[{"count":0,"href":"https:\/\/www.europesays.com\/fr\/wp-json\/wp\/v2\/posts\/349842\/revisions"}],"wp:featuredmedia":[{"embeddable":true,"href":"https:\/\/www.europesays.com\/fr\/wp-json\/wp\/v2\/media\/349843"}],"wp:attachment":[{"href":"https:\/\/www.europesays.com\/fr\/wp-json\/wp\/v2\/media?parent=349842"}],"wp:term":[{"taxonomy":"category","embeddable":true,"href":"https:\/\/www.europesays.com\/fr\/wp-json\/wp\/v2\/categories?post=349842"},{"taxonomy":"post_tag","embeddable":true,"href":"https:\/\/www.europesays.com\/fr\/wp-json\/wp\/v2\/tags?post=349842"}],"curies":[{"name":"wp","href":"https:\/\/api.w.org\/{rel}","templated":true}]}}