{"id":349844,"date":"2025-08-28T10:50:12","date_gmt":"2025-08-28T10:50:12","guid":{"rendered":"https:\/\/www.europesays.com\/fr\/349844\/"},"modified":"2025-08-28T10:50:12","modified_gmt":"2025-08-28T10:50:12","slug":"un-restaurant-de-cuisine-mediterraneenne-avec-des-plats-entre-7-e-et-15-e-va-voir-le-jour-a-strasbourg","status":"publish","type":"post","link":"https:\/\/www.europesays.com\/fr\/349844\/","title":{"rendered":"Un restaurant de cuisine m\u00e9diterran\u00e9enne, avec des plats entre 7 \u20ac et 15 \u20ac, va voir le jour \u00e0 Strasbourg"},"content":{"rendered":"<p>            Par<br \/>\n        <strong><br \/>\n            <a href=\"https:\/\/actu.fr\/auteur\/ivan-capecchi\" title=\"Consulter tous les articles de Ivan CAPECCHI\" rel=\"nofollow noopener\" target=\"_blank\">Ivan CAPECCHI<\/a><br \/>\n        <\/strong><\/p>\n<p>        Publi\u00e9 le<\/p>\n<p>            28 ao\u00fbt 2025 \u00e0 12h42        <\/p>\n<p>Chiche, un <strong>restaurant de cuisine m\u00e9diterran\u00e9enne<\/strong>, doit ouvrir d\u2019ici <strong>d\u00e9but novembre 13 rue de la Brigade Alsace-Lorraine \u00e0 Strasbourg<\/strong>, en lieu et place du Bagerhoff, un kebab qui avait connu un <a href=\"https:\/\/actu.fr\/grand-est\/strasbourg_67482\/strasbourg-on-a-teste-le-kebab-cuit-a-la-pierre-de-lave-qui-fait-le-buzz-sur-tiktok_58076407.html\" rel=\"nofollow noopener\" target=\"_blank\">petit succ\u00e8s sur TikTok avec son kebab cuit \u00e0 la pierre de lave<\/a>.<\/p>\n<p>La cuisine m\u00e9diterran\u00e9enne \u00e0 l\u2019honneur<\/p>\n<p class=\" wall-content\">\u00ab\u2009On va faire une esp\u00e8ce de <strong>cantine m\u00e9diterran\u00e9enne<\/strong>, avec des inspirations venant de tout le bassin m\u00e9diterran\u00e9en\u2009: <strong>Gr\u00e8ce, Liban, Turquie, peut-\u00eatre m\u00eame Italie ou Espagne<\/strong>\u2009\u00bb, d\u00e9crit Amir, un des deux associ\u00e9s derri\u00e8re le projet.<\/p>\n<p class=\" wall-content\">\u00ab\u2009On pourra trouver des <strong>mezze<\/strong> ou des <strong>plats \u00e0 partager<\/strong>, avec une <strong>offre de boissons<\/strong> mettant en avant des bi\u00e8res et vins locaux, ainsi que des vins \u00e9trangers\u2009\u00bb, d\u00e9taille Amir, en pr\u00e9cisant que \u00ab<strong>\u2009la cuisson des plats se fera essentiellement au grill<\/strong>\u2009\u00bb.<\/p>\n<p>Un restaurant \u00ab\u2009populaire\u2009\u00bb<\/p>\n<p class=\" wall-content\">Le c\u00f4t\u00e9 \u00ab\u2009cantine\u2009\u00bb ne sera pas dans le service, puisqu\u2019il s\u2019agira d\u2019un <strong>service \u00e0 table classique<\/strong>, mais plut\u00f4t dans le c\u00f4t\u00e9 \u00ab<strong>\u2009populaire<\/strong>\u2009\u00bb du lieu.<\/p>\n<p class=\" wall-content\">\u00c0 ce titre,<strong> les prix des plats devraient osciller \u00ab\u2009entre 7\u00a0\u20ac et 15\u00a0\u20ac\u00bb<\/strong>, indique Amir.<\/p>\n<p class=\" wall-content\">Par ailleurs, <strong>des formules seront propos\u00e9es<\/strong>. Elles restent \u00e0 d\u00e9finir, mais il devrait y avoir au moins <strong>une offre pour les \u00e9tudiants<\/strong>.<\/p>\n<p>Votre r\u00e9gion, votre actu !<\/p>\n<p>Recevez chaque jour les infos qui comptent pour vous.<\/p>\n<p>\t<a href=\"https:\/\/actu.fr\/newsletter\" class=\"ac-btn ac-btn--corner ac-btn--medium ac-btn--blue800\" rel=\"nofollow noopener\" target=\"_blank\">S&rsquo;incrire<\/a><br \/>\nDeux connaisseurs du monde de la restauration \u00e0 Strasbourg<\/p>\n<p class=\" wall-content\">Directeur de plusieurs \u00e9tablissements \u00e0 Strasbourg (<strong>Trolleybus<\/strong>, <strong>Taverne des Serruriers<\/strong>), Amir a \u00ab\u2009toujours \u00e9t\u00e9 dans la restauration\u2009\u00bb.<\/p>\n<p class=\" wall-content\">Yann, son associ\u00e9, poss\u00e8de pour sa part le <strong>restaurant Avobowl<\/strong>.<\/p>\n<p class=\" wall-content\">Personnalisez votre actualit\u00e9 en ajoutant vos villes et m\u00e9dias en favori avec <a href=\"https:\/\/moncompte.actu.fr\" title=\"D\u00e9couvez Mon Actu\" rel=\"nofollow noopener\" data-trk=\"{&quot;cta&quot;:{&quot;action&quot;:&quot;https:\\\/\\\/moncompte.actu.fr&quot;,&quot;category&quot;:&quot;mon compte&quot;,&quot;from&quot;:&quot;article footer&quot;,&quot;name&quot;:&quot;Mon actu&quot;,&quot;type&quot;:&quot;cta&quot;}}\" target=\"_blank\">Mon Actu<\/a>.<\/p>\n","protected":false},"excerpt":{"rendered":"Par Ivan CAPECCHI Publi\u00e9 le 28 ao\u00fbt 2025 \u00e0 12h42 Chiche, un restaurant de cuisine m\u00e9diterran\u00e9enne, doit ouvrir&hellip;\n","protected":false},"author":2,"featured_media":349845,"comment_status":"","ping_status":"","sticky":false,"template":"","format":"standard","meta":{"footnotes":""},"categories":[2820],"tags":[1111,11,1777,674,1011,27,775,12,25,1340,104,640],"class_list":{"0":"post-349844","1":"post","2":"type-post","3":"status-publish","4":"format-standard","5":"has-post-thumbnail","7":"category-strasbourg","8":"tag-actu","9":"tag-actualites","10":"tag-eu","11":"tag-europe","12":"tag-fr","13":"tag-france","14":"tag-grand-est","15":"tag-news","16":"tag-republique-francaise","17":"tag-restaurant","18":"tag-societe","19":"tag-strasbourg"},"share_on_mastodon":{"url":"https:\/\/pubeurope.com\/@fr\/115106009776979128","error":""},"_links":{"self":[{"href":"https:\/\/www.europesays.com\/fr\/wp-json\/wp\/v2\/posts\/349844","targetHints":{"allow":["GET"]}}],"collection":[{"href":"https:\/\/www.europesays.com\/fr\/wp-json\/wp\/v2\/posts"}],"about":[{"href":"https:\/\/www.europesays.com\/fr\/wp-json\/wp\/v2\/types\/post"}],"author":[{"embeddable":true,"href":"https:\/\/www.europesays.com\/fr\/wp-json\/wp\/v2\/users\/2"}],"replies":[{"embeddable":true,"href":"https:\/\/www.europesays.com\/fr\/wp-json\/wp\/v2\/comments?post=349844"}],"version-history":[{"count":0,"href":"https:\/\/www.europesays.com\/fr\/wp-json\/wp\/v2\/posts\/349844\/revisions"}],"wp:featuredmedia":[{"embeddable":true,"href":"https:\/\/www.europesays.com\/fr\/wp-json\/wp\/v2\/media\/349845"}],"wp:attachment":[{"href":"https:\/\/www.europesays.com\/fr\/wp-json\/wp\/v2\/media?parent=349844"}],"wp:term":[{"taxonomy":"category","embeddable":true,"href":"https:\/\/www.europesays.com\/fr\/wp-json\/wp\/v2\/categories?post=349844"},{"taxonomy":"post_tag","embeddable":true,"href":"https:\/\/www.europesays.com\/fr\/wp-json\/wp\/v2\/tags?post=349844"}],"curies":[{"name":"wp","href":"https:\/\/api.w.org\/{rel}","templated":true}]}}