{"id":349848,"date":"2025-08-28T10:52:09","date_gmt":"2025-08-28T10:52:09","guid":{"rendered":"https:\/\/www.europesays.com\/fr\/349848\/"},"modified":"2025-08-28T10:52:09","modified_gmt":"2025-08-28T10:52:09","slug":"ce-nicois-modelise-le-chateau-de-nice-en-3d","status":"publish","type":"post","link":"https:\/\/www.europesays.com\/fr\/349848\/","title":{"rendered":"Ce Ni\u00e7ois mod\u00e9lise le ch\u00e2teau de Nice en 3D"},"content":{"rendered":"<p class=\"PopSlotParagraph qg-tx2 qg-xtra-lh svelte-1r0pyek\">Sur les images on croirait voir le ch\u00e2teau de Nice comme s&rsquo;il \u00e9tait encore perch\u00e9 sur sa colline. Pourtant il s&rsquo;agit d&rsquo;une mod\u00e9lisation 3D r\u00e9alis\u00e9 par Anthony Drouget, un designer ni\u00e7ois. \u00ab\u00a0Je mod\u00e9lise en 3D et ensuite je l&rsquo;incruste dans une photo. Je travaille sur les archives historiques de la fin du XVII\u00e8me si\u00e8cle.\u00a0\u00bb<\/p>\n<p class=\"PopSlotParagraph qg-tx2 qg-xtra-lh svelte-1r0pyek\">Ce dipl\u00f4m\u00e9 d&rsquo;un master d&rsquo;histoire se base sur des plans militaires mais aussi des repr\u00e9sentations en perspectives et des textes. Il y a pass\u00e9 environ 400 heures, soit 4 mois de travail. \u00ab\u00a0J&rsquo;ai choisi le ch\u00e2teau car c&rsquo;est notre fiert\u00e9 et le plus grand des monuments qui n&rsquo;existe plus \u00e0 Nice\u00a0\u00bb, explique Anthony Drouget, qui a commenc\u00e9 sa carri\u00e8re comme guide conf\u00e9rencier \u00e0 Nice.<\/p>\n","protected":false},"excerpt":{"rendered":"Sur les images on croirait voir le ch\u00e2teau de Nice comme s&rsquo;il \u00e9tait encore perch\u00e9 sur sa colline.&hellip;\n","protected":false},"author":2,"featured_media":349849,"comment_status":"","ping_status":"","sticky":false,"template":"","format":"standard","meta":{"footnotes":""},"categories":[2819],"tags":[1111,11,1777,674,1011,27,12,2401,882,25],"class_list":{"0":"post-349848","1":"post","2":"type-post","3":"status-publish","4":"format-standard","5":"has-post-thumbnail","7":"category-nice","8":"tag-actu","9":"tag-actualites","10":"tag-eu","11":"tag-europe","12":"tag-fr","13":"tag-france","14":"tag-news","15":"tag-nice","16":"tag-provence-alpes-cote-dazur","17":"tag-republique-francaise"},"share_on_mastodon":{"url":"https:\/\/pubeurope.com\/@fr\/115106017694050125","error":""},"_links":{"self":[{"href":"https:\/\/www.europesays.com\/fr\/wp-json\/wp\/v2\/posts\/349848","targetHints":{"allow":["GET"]}}],"collection":[{"href":"https:\/\/www.europesays.com\/fr\/wp-json\/wp\/v2\/posts"}],"about":[{"href":"https:\/\/www.europesays.com\/fr\/wp-json\/wp\/v2\/types\/post"}],"author":[{"embeddable":true,"href":"https:\/\/www.europesays.com\/fr\/wp-json\/wp\/v2\/users\/2"}],"replies":[{"embeddable":true,"href":"https:\/\/www.europesays.com\/fr\/wp-json\/wp\/v2\/comments?post=349848"}],"version-history":[{"count":0,"href":"https:\/\/www.europesays.com\/fr\/wp-json\/wp\/v2\/posts\/349848\/revisions"}],"wp:featuredmedia":[{"embeddable":true,"href":"https:\/\/www.europesays.com\/fr\/wp-json\/wp\/v2\/media\/349849"}],"wp:attachment":[{"href":"https:\/\/www.europesays.com\/fr\/wp-json\/wp\/v2\/media?parent=349848"}],"wp:term":[{"taxonomy":"category","embeddable":true,"href":"https:\/\/www.europesays.com\/fr\/wp-json\/wp\/v2\/categories?post=349848"},{"taxonomy":"post_tag","embeddable":true,"href":"https:\/\/www.europesays.com\/fr\/wp-json\/wp\/v2\/tags?post=349848"}],"curies":[{"name":"wp","href":"https:\/\/api.w.org\/{rel}","templated":true}]}}