{"id":349852,"date":"2025-08-28T10:54:19","date_gmt":"2025-08-28T10:54:19","guid":{"rendered":"https:\/\/www.europesays.com\/fr\/349852\/"},"modified":"2025-08-28T10:54:19","modified_gmt":"2025-08-28T10:54:19","slug":"apres-trois-ans-de-travaux-cette-ecole-change-de-visage-avant-la-rentree","status":"publish","type":"post","link":"https:\/\/www.europesays.com\/fr\/349852\/","title":{"rendered":"apr\u00e8s trois ans de travaux, cette \u00e9cole change de visage avant la rentr\u00e9e"},"content":{"rendered":"<p>            Par<br \/>\n        <strong><br \/>\n            <a href=\"https:\/\/actu.fr\/auteur\/laure-gentil\" title=\"Consulter tous les articles de Laure Gentil\" target=\"_blank\" rel=\"noopener\">Laure Gentil<\/a><br \/>\n        <\/strong><\/p>\n<p>        Publi\u00e9 le<\/p>\n<p>            28 ao\u00fbt 2025 \u00e0 12h19        <\/p>\n<p>Mercredi 27\u00a0ao\u00fbt 2025,<strong> Johanna Rolland<\/strong>, la maire de Nantes et ses adjointes \u00e0 l\u2019\u00e9ducation et \u00e0 la sant\u00e9 Ghislaine Rodriguez et Marl\u00e8ne Collineau <a href=\"https:\/\/actu.fr\/pays-de-la-loire\/nantes_44109\/nantes-plus-de-20-000-enfants-vont-faire-leur-rentree-dans-les-ecoles-publiques_63083846.html\" target=\"_blank\" rel=\"noopener\">ont organis\u00e9 une conf\u00e9rence de presse pour la rentr\u00e9e.<\/a> L\u2019occasion aussi de pr\u00e9senter l\u2019\u00e9cole de la Beaujoire qui a \u00e9t\u00e9 r\u00e9nov\u00e9e et agrandie.<\/p>\n<p class=\" wall-content\">Selon la Ville de Nantes, les travaux, qui ont dur\u00e9 trois ans et dont le co\u00fbt s\u2019\u00e9l\u00e8ve<strong> 13,3\u00a0millions d\u2019euros,<\/strong> ont presque \u00ab\u2009doubl\u00e9 la capacit\u00e9 de l\u2019\u00e9cole qui pourra accueillir \u00e0 terme<strong> six classes maternelle<\/strong> et<strong> dix classes \u00e9l\u00e9mentaire<\/strong>\u2009\u00bb, contre trois classes maternelle et six classes \u00e9l\u00e9mentaire auparavant. Elle accueillera aussi \u00ab\u2009un accueil de loisirs mutualis\u00e9 avec les locaux scolaires et p\u00e9riscolaires\u2009\u00bb.<\/p>\n<p>Construire \u00e0 partir de l\u2019ancien<\/p>\n<p class=\" wall-content\">Le groupe scolaire avait bien besoin d\u2019un coup de jeune. \u00ab\u2009Elle a \u00e9t\u00e9 construite au d\u00e9but des ann\u00e9es 80, donc forc\u00e9ment, il y avait \u00e0 mettre de l\u2019ambition, de l\u2019\u00e9nergie, des moyens aussi\u2009\u00bb, a soulign\u00e9 <a href=\"https:\/\/actu.fr\/pays-de-la-loire\/nantes_44109\/je-ne-mache-pas-mes-mots-portrait-de-johanna-rolland-premiere-femme-maire-de-nantes_62902956.html\" target=\"_blank\" rel=\"noopener\">Johanna Rolland.<\/a><\/p>\n<blockquote class=\"ac-article-quote wall-content\">\n<p>\u00a0Clairement, cette \u00e9cole en t\u00e9moigne. En 2025, l&rsquo;\u00e9ducation demeure notre priorit\u00e9.<\/p>\n<p>    <strong>Johanna Rolland<\/strong><br \/>\n        Maire de Nantes    <\/p><\/blockquote>\n<p class=\" wall-content\">Les <strong>extensions<\/strong> viennent \u00ab\u2009s\u2019articuler\u2009\u00bb avec les b\u00e2timents existants, comme l\u2019a expliqu\u00e9 l\u2019architecte concepteur de l\u2019agence Dominique Coulon, Hannes Libis. Aussi, \u00ab\u2009l\u2019esprit\u2009\u00bb de l\u2019architecture \u00ab\u2009typique de cette \u00e9poque\u2009\u00bb a donc \u00e9t\u00e9 conserv\u00e9.<\/p>\n<p class=\" wall-content\">Un point auquel est aussi attach\u00e9 la maire\u2009: \u00ab\u2009C\u2019est une des lignes de conduite qui est la n\u00f4tre aujourd\u2019hui, \u00e0 chaque fois que l\u2019on peut partir de l\u2019existant, partir des b\u00e2timents, on le fait. Pour pouvoir offrir une seconde vie et r\u00e9pondre aux enjeux\u2009\u00bb, a-t-elle d\u00e9clar\u00e9 durant la conf\u00e9rence de presse.<\/p>\n<p>    <img   decoding=\"async\" loading=\"lazy\" src=\"https:\/\/www.europesays.com\/fr\/wp-content\/uploads\/2025\/08\/nantes-beaujoire-ecole-ecole-2-960x640.jpeg\" alt=\"Parmi les extensions, il y aune BCD, une biblioth\u00e8que centre documentaire.\" width=\"960\" height=\"640\"\/><br \/>\n    Parmi les extensions, il y a une BCD, une biblioth\u00e8que centre documentaire. (\u00a9 Laure Gentil \/ actu Nantes)<\/p>\n<p>Votre r\u00e9gion, votre actu !<\/p>\n<p>Recevez chaque jour les infos qui comptent pour vous.<\/p>\n<p>\t<a href=\"https:\/\/actu.fr\/newsletter\" class=\"ac-btn ac-btn--corner ac-btn--medium ac-btn--blue800\" target=\"_blank\" rel=\"noopener\">S&rsquo;incrire<\/a><\/p>\n<p class=\" wall-content\">En tout,<strong> l\u2019\u00e9cole gagne 3\u2009500 m\u00b2 de surface plancher<\/strong>, pour 1 950 m\u00b2 avant travaux, avec\u2009:<\/p>\n<ul class=\" wall-content\">\n<li>un nouveau b\u00e2timent, en \u00e9l\u00e9mentaire, sur deux \u00e9tages, avec au rez-de-chauss\u00e9e une salle polyvalente qui pourra \u00eatre ouverte sur le quartier\u2009;<\/li>\n<li>trois salles de classe, un nouveau bloc sanitaire et un pr\u00e9au donnant sur la cour, une BCD et une salle de motricit\u00e9 en maternelle\u2009;<\/li>\n<li>une extension de la restauration scolaire\u2009;<\/li>\n<li>une extension pour le p\u00e9ri et extrascolaire\u2009;<\/li>\n<\/ul>\n<p class=\" wall-content\">Un nouveau parvis a aussi \u00e9t\u00e9 cr\u00e9\u00e9 aux abords de l\u2019\u00e9cole. Il est dot\u00e9 \u00ab\u2009d\u2019un espace \u00e9co-mobilit\u00e9\u2009\u00bb.<\/p>\n<p>\u00ab\u2009Ce n\u2019est plus une option\u2009\u00bb<\/p>\n<p class=\" wall-content\">Johanna Rolland a insist\u00e9 sur la \u00ab\u00a0performance \u00e9nerg\u00e9tique\u2009\u00a0\u00bb des b\u00e2timents. Une n\u00e9cessit\u00e9 selon elle aujourd\u2019hui. \u00ab\u2009Ce n\u2019est plus une option, pour nous, c\u2019est un imp\u00e9ratif, \u00e7a fait partie des responsabilit\u00e9s que nous nous sommes fix\u00e9es.\u00bb<\/p>\n<p class=\" wall-content\"><strong>70 m\u00b2 de panneaux photovolta\u00efques<\/strong> ont \u00e9t\u00e9 install\u00e9s et une isolation par l\u2019ext\u00e9rieur a \u00e9t\u00e9 mise en place dans les b\u00e2timents existants. Une<strong> ventilation \u00e0 double-flux<\/strong> a \u00e9t\u00e9 int\u00e9gr\u00e9e dans les salles de classe maternelles.<\/p>\n<p>    <img   decoding=\"async\" loading=\"lazy\" src=\"https:\/\/www.europesays.com\/fr\/wp-content\/uploads\/2025\/08\/nantes-beaujoire-ecole-ecole-3-960x640.jpeg\" alt=\"Certains \u00e9l\u00e9ments d'origine comme porte-manteaux ont \u00e9t\u00e9 conserv\u00e9s.\" width=\"960\" height=\"640\"\/><br \/>\n    Certains \u00e9l\u00e9ments d\u2019origine comme porte-manteaux ont \u00e9t\u00e9 conserv\u00e9s. (\u00a9Laure Gentil \/ actu Nantes)<\/p>\n<p class=\" wall-content\">L\u2019ext\u00e9rieur a de m\u00eame \u00e9t\u00e9 pris en compte pour assurer que le groupe scolaire r\u00e9ponde aux exigences environnementales.<\/p>\n<p class=\" wall-content\">Les anciens logements de fonction ont \u00e9t\u00e9 d\u00e9molis pour laisser place \u00e0 la nouvelle cour de r\u00e9cr\u00e9ation maternelle. La cour de r\u00e9cr\u00e9ation de l\u2019\u00e9l\u00e9mentaire \u00ab\u2009a pu \u00eatre implant\u00e9e \u00e0 l\u2019arri\u00e8re du b\u00e2timent o\u00f9 elle b\u00e9n\u00e9ficie d\u2019une surface et d\u2019une canop\u00e9e plus importantes\u2009\u00bb pr\u00e9cise la Ville.<\/p>\n<p class=\" wall-content\">Ces deux cours de l\u2019\u00e9cole int\u00e8grent \u00ab\u2009les<strong> ambitions des cours r\u00e9invent\u00e9es<\/strong>\u2009\u00bb\u2009: elles sont v\u00e9g\u00e9talis\u00e9es et \u00ab\u2009un maximum d\u2019arbres a \u00e9t\u00e9 conserv\u00e9, dont le ch\u00eane de la cour \u00e9l\u00e9mentaire, qui a impos\u00e9 sa forme \u00e0 l\u2019une des extensions\u2009\u00bb. <strong>Trois potagers<\/strong> ont aussi \u00e9t\u00e9 am\u00e9nag\u00e9s.<\/p>\n<p class=\" wall-content\">Personnalisez votre actualit\u00e9 en ajoutant vos villes et m\u00e9dias en favori avec <a href=\"https:\/\/moncompte.actu.fr\" title=\"D\u00e9couvez Mon Actu\" rel=\"nofollow noopener\" data-trk=\"{&quot;cta&quot;:{&quot;action&quot;:&quot;https:\\\/\\\/moncompte.actu.fr&quot;,&quot;category&quot;:&quot;mon compte&quot;,&quot;from&quot;:&quot;article footer&quot;,&quot;name&quot;:&quot;Mon actu&quot;,&quot;type&quot;:&quot;cta&quot;}}\" target=\"_blank\">Mon Actu<\/a>.<\/p>\n","protected":false},"excerpt":{"rendered":"Par Laure Gentil Publi\u00e9 le 28 ao\u00fbt 2025 \u00e0 12h19 Mercredi 27\u00a0ao\u00fbt 2025, Johanna Rolland, la maire de&hellip;\n","protected":false},"author":2,"featured_media":349853,"comment_status":"","ping_status":"","sticky":false,"template":"","format":"standard","meta":{"footnotes":""},"categories":[2818],"tags":[1111,11,1719,1777,674,1011,27,766,12,2636,10918,25,104,2086],"class_list":{"0":"post-349852","1":"post","2":"type-post","3":"status-publish","4":"format-standard","5":"has-post-thumbnail","7":"category-nantes","8":"tag-actu","9":"tag-actualites","10":"tag-enfants","11":"tag-eu","12":"tag-europe","13":"tag-fr","14":"tag-france","15":"tag-nantes","16":"tag-news","17":"tag-pays-de-la-loire","18":"tag-rentree-scolaire","19":"tag-republique-francaise","20":"tag-societe","21":"tag-travaux"},"share_on_mastodon":{"url":"https:\/\/pubeurope.com\/@fr\/115106025811086313","error":""},"_links":{"self":[{"href":"https:\/\/www.europesays.com\/fr\/wp-json\/wp\/v2\/posts\/349852","targetHints":{"allow":["GET"]}}],"collection":[{"href":"https:\/\/www.europesays.com\/fr\/wp-json\/wp\/v2\/posts"}],"about":[{"href":"https:\/\/www.europesays.com\/fr\/wp-json\/wp\/v2\/types\/post"}],"author":[{"embeddable":true,"href":"https:\/\/www.europesays.com\/fr\/wp-json\/wp\/v2\/users\/2"}],"replies":[{"embeddable":true,"href":"https:\/\/www.europesays.com\/fr\/wp-json\/wp\/v2\/comments?post=349852"}],"version-history":[{"count":0,"href":"https:\/\/www.europesays.com\/fr\/wp-json\/wp\/v2\/posts\/349852\/revisions"}],"wp:featuredmedia":[{"embeddable":true,"href":"https:\/\/www.europesays.com\/fr\/wp-json\/wp\/v2\/media\/349853"}],"wp:attachment":[{"href":"https:\/\/www.europesays.com\/fr\/wp-json\/wp\/v2\/media?parent=349852"}],"wp:term":[{"taxonomy":"category","embeddable":true,"href":"https:\/\/www.europesays.com\/fr\/wp-json\/wp\/v2\/categories?post=349852"},{"taxonomy":"post_tag","embeddable":true,"href":"https:\/\/www.europesays.com\/fr\/wp-json\/wp\/v2\/tags?post=349852"}],"curies":[{"name":"wp","href":"https:\/\/api.w.org\/{rel}","templated":true}]}}