{"id":349858,"date":"2025-08-28T10:57:13","date_gmt":"2025-08-28T10:57:13","guid":{"rendered":"https:\/\/www.europesays.com\/fr\/349858\/"},"modified":"2025-08-28T10:57:13","modified_gmt":"2025-08-28T10:57:13","slug":"les-7-stations-non-desservies","status":"publish","type":"post","link":"https:\/\/www.europesays.com\/fr\/349858\/","title":{"rendered":"les 7 stations non desservies"},"content":{"rendered":"<p>            Par<br \/>\n        <strong><br \/>\n            <a href=\"https:\/\/actu.fr\/auteur\/lea-afonso\" title=\"Consulter tous les articles de L\u00e9a Afonso\" target=\"_blank\" rel=\"noopener\">L\u00e9a Afonso<\/a><br \/>\n        <\/strong><\/p>\n<p>        Publi\u00e9 le<\/p>\n<p>            28 ao\u00fbt 2025 \u00e0 12h12        <\/p>\n<p>Nouvel <strong>arr\u00eat de la ligne<\/strong> de <a href=\"https:\/\/actu.fr\/tag\/metro-de-toulouse\" target=\"_blank\" rel=\"noopener\">m\u00e9tro B \u00e0 Toulouse<\/a>, ce jeudi 28\u00a0ao\u00fbt 2025 au soir. Rappelons-le, <a href=\"https:\/\/actu.fr\/occitanie\/toulouse_31555\/toulouse-la-ligne-b-du-metro-partiellement-interrompue-en-soiree-voici-comment-se-deplacer_63072760.html\" target=\"_blank\" rel=\"noopener\">cette derni\u00e8re avait d\u00e9j\u00e0 \u00e9t\u00e9 arr\u00eat\u00e9e<\/a> en d\u00e9but de semaine. Plusieurs stations vont \u00eatre une nouvelle fois concern\u00e9es. Voici lesquelles.<\/p>\n<p>Interruption en soir\u00e9e<\/p>\n<p class=\" wall-content\"><strong>La ligne B<\/strong> est concern\u00e9e par une nouvelle <strong>interruption<\/strong> de fonctionnement ce jeudi soir. Effectivement, <strong>d\u00e8s 21\u2009h\u200930,<\/strong> elle fonctionnera de mani\u00e8re partielle.<\/p>\n<p class=\" wall-content\">Ne seront pas desservies les stations suivantes\u2009: <strong>Ramonville, Universit\u00e9 Paul Sabatier, Facult\u00e9 de pharmacie, Rangueil, Saouzelong, Saint Agne SNCF, Empalot<\/strong>.<\/p>\n<p>Les solutions de d\u00e9placements<\/p>\n<p class=\" wall-content\">Pour poursuivre ses d\u00e9placements de la meilleure des mani\u00e8res, Tiss\u00e9o pr\u00e9voit des <strong>solutions de substitution<\/strong>, notamment un bus relais B\u2019 qui effectuera la <strong>liaison entre Ramonville et Palais de Justice<\/strong> avec une fr\u00e9quence de 10\u00a0minutes. Les voyageurs connaissent bien son parcours, il s\u2019agit du m\u00eame \u00e0 chaque arr\u00eat de la ligne\u2009:<\/p>\n<p>    <img   decoding=\"async\" loading=\"lazy\" src=\"https:\/\/www.europesays.com\/fr\/wp-content\/uploads\/2025\/08\/capture-decran-2025-08-28-a-112958-960x640.png\" alt=\"Voici le plan de la ligne B'.\" width=\"960\" height=\"640\"\/><br \/>\n    Voici le plan de la ligne B\u2019. (\u00a9Capture d\u2019\u00e9cran Tiss\u00e9o)Vid\u00e9os : en ce moment sur Actu<\/p>\n<p class=\" wall-content\">Le dernier d\u00e9part de Ramonville est pr\u00e9vu pour minuit et le dernier d\u00e9part de Palais de Justice \u00e0 0h32. La ligne 44 effectuera quant \u00e0 elle la liaison entre Universit\u00e9 Paul Sabatier et Carmes.<\/p>\n<p class=\" wall-content\">Personnalisez votre actualit\u00e9 en ajoutant vos villes et m\u00e9dias en favori avec <a href=\"https:\/\/moncompte.actu.fr\" title=\"D\u00e9couvez Mon Actu\" rel=\"nofollow noopener\" data-trk=\"{&quot;cta&quot;:{&quot;action&quot;:&quot;https:\\\/\\\/moncompte.actu.fr&quot;,&quot;category&quot;:&quot;mon compte&quot;,&quot;from&quot;:&quot;article footer&quot;,&quot;name&quot;:&quot;Mon actu&quot;,&quot;type&quot;:&quot;cta&quot;}}\" target=\"_blank\">Mon Actu<\/a>.<\/p>\n","protected":false},"excerpt":{"rendered":"Par L\u00e9a Afonso Publi\u00e9 le 28 ao\u00fbt 2025 \u00e0 12h12 Nouvel arr\u00eat de la ligne de m\u00e9tro B&hellip;\n","protected":false},"author":2,"featured_media":349859,"comment_status":"","ping_status":"","sticky":false,"template":"","format":"standard","meta":{"footnotes":""},"categories":[2816],"tags":[1111,11,1777,674,1011,27,10596,12,2680,25,104,5400,2312],"class_list":{"0":"post-349858","1":"post","2":"type-post","3":"status-publish","4":"format-standard","5":"has-post-thumbnail","7":"category-toulouse","8":"tag-actu","9":"tag-actualites","10":"tag-eu","11":"tag-europe","12":"tag-fr","13":"tag-france","14":"tag-metro-de-toulouse","15":"tag-news","16":"tag-occitanie","17":"tag-republique-francaise","18":"tag-societe","19":"tag-tisseo","20":"tag-toulouse"},"share_on_mastodon":{"url":"https:\/\/pubeurope.com\/@fr\/115106037465852765","error":""},"_links":{"self":[{"href":"https:\/\/www.europesays.com\/fr\/wp-json\/wp\/v2\/posts\/349858","targetHints":{"allow":["GET"]}}],"collection":[{"href":"https:\/\/www.europesays.com\/fr\/wp-json\/wp\/v2\/posts"}],"about":[{"href":"https:\/\/www.europesays.com\/fr\/wp-json\/wp\/v2\/types\/post"}],"author":[{"embeddable":true,"href":"https:\/\/www.europesays.com\/fr\/wp-json\/wp\/v2\/users\/2"}],"replies":[{"embeddable":true,"href":"https:\/\/www.europesays.com\/fr\/wp-json\/wp\/v2\/comments?post=349858"}],"version-history":[{"count":0,"href":"https:\/\/www.europesays.com\/fr\/wp-json\/wp\/v2\/posts\/349858\/revisions"}],"wp:featuredmedia":[{"embeddable":true,"href":"https:\/\/www.europesays.com\/fr\/wp-json\/wp\/v2\/media\/349859"}],"wp:attachment":[{"href":"https:\/\/www.europesays.com\/fr\/wp-json\/wp\/v2\/media?parent=349858"}],"wp:term":[{"taxonomy":"category","embeddable":true,"href":"https:\/\/www.europesays.com\/fr\/wp-json\/wp\/v2\/categories?post=349858"},{"taxonomy":"post_tag","embeddable":true,"href":"https:\/\/www.europesays.com\/fr\/wp-json\/wp\/v2\/tags?post=349858"}],"curies":[{"name":"wp","href":"https:\/\/api.w.org\/{rel}","templated":true}]}}