{"id":349860,"date":"2025-08-28T10:58:12","date_gmt":"2025-08-28T10:58:12","guid":{"rendered":"https:\/\/www.europesays.com\/fr\/349860\/"},"modified":"2025-08-28T10:58:12","modified_gmt":"2025-08-28T10:58:12","slug":"un-detenu-dans-le-coma-apres-avoir-avale-plus-de-5-grammes-de-cocaine-pendant-une-fouille","status":"publish","type":"post","link":"https:\/\/www.europesays.com\/fr\/349860\/","title":{"rendered":"Un d\u00e9tenu dans le coma apr\u00e8s avoir aval\u00e9 plus de 5 grammes de coca\u00efne pendant une fouille"},"content":{"rendered":"<p class=\"mb-4 text-lg md:leading-8 break-words\"><strong>enqu\u00eate &#8211; Un d\u00e9tenu de la prison de Seysses, pr\u00e8s de Toulouse, est en r\u00e9animation apr\u00e8s avoir ing\u00e9r\u00e9 des stup\u00e9fiants lors d\u2019une fouille le 15 ao\u00fbt. Une enqu\u00eate est ouverte pour blessures involontaires, d\u00e9tention de drogue et introduction d\u2019objets illicites<\/strong><\/p>\n<p class=\"mb-4 text-lg md:leading-8 break-words\">Un drame survenu le 15 ao\u00fbt au centre p\u00e9nitentiaire de Toulouse-Seysses a plong\u00e9 Fethi M., un Toulousain de 37 ans, p\u00e8re de quatre enfants, dans un <a href=\"https:\/\/www.20minutes.fr\/dossier\/coma_artificiel?at_medium=RSS%20feed&amp;at_campaign=ynews&amp;utm_source=yahoo&amp;utm_medium=rss&amp;utm_campaign=news_feed&amp;utm_content=in_article_link\" rel=\"nofollow noopener\" target=\"_blank\" data-ylk=\"slk:coma artificiel;elm:context_link;itc:0;sec:content-canvas\" class=\"link \">coma artificiel<\/a>. Hospitalis\u00e9 en r\u00e9animation au <a href=\"https:\/\/www.20minutes.fr\/faits_divers\/4158845-20250616-toulouse-jeune-femme-tue-tombant-station-telepherique?at_medium=RSS%20feed&amp;at_campaign=ynews&amp;utm_source=yahoo&amp;utm_medium=rss&amp;utm_campaign=news_feed&amp;utm_content=in_article_link\" rel=\"nofollow noopener\" target=\"_blank\" data-ylk=\"slk:CHU de Rangueil;elm:context_link;itc:0;sec:content-canvas\" class=\"link \">CHU de Rangueil<\/a>, son pronostic vital reste engag\u00e9, a r\u00e9v\u00e9l\u00e9 <a href=\"https:\/\/www.ladepeche.fr\/2025\/08\/24\/info-la-depeche-pour-eviter-la-fouille-un-detenu-avale-5-g-de-cocaine-et-sombre-dans-le-coma-sa-femme-se-bat-pour-quon-ne-le-debranche-pas-12891270.php?at_medium=RSS%20feed&amp;at_campaign=ynews&amp;utm_source=yahoo&amp;utm_medium=rss&amp;utm_campaign=news_feed&amp;utm_content=in_article_link\" rel=\"nofollow noopener\" target=\"_blank\" data-ylk=\"slk:La D\u00e9p\u00eache du Midi;elm:context_link;itc:0;sec:content-canvas\" class=\"link \">La D\u00e9p\u00eache du Midi<\/a>. Selon un communiqu\u00e9 du procureur de <a href=\"https:\/\/www.20minutes.fr\/toulouse\/?at_medium=RSS%20feed&amp;at_campaign=ynews&amp;utm_source=yahoo&amp;utm_medium=rss&amp;utm_campaign=news_feed&amp;utm_content=in_article_link\" rel=\"nofollow noopener\" target=\"_blank\" data-ylk=\"slk:Toulouse;elm:context_link;itc:0;sec:content-canvas\" class=\"link \">Toulouse<\/a> du 27 ao\u00fbt, une enqu\u00eate est en cours pour \u00e9claircir les circonstances de cet incident, alors que la famille du d\u00e9tenu d\u00e9nonce un retard dans la prise en charge m\u00e9dicale.<\/p>\n<p class=\"mb-4 text-lg md:leading-8 break-words\">Le 15 ao\u00fbt \u00e0 15 heures, une inspection de s\u00e9curit\u00e9 dans une cellule occup\u00e9e par trois d\u00e9tenus r\u00e9v\u00e8le des objets illicites : un t\u00e9l\u00e9phone portable sur Fethi M., d\u00e9sign\u00e9 comme le \u00ab d\u00e9tenu A \u00bb par le parquet, un second t\u00e9l\u00e9phone, cinq seringues, 96 g de r\u00e9sine de cannabis et des c\u00e2bles de chargement dissimul\u00e9s dans des trappes d\u2019a\u00e9ration. Selon Me Sarah Nabet-Claverie, avocate de la famille, Fethi M., apprenant la fouille imminente, aurait aval\u00e9 plus de 5 g de coca\u00efne par peur de compromettre une demande d\u2019am\u00e9nagement de peine. \u00ab Fethi allait passer en commission d\u2019am\u00e9nagement de peine sous peu. Alors, que la drogue soit la sienne ou non, il a d\u00fb se dire, s\u2019ils trouvent \u00e7a dans la cellule c\u2019est foutu pour moi \u00bb, explique-t-elle \u00e0 <a href=\"https:\/\/actu.fr\/occitanie\/seysses_31547\/un-detenu-de-la-prison-de-toulouse-seysses-plonge-dans-le-coma-apres-avoir-avale-5-grammes-de-cocaine_63079212.html?at_medium=RSS%20feed&amp;at_campaign=ynews&amp;utm_source=yahoo&amp;utm_medium=rss&amp;utm_campaign=news_feed&amp;utm_content=in_article_link\" rel=\"nofollow noopener\" target=\"_blank\" data-ylk=\"slk:Actu Toulouse;elm:context_link;itc:0;sec:content-canvas\" class=\"link \">Actu Toulouse<\/a>.<\/p>\n<p>Une prise en charge m\u00e9dicale tardive ?<\/p>\n<p class=\"mb-4 text-lg md:leading-8 break-words\">Vers 23h10, les cod\u00e9tenus alertent les surveillants via l\u2019interphone, signalant une crise de convulsions. Fethi M. est trouv\u00e9 conscient mais d\u00e9sorient\u00e9, sans souvenir de l\u2019\u00e9pisode, apr\u00e8s avoir \u00e9t\u00e9 plac\u00e9 en position lat\u00e9(&#8230;)<\/p>\n<p class=\"mb-4 text-lg md:leading-8 break-words\"><a href=\"https:\/\/www.20minutes.fr\/faits_divers\/faits-divers-toulouse\/4169929-20250828-toulouse-detenu-coma-apres-avoir-avale-plus-5-grammes-cocaine-pendant-fouille?at_medium=RSS%20feed&amp;at_campaign=ynews&amp;utm_source=yahoo&amp;utm_medium=rss&amp;utm_campaign=news_feed&amp;utm_content=read_more_link&quot;\" rel=\"nofollow noopener\" target=\"_blank\" data-ylk=\"slk:Lire la suite sur 20minutes;elm:context_link;itc:0;sec:content-canvas\" class=\"link \">Lire la suite sur 20minutes<\/a><\/p>\n<p>\u00c0 lire aussi :<br \/><a href=\"https:\/\/www.20minutes.fr\/monde\/4157347-20250606-italie-enfant-coma-apres-intoxication-chlore-piscine?at_medium=RSS%20feed&amp;at_campaign=ynews&amp;utm_source=yahoo&amp;utm_medium=rss&amp;utm_campaign=news_feed&amp;utm_content=related_content_link\" rel=\"nofollow noopener\" target=\"_blank\" data-ylk=\"slk:Italie : Un enfant dans le coma apr\u00e8s une intoxication au chlore dans une piscine;elm:context_link;itc:0;sec:content-canvas\" class=\"link \">Italie : Un enfant dans le coma apr\u00e8s une intoxication au chlore dans une piscine<\/a><br \/><a href=\"https:\/\/www.20minutes.fr\/monde\/4156905-20250604-enfant-tombe-coma-apres-avoir-mange-bonbons-haribo-contamines-cannabis?at_medium=RSS%20feed&amp;at_campaign=ynews&amp;utm_source=yahoo&amp;utm_medium=rss&amp;utm_campaign=news_feed&amp;utm_content=related_content_link\" rel=\"nofollow noopener\" target=\"_blank\" data-ylk=\"slk:Un enfant tombe dans le coma apr\u00e8s avoir mang\u00e9 des bonbons Haribo contamin\u00e9s au cannabis;elm:context_link;itc:0;sec:content-canvas\" class=\"link \">Un enfant tombe dans le coma apr\u00e8s avoir mang\u00e9 des bonbons Haribo contamin\u00e9s au cannabis<\/a><\/p>\n","protected":false},"excerpt":{"rendered":"enqu\u00eate &#8211; Un d\u00e9tenu de la prison de Seysses, pr\u00e8s de Toulouse, est en r\u00e9animation apr\u00e8s avoir ing\u00e9r\u00e9&hellip;\n","protected":false},"author":2,"featured_media":349861,"comment_status":"","ping_status":"","sticky":false,"template":"","format":"standard","meta":{"footnotes":""},"categories":[2816],"tags":[1111,11,48632,5464,1777,674,48633,1011,27,12,2680,25,2312],"class_list":{"0":"post-349860","1":"post","2":"type-post","3":"status-publish","4":"format-standard","5":"has-post-thumbnail","7":"category-toulouse","8":"tag-actu","9":"tag-actualites","10":"tag-chu-de-rangueil","11":"tag-coma-artificiel","12":"tag-eu","13":"tag-europe","14":"tag-fethi-m","15":"tag-fr","16":"tag-france","17":"tag-news","18":"tag-occitanie","19":"tag-republique-francaise","20":"tag-toulouse"},"share_on_mastodon":{"url":"https:\/\/pubeurope.com\/@fr\/115106041323112467","error":""},"_links":{"self":[{"href":"https:\/\/www.europesays.com\/fr\/wp-json\/wp\/v2\/posts\/349860","targetHints":{"allow":["GET"]}}],"collection":[{"href":"https:\/\/www.europesays.com\/fr\/wp-json\/wp\/v2\/posts"}],"about":[{"href":"https:\/\/www.europesays.com\/fr\/wp-json\/wp\/v2\/types\/post"}],"author":[{"embeddable":true,"href":"https:\/\/www.europesays.com\/fr\/wp-json\/wp\/v2\/users\/2"}],"replies":[{"embeddable":true,"href":"https:\/\/www.europesays.com\/fr\/wp-json\/wp\/v2\/comments?post=349860"}],"version-history":[{"count":0,"href":"https:\/\/www.europesays.com\/fr\/wp-json\/wp\/v2\/posts\/349860\/revisions"}],"wp:featuredmedia":[{"embeddable":true,"href":"https:\/\/www.europesays.com\/fr\/wp-json\/wp\/v2\/media\/349861"}],"wp:attachment":[{"href":"https:\/\/www.europesays.com\/fr\/wp-json\/wp\/v2\/media?parent=349860"}],"wp:term":[{"taxonomy":"category","embeddable":true,"href":"https:\/\/www.europesays.com\/fr\/wp-json\/wp\/v2\/categories?post=349860"},{"taxonomy":"post_tag","embeddable":true,"href":"https:\/\/www.europesays.com\/fr\/wp-json\/wp\/v2\/tags?post=349860"}],"curies":[{"name":"wp","href":"https:\/\/api.w.org\/{rel}","templated":true}]}}