{"id":349862,"date":"2025-08-28T10:59:16","date_gmt":"2025-08-28T10:59:16","guid":{"rendered":"https:\/\/www.europesays.com\/fr\/349862\/"},"modified":"2025-08-28T10:59:16","modified_gmt":"2025-08-28T10:59:16","slug":"la-bouquinerie-du-sart-de-lille-cormontaigne-demenage-28-08-2025","status":"publish","type":"post","link":"https:\/\/www.europesays.com\/fr\/349862\/","title":{"rendered":"La Bouquinerie du Sart de Lille Cormontaigne d\u00e9m\u00e9nage &#8211; 28\/08\/2025"},"content":{"rendered":"<p>\n        \u00c0 partir du 13 septembre 2025, vous ne pourrez plus vous procurer vos livres \u00e0 prix r\u00e9duits dans le local lillois de la Bouquinerie du Sart Cormontaigne. Le magasin-\u00e9cole d\u00e9m\u00e9nage dans un endroit plus grand \u00e0 Lomme.<\/p>\n<p>Dans les d\u00e9m\u00e9nagements il y a toujours deux teams : celles et ceux qui sont content\u00b7es car \u00e7a les rapproche et les autres, plus d\u00e9go\u00fbt\u00e9\u00b7es car \u00e7a les \u00e9loigne. Le d\u00e9m\u00e9nagement annonc\u00e9 de la Bouquinerie du Sart de Cormontaigne ne fait pas exception.\u00a0<\/p>\n<p><a target=\"_blank\" href=\"https:\/\/www.vozer.fr\/2024\/08\/14\/la-bouquinerie-du-sart-ouvre-une-nouvelle-librairie-solidaire-a-lille\/\" rel=\"nofollow noopener\">Un an apr\u00e8s son arriv\u00e9e<\/a>, le quartier lillois devra bient\u00f4t dire bye bye \u00e0 la Bouquinerie qui s&rsquo;en va \u00e0 Lomme. La raison ? \u00ab\u00a0Notre bouquinerie devenait trop petite pour accueillir les dons et permettre un confort optimal\u00a0\u00bb, explique l&rsquo;\u00e9quipe. Mais pas de panique, le d\u00e9m\u00e9nagement ne va pas se faire du jour au lendemain et surtout, la Bouquinerie du Sart a pens\u00e9 \u00e0 tout pour que les Lillois\u00b7es ne se sentent pas abandonn\u00e9\u00b7es.\u00a0<\/p>\n<p>Les dates \u00e0 retenir<\/p>\n<p>Certes la Bouquinerie s&rsquo;en va de Lille&#8230; mais reste proche. \u00ab\u00a0Le nouveau magasin est situ\u00e9 \u00e0 15 minutes en m\u00e9tro (6 arr\u00eats) de notre espace actuel. \u00c7a repr\u00e9sente 13 minutes \u00e0 v\u00e9lo, 9 minutes en voiture ou 5 000 pas pour les plus vaillants\u00a0\u00bb, annonce la Bouquinerie qui donne bient\u00f4t rendez-vous au 9 rue Destombes \u00e0 Lomme.<\/p>\n<p>Il vous reste encore quelques semaines avant de dire au revoir au local lillois. D&rsquo;ailleurs la Bouquinerie a communiqu\u00e9 les dates importantes \u00e0 retenir :<\/p>\n<ul>&#13;<\/p>\n<li>Vous avez jusqu&rsquo;au <b>samedi 30 ao\u00fbt<\/b> pour apporter vos dons (livres et v\u00eatements) \u00e0 Cormontaigne<\/li>\n<p>&#13;<\/p>\n<li>Pour les commandes internet, vous avez jusqu&rsquo;au <b>vendredi 5 septembre<\/b> pour commander vos livres et vous faire livrer gratuitement en magasin<\/li>\n<p>&#13;<\/p>\n<li>Le local de Cormontaigne fermera d\u00e9finitivement ses portes le <b>samedi 13 septembre<\/b>&#13;<\/li>\n<p>&#13;<\/ul>\n<p>  Ouverture fin octobre<\/p>\n<p>Le nouveau local lommois de 500m\u00b2 (contre 150m\u00b2 \u00e0 Cormontaigne) est encore en travaux.\u00a0\u00ab\u00a0L&rsquo;ouverture est pr\u00e9vue fin octobre. Nous communiquerons la date exacte prochainement\u00a0\u00bb, pr\u00e9vient la Bouquinerie qui partagera l&rsquo;avanc\u00e9e du d\u00e9m\u00e9nagement chaque semaine sur ses r\u00e9seaux.\u00a0<\/p>\n","protected":false},"excerpt":{"rendered":"\u00c0 partir du 13 septembre 2025, vous ne pourrez plus vous procurer vos livres \u00e0 prix r\u00e9duits dans&hellip;\n","protected":false},"author":2,"featured_media":349863,"comment_status":"","ping_status":"","sticky":false,"template":"","format":"standard","meta":{"footnotes":""},"categories":[2815],"tags":[1111,11,1777,674,1011,27,811,1307,12,25],"class_list":{"0":"post-349862","1":"post","2":"type-post","3":"status-publish","4":"format-standard","5":"has-post-thumbnail","7":"category-lille","8":"tag-actu","9":"tag-actualites","10":"tag-eu","11":"tag-europe","12":"tag-fr","13":"tag-france","14":"tag-hauts-de-france","15":"tag-lille","16":"tag-news","17":"tag-republique-francaise"},"share_on_mastodon":{"url":"https:\/\/pubeurope.com\/@fr\/115106045491473534","error":""},"_links":{"self":[{"href":"https:\/\/www.europesays.com\/fr\/wp-json\/wp\/v2\/posts\/349862","targetHints":{"allow":["GET"]}}],"collection":[{"href":"https:\/\/www.europesays.com\/fr\/wp-json\/wp\/v2\/posts"}],"about":[{"href":"https:\/\/www.europesays.com\/fr\/wp-json\/wp\/v2\/types\/post"}],"author":[{"embeddable":true,"href":"https:\/\/www.europesays.com\/fr\/wp-json\/wp\/v2\/users\/2"}],"replies":[{"embeddable":true,"href":"https:\/\/www.europesays.com\/fr\/wp-json\/wp\/v2\/comments?post=349862"}],"version-history":[{"count":0,"href":"https:\/\/www.europesays.com\/fr\/wp-json\/wp\/v2\/posts\/349862\/revisions"}],"wp:featuredmedia":[{"embeddable":true,"href":"https:\/\/www.europesays.com\/fr\/wp-json\/wp\/v2\/media\/349863"}],"wp:attachment":[{"href":"https:\/\/www.europesays.com\/fr\/wp-json\/wp\/v2\/media?parent=349862"}],"wp:term":[{"taxonomy":"category","embeddable":true,"href":"https:\/\/www.europesays.com\/fr\/wp-json\/wp\/v2\/categories?post=349862"},{"taxonomy":"post_tag","embeddable":true,"href":"https:\/\/www.europesays.com\/fr\/wp-json\/wp\/v2\/tags?post=349862"}],"curies":[{"name":"wp","href":"https:\/\/api.w.org\/{rel}","templated":true}]}}