{"id":349868,"date":"2025-08-28T11:02:10","date_gmt":"2025-08-28T11:02:10","guid":{"rendered":"https:\/\/www.europesays.com\/fr\/349868\/"},"modified":"2025-08-28T11:02:10","modified_gmt":"2025-08-28T11:02:10","slug":"marseille-un-garconnet-de-2-ans-hospitalise-apres-avoir-ingere-du-cannabis","status":"publish","type":"post","link":"https:\/\/www.europesays.com\/fr\/349868\/","title":{"rendered":"Marseille\u00a0: un gar\u00e7onnet de 2\u00a0ans hospitalis\u00e9 apr\u00e8s avoir ing\u00e9r\u00e9 du cannabis"},"content":{"rendered":"<p class=\"paragraph text_align_left lp-f-body-02\">Les analyses toxicologiques pratiqu\u00e9es au service p\u00e9diatrique de l\u2019h\u00f4pital Nord de <a href=\"https:\/\/www.leparisien.fr\/bouches-du-rhone-13\/marseille-un-jeune-de-20-ans-decede-apres-un-refus-dobtemperer-a-scooter-27-08-2025-X5HDGSGE7RAHNIHOGQS7KAMDSU.php\" target=\"_blank\" rel=\"noreferrer nofollow noopener\">Marseille<\/a> sont formelles : un enfant de deux ans qui pr\u00e9sentait des troubles au point d\u2019affoler ses parents a bien ing\u00e9r\u00e9 du <a href=\"https:\/\/www.leparisien.fr\/societe\/la-cannabis-reste-la-drogue-la-plus-consommee-par-les-francais-02-12-2021-BSJZDMXOE5ACDMOHYGX5H3RJWI.php\" target=\"_blank\" rel=\"noreferrer nofollow noopener\">cannabis<\/a>, et ce de mani\u00e8re totalement involontaire apr\u00e8s avoir d\u00e9couvert la drogue dans un parc.<\/p>\n<p class=\"paragraph text_align_left lp-f-body-02\">Le petit gar\u00e7on aurait aval\u00e9 mercredi apr\u00e8s-midi le contenu d\u2019un pochon trouv\u00e9 par terre alors qu\u2019il \u00e9tait au parc avec ses parents, originaires de <a href=\"https:\/\/www.leparisien.fr\/faits-divers\/le-gout-de-la-vie-est-fini-lactrice-kenza-fortas-annonce-la-mort-de-son-epoux-tue-par-balles-a-marseille-31-07-2025-KWCKQLSW7RHDTGFPHK3DF6TVOU.php\" target=\"_blank\" rel=\"noreferrer nofollow noopener\">La Bricarde<\/a>, une cit\u00e9 qui abrite de nombreux points de vente de stup\u00e9fiants dans le XVe arrondissement de la cit\u00e9 phoc\u00e9enne.<\/p>\n<p class=\"paragraph text_align_left lp-f-body-02\">Atteint de somnolence, puis inconscient, l\u2019enfant a \u00e9t\u00e9 transport\u00e9 \u00e0 l\u2019h\u00f4pital, sans que son pronostic vital ne soit engag\u00e9, par les marins-pompiers alert\u00e9s dans la soir\u00e9e par les parents un peu plus d\u2019une heure apr\u00e8s le retour dans l\u2019appartement familial.<\/p>\n<p>\u00ab D\u2019apr\u00e8s les m\u00e9decins, il est tir\u00e9 d\u2019affaire \u00bb<\/p>\n<p class=\"paragraph text_align_left lp-f-body-02\">\u00ab Il a bien ing\u00e9r\u00e9 du cannabis m\u00eame si on ne sait pas encore en quelle quantit\u00e9 \u00bb, indique un policier confirmant des informations du journal La Provence. \u00ab D\u2019apr\u00e8s les m\u00e9decins, il est tir\u00e9 d\u2019affaire m\u00eame s\u2019il doit \u00eatre plac\u00e9 sous surveillance. Mais tout \u00e7a montre que ces quartiers sont vraiment gangren\u00e9s par le trafic de stup\u00e9fiants, au point que l\u2019on peut en trouver abandonn\u00e9s par terre. Cette affaire aurait pu se terminer de mani\u00e8re beaucoup plus dramatique si la quantit\u00e9 avait \u00e9t\u00e9 plus importante ou si les parents avaient r\u00e9agi plus tard. \u00bb<\/p>\n<p class=\"lp-card-podcast-highlighting__title  lp-f-subtitle-05\">[4\/4] C\u00e9cile Vallin, les secrets d\u2019une disparition<\/p>\n<p class=\"lp-card-podcast-highlighting__description lp-f-ui-05\">Crime story raconte chaque semaine les grandes affaires criminelles.<\/p>\n<p><a class=\"lp-card-podcast-highlighting__call-to-action\" data-page-type=\"HP\" data-block-name=\"podcast-highlight\">\u00c9couter<\/a><\/p>\n<p class=\"paragraph text_align_left lp-f-body-02\"><a href=\"https:\/\/www.leparisien.fr\/faits-divers\/narcotrafic-mise-en-echec-du-projet-devasion-dun-detenu-dangereux-27-08-2025-7C7UHXLRYFEJHMHZC47UIYCVJM.php\" target=\"_blank\" rel=\"noreferrer nofollow noopener\">Le parquet de Marseille<\/a> qui confirme que la substance ing\u00e9r\u00e9e par le gar\u00e7onnet \u00e9tait bien du cannabis a ouvert une enqu\u00eate confi\u00e9e au commissariat des quartiers nord de la cit\u00e9 phoc\u00e9enne.<\/p>\n","protected":false},"excerpt":{"rendered":"Les analyses toxicologiques pratiqu\u00e9es au service p\u00e9diatrique de l\u2019h\u00f4pital Nord de Marseille sont formelles : un enfant de&hellip;\n","protected":false},"author":2,"featured_media":349869,"comment_status":"","ping_status":"","sticky":false,"template":"","format":"standard","meta":{"footnotes":""},"categories":[2814],"tags":[1111,11,459,1777,674,118,1011,27,884,12,882,25],"class_list":{"0":"post-349868","1":"post","2":"type-post","3":"status-publish","4":"format-standard","5":"has-post-thumbnail","7":"category-marseille","8":"tag-actu","9":"tag-actualites","10":"tag-departements-horsidfo","11":"tag-eu","12":"tag-europe","13":"tag-faits-divers","14":"tag-fr","15":"tag-france","16":"tag-marseille","17":"tag-news","18":"tag-provence-alpes-cote-dazur","19":"tag-republique-francaise"},"share_on_mastodon":{"url":"https:\/\/pubeurope.com\/@fr\/115106057041994197","error":""},"_links":{"self":[{"href":"https:\/\/www.europesays.com\/fr\/wp-json\/wp\/v2\/posts\/349868","targetHints":{"allow":["GET"]}}],"collection":[{"href":"https:\/\/www.europesays.com\/fr\/wp-json\/wp\/v2\/posts"}],"about":[{"href":"https:\/\/www.europesays.com\/fr\/wp-json\/wp\/v2\/types\/post"}],"author":[{"embeddable":true,"href":"https:\/\/www.europesays.com\/fr\/wp-json\/wp\/v2\/users\/2"}],"replies":[{"embeddable":true,"href":"https:\/\/www.europesays.com\/fr\/wp-json\/wp\/v2\/comments?post=349868"}],"version-history":[{"count":0,"href":"https:\/\/www.europesays.com\/fr\/wp-json\/wp\/v2\/posts\/349868\/revisions"}],"wp:featuredmedia":[{"embeddable":true,"href":"https:\/\/www.europesays.com\/fr\/wp-json\/wp\/v2\/media\/349869"}],"wp:attachment":[{"href":"https:\/\/www.europesays.com\/fr\/wp-json\/wp\/v2\/media?parent=349868"}],"wp:term":[{"taxonomy":"category","embeddable":true,"href":"https:\/\/www.europesays.com\/fr\/wp-json\/wp\/v2\/categories?post=349868"},{"taxonomy":"post_tag","embeddable":true,"href":"https:\/\/www.europesays.com\/fr\/wp-json\/wp\/v2\/tags?post=349868"}],"curies":[{"name":"wp","href":"https:\/\/api.w.org\/{rel}","templated":true}]}}