{"id":349870,"date":"2025-08-28T11:03:10","date_gmt":"2025-08-28T11:03:10","guid":{"rendered":"https:\/\/www.europesays.com\/fr\/349870\/"},"modified":"2025-08-28T11:03:10","modified_gmt":"2025-08-28T11:03:10","slug":"les-nouveautes-de-peps-a-lyon-pour-la-rentree","status":"publish","type":"post","link":"https:\/\/www.europesays.com\/fr\/349870\/","title":{"rendered":"les nouveaut\u00e9s de Peps \u00e0 Lyon pour la rentr\u00e9e"},"content":{"rendered":"<p class=\"content\" style=\"font-size:1.2em;font-weight:700\">La r\u00e9forme du temps p\u00e9riscolaire, baptis\u00e9 Peps, mis en place pour la rentr\u00e9e 2024, va conna\u00eetre de l\u00e9g\u00e8re modification pour sa deuxi\u00e8me ann\u00e9e d&rsquo;existence.<\/p>\n<p>C&rsquo;est une r\u00e9forme qui avait, \u00e0 l&rsquo;\u00e9t\u00e9 2024, <a href=\"https:\/\/www.lyoncapitale.fr\/actualite\/reforme-du-periscolaire-des-parents-d-eleves-denoncent-le-refus-du-dialogue-de-la-ville-de-lyon\" target=\"_blank\" rel=\"noreferrer noopener nofollow\">\u00e9t\u00e9 source de nombreuses craintes et critiques des familles et du personnel enseignant<\/a>. La nouvelle organisation du p\u00e9riscolaire du soir dans les \u00e9coles publiques \u00e0 Lyon, appel\u00e9e Peps, va conna\u00eetre, pour sa deuxi\u00e8me rentr\u00e9e scolaire, de l\u00e9g\u00e8res modifications. <a href=\"https:\/\/www.lyoncapitale.fr\/societe\/lyon-de-nouveaux-ajustements-du-periscolaire-peps-prevus-pour-la-rentree-2025\" target=\"_blank\" rel=\"noreferrer noopener nofollow\">Des changements initi\u00e9s apr\u00e8s de nombreux \u00e9changes avec tous les acteurs<\/a>. <\/p>\n<p>\u00ab\u00a0Nous avons notamment travaill\u00e9 avec un groupe de 27 parents qui sont venus, tout au long de l&rsquo;ann\u00e9e, rencontrer les professionnels de l&rsquo;animation mais aussi la direction de l&rsquo;\u00e9ducation\u00a0\u00bb explique St\u00e9phanie L\u00e9ger, adjointe \u00e0 la ville de Lyon charg\u00e9e de l&rsquo;\u00e9ducation. \u00ab\u00a0Ces parents ont cr\u00e9\u00e9 un cahier de pr\u00e9conisation sur lequel nous nous sommes appuy\u00e9s pour faire \u00e9voluer ce projet\u00a0\u00bb compl\u00e8te l&rsquo;\u00e9lue depuis l&rsquo;\u00e9cole Paul Painlev\u00e9, ce jeudi 28 ao\u00fbt au matin.<\/p>\n<p><strong>Lire aussi :<\/strong><\/p>\n<p>Parmi les souhaits des familles, plus de flexibilit\u00e9 pour le p\u00e9riscolaire du soir. Si le p\u00e9riscolaire garde la m\u00eame tranche horaire, de 16h30 \u00e0 18h30 avec un d\u00e9part possible d\u00e8s 17h45, la m\u00eame tarification et le m\u00eame parcours d&rsquo;animation, la Ville va mettre en place deux changements sur son fonctionnement. Le forfait mini, qui permettait jusqu&rsquo;\u00e0 pr\u00e9sent aux enfants de venir deux jours fixes maximum par soir au p\u00e9riscolaire, sera ainsi assoupli. Les parents pourront, d\u00e8s la rentr\u00e9e, changer chaque semaine les deux jours de fr\u00e9quentation de leur enfant.<\/p>\n<p>Une nouvelle formule<\/p>\n<p>La formule Peps+ va elle \u00eatre lanc\u00e9e d\u00e8s lundi prochain, pour une fr\u00e9quentation ponctuelle du p\u00e9riscolaire.\u00a0\u00ab\u00a0Nous avions beaucoup de famille, qui habituellement ne fr\u00e9quente pas ce temps p\u00e9riscolaire, qui souhaitait, de temps en temps pouvoir faire participer leur enfant\u00a0\u00bb compl\u00e8te St\u00e9phanie L\u00e9ger. Avec ce nouveau forfait, et en cas d&rsquo;impr\u00e9vu ou simplement pour d\u00e9couvrir une nouvelle activit\u00e9, les parents auront la possibilit\u00e9 de b\u00e9n\u00e9ficier de 10 jours de pr\u00e9sence \u00e0 Peps sur l&rsquo;ann\u00e9e, avec un tarif \u00e0 la s\u00e9ance qui d\u00e9pendra du quotient familial municipal.<\/p>\n<p>D\u00e9j\u00e0 assouplie en d\u00e9but d&rsquo;ann\u00e9e scolaire 2024, notamment sur les horaires de d\u00e9part, la r\u00e9forme Peps a semble-t-il trouv\u00e9 son public pour sa premi\u00e8re ann\u00e9e d&rsquo;existence. \u00ab\u00a0Nous avons men\u00e9 une enqu\u00eate tr\u00e8s large (men\u00e9e par le cabinet ind\u00e9pendant Pluricit\u00e9) au printemps 2025 aupr\u00e8s de 4200 familles\u00a0\u00bb compl\u00e8te l&rsquo;\u00e9lue. Il en ressort que 73% des familles sont satisfaites du temps p\u00e9riscolaire du soir et 81% d&rsquo;entre elles le recommanderaient \u00e0 d&rsquo;autres familles lyonnaises si elles en avaient l&rsquo;occasion. De quoi conforter la Ville de Lyon sur cette r\u00e9forme \u00e0 quatre petits jours de la rentr\u00e9e 2025.<\/p>\n","protected":false},"excerpt":{"rendered":"La r\u00e9forme du temps p\u00e9riscolaire, baptis\u00e9 Peps, mis en place pour la rentr\u00e9e 2024, va conna\u00eetre de l\u00e9g\u00e8re&hellip;\n","protected":false},"author":2,"featured_media":94262,"comment_status":"","ping_status":"","sticky":false,"template":"","format":"standard","meta":{"footnotes":""},"categories":[1889],"tags":[1111,11,2430,1777,674,1011,27,2428,12,25],"class_list":{"0":"post-349870","1":"post","2":"type-post","3":"status-publish","4":"format-standard","5":"has-post-thumbnail","7":"category-lyon","8":"tag-actu","9":"tag-actualites","10":"tag-auvergne-rhone-alpes","11":"tag-eu","12":"tag-europe","13":"tag-fr","14":"tag-france","15":"tag-lyon","16":"tag-news","17":"tag-republique-francaise"},"share_on_mastodon":{"url":"https:\/\/pubeurope.com\/@fr\/115106061112649916","error":""},"_links":{"self":[{"href":"https:\/\/www.europesays.com\/fr\/wp-json\/wp\/v2\/posts\/349870","targetHints":{"allow":["GET"]}}],"collection":[{"href":"https:\/\/www.europesays.com\/fr\/wp-json\/wp\/v2\/posts"}],"about":[{"href":"https:\/\/www.europesays.com\/fr\/wp-json\/wp\/v2\/types\/post"}],"author":[{"embeddable":true,"href":"https:\/\/www.europesays.com\/fr\/wp-json\/wp\/v2\/users\/2"}],"replies":[{"embeddable":true,"href":"https:\/\/www.europesays.com\/fr\/wp-json\/wp\/v2\/comments?post=349870"}],"version-history":[{"count":0,"href":"https:\/\/www.europesays.com\/fr\/wp-json\/wp\/v2\/posts\/349870\/revisions"}],"wp:featuredmedia":[{"embeddable":true,"href":"https:\/\/www.europesays.com\/fr\/wp-json\/wp\/v2\/media\/94262"}],"wp:attachment":[{"href":"https:\/\/www.europesays.com\/fr\/wp-json\/wp\/v2\/media?parent=349870"}],"wp:term":[{"taxonomy":"category","embeddable":true,"href":"https:\/\/www.europesays.com\/fr\/wp-json\/wp\/v2\/categories?post=349870"},{"taxonomy":"post_tag","embeddable":true,"href":"https:\/\/www.europesays.com\/fr\/wp-json\/wp\/v2\/tags?post=349870"}],"curies":[{"name":"wp","href":"https:\/\/api.w.org\/{rel}","templated":true}]}}