{"id":349875,"date":"2025-08-28T11:06:10","date_gmt":"2025-08-28T11:06:10","guid":{"rendered":"https:\/\/www.europesays.com\/fr\/349875\/"},"modified":"2025-08-28T11:06:10","modified_gmt":"2025-08-28T11:06:10","slug":"environnement-la-pollution-de-lair-recule-en-ile-de-france","status":"publish","type":"post","link":"https:\/\/www.europesays.com\/fr\/349875\/","title":{"rendered":"Environnement\u00a0: la pollution de l\u2019air recule en \u00cele-de-France"},"content":{"rendered":"<p>Le <a href=\"https:\/\/www.humanite.fr\/environnement\/ozone\/airparif-dans-les-coulisses-des-mesures-de-qualite-de-lair-francilien\" rel=\"nofollow noopener\" target=\"_blank\">constat dress\u00e9 par Airparif<\/a>, organisme ind\u00e9pendant de surveillance, dans deux rapports rendus publics le 27\u00a0ao\u00fbt concernant Paris intra-muros et la r\u00e9gion \u00cele-de-France est tr\u00e8s encourageant\u00a0: <a href=\"https:\/\/www.humanite.fr\/environnement\/environnement\/la-pollution-de-lair-a-baisse-de-moitie-en-vingt-ans-en-ile-de-france\" rel=\"nofollow noopener\" target=\"_blank\">la qualit\u00e9 de l\u2019air progresse<\/a>. Et il s\u2019agit en outre d\u2019une am\u00e9lioration progressive et continue depuis deux d\u00e9cennies.<\/p>\n<p>Ainsi \u00e0 Paris, les \u00e9missions de dioxyde de carbone li\u00e9es au trafic routier ont diminu\u00e9 de 35\u00a0% durant ces dix derni\u00e8res ann\u00e9es. Depuis 2005, les concentrations des deux principaux polluants r\u00e9glement\u00e9s pour leurs effets sur la sant\u00e9 \u2013 les particules fines et le dioxyde d\u2019azote \u2013 ont diminu\u00e9 respectivement de 55\u00a0% et 50\u00a0%.<\/p>\n<p>Cons\u00e9quence\u00a0: le nombre de d\u00e9c\u00e8s pr\u00e9matur\u00e9s li\u00e9s \u00e0 la pollution de l\u2019air a diminu\u00e9 d\u2019un tiers. Airparif incite toutefois \u00e0 maintenir la vigilance et \u00e0 poursuivre les politiques en mati\u00e8re de mobilit\u00e9, de chauffage et d\u2019\u00e9nergie. En effet, malgr\u00e9 les progr\u00e8s observ\u00e9s, <a href=\"https:\/\/www.humanite.fr\/environnement\/canicule\/incendies-dans-laude-noublions-pas-que-la-canicule-elle-meme-a-un-impact-sur-la-sante-humaine-soulignent-deux-chercheurs-specialistes-de-la-pollution\" rel=\"nofollow noopener\" target=\"_blank\">la pollution reste responsable d\u2019impacts importants sur la sant\u00e9<\/a>. Il faut poursuivre les efforts afin de respecter les normes fix\u00e9es par l\u2019OMS pour 2030.<\/p>\n<p>La Terre de nos batailles<\/p>\n<p><strong>La justice climatique,<\/strong> c\u2019est notre bataille. Celle qui relie luttes environnementales et sociales pour contrer un syst\u00e8me capitaliste faisant ventre de tout. Du vivant, de la plan\u00e8te, de notre humanit\u00e9.<\/p>\n<p><strong>Il n\u2019y a pas de fatalit\u00e9. <\/strong><\/p>\n<ul class=\"wp-block-list\">\n<li>Nous d\u00e9masquons les manipulations des lobbies. <\/li>\n<li>Nous battons en br\u00e8che les d\u00e9nis climatiques mortif\u00e8res. <\/li>\n<li>Nous mettons en valeur les initiatives visant \u00e0 r\u00e9duire les in\u00e9galit\u00e9s environnementales et les fractures sociales.<\/li>\n<\/ul>\n<p><strong>Soutenez-nous.<\/strong><br \/><a href=\"https:\/\/www.humanite.fr\/lhumanite-cest-vous\" data-type=\"link\" data-id=\"https:\/\/www.humanite.fr\/lhumanite-cest-vous\" rel=\"nofollow noopener\" target=\"_blank\">Je veux en savoir plus<\/a><\/p>\n","protected":false},"excerpt":{"rendered":"Le constat dress\u00e9 par Airparif, organisme ind\u00e9pendant de surveillance, dans deux rapports rendus publics le 27\u00a0ao\u00fbt concernant Paris&hellip;\n","protected":false},"author":2,"featured_media":349876,"comment_status":"","ping_status":"","sticky":false,"template":"","format":"standard","meta":{"footnotes":""},"categories":[1592],"tags":[1111,11,1777,674,1011,27,662,12,626,5170,25],"class_list":{"0":"post-349875","1":"post","2":"type-post","3":"status-publish","4":"format-standard","5":"has-post-thumbnail","7":"category-ile-de-france","8":"tag-actu","9":"tag-actualites","10":"tag-eu","11":"tag-europe","12":"tag-fr","13":"tag-france","14":"tag-ile-de-france","15":"tag-news","16":"tag-paris","17":"tag-pollution-de-lair","18":"tag-republique-francaise"},"share_on_mastodon":{"url":"https:\/\/pubeurope.com\/@fr\/115106072812800924","error":""},"_links":{"self":[{"href":"https:\/\/www.europesays.com\/fr\/wp-json\/wp\/v2\/posts\/349875","targetHints":{"allow":["GET"]}}],"collection":[{"href":"https:\/\/www.europesays.com\/fr\/wp-json\/wp\/v2\/posts"}],"about":[{"href":"https:\/\/www.europesays.com\/fr\/wp-json\/wp\/v2\/types\/post"}],"author":[{"embeddable":true,"href":"https:\/\/www.europesays.com\/fr\/wp-json\/wp\/v2\/users\/2"}],"replies":[{"embeddable":true,"href":"https:\/\/www.europesays.com\/fr\/wp-json\/wp\/v2\/comments?post=349875"}],"version-history":[{"count":0,"href":"https:\/\/www.europesays.com\/fr\/wp-json\/wp\/v2\/posts\/349875\/revisions"}],"wp:featuredmedia":[{"embeddable":true,"href":"https:\/\/www.europesays.com\/fr\/wp-json\/wp\/v2\/media\/349876"}],"wp:attachment":[{"href":"https:\/\/www.europesays.com\/fr\/wp-json\/wp\/v2\/media?parent=349875"}],"wp:term":[{"taxonomy":"category","embeddable":true,"href":"https:\/\/www.europesays.com\/fr\/wp-json\/wp\/v2\/categories?post=349875"},{"taxonomy":"post_tag","embeddable":true,"href":"https:\/\/www.europesays.com\/fr\/wp-json\/wp\/v2\/tags?post=349875"}],"curies":[{"name":"wp","href":"https:\/\/api.w.org\/{rel}","templated":true}]}}