{"id":349885,"date":"2025-08-28T11:11:11","date_gmt":"2025-08-28T11:11:11","guid":{"rendered":"https:\/\/www.europesays.com\/fr\/349885\/"},"modified":"2025-08-28T11:11:11","modified_gmt":"2025-08-28T11:11:11","slug":"guerre-en-ukraine-apres-ses-frappes-meurtrieres-a-kiev-la-russie-reste-interessee-par-des-negociations-de-paix-avec-lukraine","status":"publish","type":"post","link":"https:\/\/www.europesays.com\/fr\/349885\/","title":{"rendered":"Guerre en Ukraine\u00a0: apr\u00e8s ses frappes meurtri\u00e8res \u00e0 Kiev, la Russie reste int\u00e9ress\u00e9e par des n\u00e9gociations de paix avec l\u2019Ukraine"},"content":{"rendered":"<p>\n                                                                La Russie a r\u00e9affirm\u00e9 jeudi 28\u00a0ao\u00fbt 2025 son int\u00e9r\u00eat pour des n\u00e9gociations de paix avec l\u2019Ukraine, tout en poursuivant ses frappes, apr\u00e8s des bombardements nocturnes sur Kiev ayant fait au moins 14 morts. L\u2019Union europ\u00e9enne a convoqu\u00e9 l\u2019ambassadeur russe \u00e0 Bruxelles apr\u00e8s que les bureaux de sa repr\u00e9sentation \u00e0 Kiev ont \u00e9t\u00e9 endommag\u00e9s.\n                            <\/p>\n<p>Le Kremlin a indiqu\u00e9 jeudi 28\u00a0ao\u00fbt 2025\u00a0que la Russie restait \u00ab\u00a0int\u00e9ress\u00e9e\u00a0\u00bb par les n\u00e9gociations de paix avec l\u2019Ukraine mais qu\u2019elle continuerait de mener des frappes dans le pays tant que ses \u00ab\u00a0objectifs\u00a0\u00bb ne seront pas atteints,<a href=\"https:\/\/www.midilibre.fr\/2025\/08\/28\/guerre-en-ukraine-au-moins-14-morts-dont-3-enfants-justifications-russes-sanctions-ce-que-lon-sait-de-la-terrible-attaque-sur-kiev-12897756.php\" target=\"_self\" rel=\"nofollow noopener\"> apr\u00e8s des bombardements nocturnes sur Kiev <\/a>qui ont fait <a href=\"https:\/\/www.midilibre.fr\/2025\/08\/28\/guerre-en-ukraine-un-enfant-et-sept-autres-personnes-tues-dans-des-frappes-combinees-le-style-typique-des-attaques-russes-12897432.php\" target=\"_self\" rel=\"nofollow noopener\">au moins 14 morts<\/a>.<\/p>\n<p>Les bureaux de l\u2019UE endommag\u00e9s<\/p>\n<p>\u00ab\u00a0<a href=\"https:\/\/www.midilibre.fr\/2025\/08\/27\/guerre-en-ukraine-un-soldat-se-fait-trancher-la-gorge-par-les-forces-russes-et-rampe-pendant-5-jours-pour-rejoindre-ses-camarades-12896615.php\" target=\"_self\" rel=\"nofollow noopener\">Les forces arm\u00e9es russes<\/a> accomplissent leur mission. Elles continuent de frapper des cibles militaires et para-militaires\u00a0\u00bb, a indiqu\u00e9 \u00e0 des journalistes le porte-parole de la pr\u00e9sidence russe, Dmitri Peskov. \u00ab\u00a0Dans le m\u00eame temps, la Russie reste int\u00e9ress\u00e9e par la poursuite du processus de n\u00e9gociation, afin d\u2019atteindre les objectifs qui sont fix\u00e9s par des moyens politiques et diplomatiques\u00a0\u00bb, a-t-il ajout\u00e9.<\/p>\n<blockquote data-class=\"twitter-tweet\">\n<p lang=\"en\" dir=\"ltr\">I just spoke with my colleagues in <a href=\"https:\/\/twitter.com\/EUDelegationUA?ref_src=twsrc%5Etfw\" rel=\"nofollow noopener\" target=\"_blank\">@EUDelegationUA<\/a> in Kyiv, after our building was damaged by a Russian strike.<\/p>\n<p>Your resolve to keep supporting Ukraine gives us strength. No diplomatic mission should ever be a target.<\/p>\n<p>In response, we are summoning the Russian envoy in Brussels. <a href=\"https:\/\/t.co\/8yxTgoCBAM\" rel=\"nofollow\">pic.twitter.com\/8yxTgoCBAM<\/a><\/p>\n<p>\u2014 Kaja Kallas (@kajakallas) <a href=\"https:\/\/twitter.com\/kajakallas\/status\/1961009072276189507?ref_src=twsrc%5Etfw\" rel=\"nofollow noopener\" target=\"_blank\">August 28, 2025<\/a><\/p><\/blockquote>\n<p>L\u2019Union europ\u00e9enne a, quant \u00e0 elle, convoqu\u00e9 l\u2019ambassadeur russe \u00e0 Bruxelles apr\u00e8s les frappes de la nuit qui ont endommag\u00e9 ses bureaux \u00e0 Kiev, a annonc\u00e9 jeudi la cheffe de la diplomatie europ\u00e9enne, Kaja Kallas, sur le r\u00e9seau social X.<\/p>\n<p>\u00ab\u00a0Aucune mission diplomatique ne devrait \u00eatre une cible\u00a0\u00bb, a-t-elle d\u00e9clar\u00e9 apr\u00e8s ces frappes russes qui ont\u00a0endommag\u00e9 les bureaux de la repr\u00e9sentation de l\u2019Union europ\u00e9enne \u00e0 Kiev.<\/p>\n<p>                                                                                                                                                                                                        <script async src=\"https:\/\/platform.twitter.com\/widgets.js\" charset=\"utf-8\"><\/script><\/p>\n","protected":false},"excerpt":{"rendered":"La Russie a r\u00e9affirm\u00e9 jeudi 28\u00a0ao\u00fbt 2025 son int\u00e9r\u00eat pour des n\u00e9gociations de paix avec l\u2019Ukraine, tout en&hellip;\n","protected":false},"author":2,"featured_media":349886,"comment_status":"","ping_status":"","sticky":false,"template":"","format":"standard","meta":{"footnotes":""},"categories":[1591],"tags":[11,1887,12,1885,1886,132],"class_list":{"0":"post-349885","1":"post","2":"type-post","3":"status-publish","4":"format-standard","5":"has-post-thumbnail","7":"category-russie","8":"tag-actualites","9":"tag-federation-de-russie","10":"tag-news","11":"tag-russia","12":"tag-russian-federation","13":"tag-russie"},"share_on_mastodon":{"url":"https:\/\/pubeurope.com\/@fr\/115106092415824662","error":""},"_links":{"self":[{"href":"https:\/\/www.europesays.com\/fr\/wp-json\/wp\/v2\/posts\/349885","targetHints":{"allow":["GET"]}}],"collection":[{"href":"https:\/\/www.europesays.com\/fr\/wp-json\/wp\/v2\/posts"}],"about":[{"href":"https:\/\/www.europesays.com\/fr\/wp-json\/wp\/v2\/types\/post"}],"author":[{"embeddable":true,"href":"https:\/\/www.europesays.com\/fr\/wp-json\/wp\/v2\/users\/2"}],"replies":[{"embeddable":true,"href":"https:\/\/www.europesays.com\/fr\/wp-json\/wp\/v2\/comments?post=349885"}],"version-history":[{"count":0,"href":"https:\/\/www.europesays.com\/fr\/wp-json\/wp\/v2\/posts\/349885\/revisions"}],"wp:featuredmedia":[{"embeddable":true,"href":"https:\/\/www.europesays.com\/fr\/wp-json\/wp\/v2\/media\/349886"}],"wp:attachment":[{"href":"https:\/\/www.europesays.com\/fr\/wp-json\/wp\/v2\/media?parent=349885"}],"wp:term":[{"taxonomy":"category","embeddable":true,"href":"https:\/\/www.europesays.com\/fr\/wp-json\/wp\/v2\/categories?post=349885"},{"taxonomy":"post_tag","embeddable":true,"href":"https:\/\/www.europesays.com\/fr\/wp-json\/wp\/v2\/tags?post=349885"}],"curies":[{"name":"wp","href":"https:\/\/api.w.org\/{rel}","templated":true}]}}