{"id":349889,"date":"2025-08-28T11:13:11","date_gmt":"2025-08-28T11:13:11","guid":{"rendered":"https:\/\/www.europesays.com\/fr\/349889\/"},"modified":"2025-08-28T11:13:11","modified_gmt":"2025-08-28T11:13:11","slug":"pour-son-deuxieme-mandat-trump-na-plus-froid-aux-yeux","status":"publish","type":"post","link":"https:\/\/www.europesays.com\/fr\/349889\/","title":{"rendered":"Pour son deuxi\u00e8me mandat, Trump n\u2019a plus froid aux yeux"},"content":{"rendered":"<p>        <a class=\"Link \" href=\"https:\/\/www.lopinion.fr\/international\/maison-blanche-washington-trump-met-en-scene-son-pouvoir-de-president-batisseur\" data-cms-ai=\"0\" rel=\"nofollow noopener\" target=\"_blank\">Maison Blanche, Washington: Trump met en sc\u00e8ne son pouvoir de pr\u00e9sident-b\u00e2tisseur<\/a><\/p>\n<p>l&rsquo;Opinion (avec AFP)<\/p>\n<p>Washington &#8211; Entre sa future salle de bal \u00e0 la Maison Blanche et ses projets d\u2019embellissement de la ville de Washington, Donald Trump, qui se r\u00eave en pr\u00e9sident-b\u00e2tisseur, a lanc\u00e9 des chantiers d\u2019une envergure in\u00e9dite. Le \u00abchic dictateur\u00bb. Voil\u00e0 comment le critique britannique Peter York a d\u00e9crit le style pris\u00e9 par le pr\u00e9sident am\u00e9ricain. \u00abJe suis dou\u00e9 pour construire des choses\u00bb, a lanc\u00e9 l\u2019ancien promoteur immobilier, qui a \u00e9crit son nom en lettres dor\u00e9es sur moult h\u00f4tels de luxe, en annon\u00e7ant la construction d\u2019une \u00e9norme salle de bal \u00e0 la Maison Blanche. Ce chantier estim\u00e9 \u00e0 200 millions d\u2019euros, que le milliardaire de 79 ans s\u2019est engag\u00e9 \u00e0 financer seul s\u2019il le faut, sera le plus ambitieux depuis le d\u00e9but du XX\u00e8me si\u00e8cle au 1600 Pennsylvania Avenue. Depuis la derni\u00e8re grande r\u00e9novation men\u00e9e entre 1948 et 1952, sous Harry Truman, les pr\u00e9sidents successifs se sont content\u00e9s de touches personnelles discr\u00e8tes. Cossu Aucun n\u2019a alt\u00e9r\u00e9 le style cossu, sans ostentation de la Maison Blanche, cens\u00e9 repr\u00e9senter la simplicit\u00e9 de la R\u00e9publique am\u00e9ricaine, \u00e0 l\u2019oppos\u00e9 des fastes des monarchies europ\u00e9ennes d\u2019antan. Depuis son retour au pouvoir en janvier, Donald Trump a donn\u00e9 au b\u00e2timent les accents clinquants de sa propri\u00e9t\u00e9 la plus connue, celle de Mar-a-Lago en Floride. Il a chang\u00e9 la bucolique roseraie en patio couvert de grandes dalles claires, meubl\u00e9 de tables et chaises en ferronnerie blanche, surmont\u00e9es de parasols \u00e0 rayures jaunes et blanches &#8211; r\u00e9pliques du mobilier de Mar-a-Lago. La raison invoqu\u00e9e est qu\u2019ainsi les femmes portant des talons ne s\u2019enfonceront plus dans la pelouse. L\u2019ancien animateur de t\u00e9l\u00e9r\u00e9alit\u00e9 y a fait installer une sono puissante et s\u2019amuse parfois \u00e0 passer ses tubes pr\u00e9f\u00e9r\u00e9s \u00e0 plein volume. Les journalistes de l\u2019AFP \u00e0 la Maison Blanche ont ainsi entendu r\u00e9cemment, en pleine journ\u00e9e, les \u00e9chos de \u00abYMCA\u00bb. Quant \u00e0 la d\u00e9coration rutilante du Bureau ovale, charg\u00e9 de dorures et tableaux, elle donne lieu r\u00e9guli\u00e8rement sur les r\u00e9seaux sociaux \u00e0 des montages photo \u00abAvant\/Apr\u00e8s\u00bb qui ravissent ses partisans autant qu\u2019ils horrifient ses opposants. \u00abLoge de catcheur\u00bb La pi\u00e8ce \u00aben avait besoin\u00bb, a r\u00e9cemment affirm\u00e9 le pr\u00e9sident am\u00e9ricain. Son homologue sud-cor\u00e9en Lee Jae-myung, re\u00e7u lundi, a jug\u00e9 poliment que l\u2019ensemble, \u00abbeau et brillant\u00bb symbolisait le \u00abnouvel avenir de prosp\u00e9rit\u00e9\u00bb de l\u2019Am\u00e9rique. La rock star Jack White a au contraire compar\u00e9 le c\u00e9l\u00e8bre bureau \u00e0 \u00abune loge de catcheur tapageuse.\u00bb L\u2019ambition esth\u00e9tique du pr\u00e9sident am\u00e9ricain d\u00e9passe les jardins de la Maison Blanche &#8211; o\u00f9 il a plant\u00e9 deux gigantesques drapeaux am\u00e9ricains &#8211; pour embrasser toute la ville de Washington. Donald Trump veut \u00abembellir\u00bb la capitale f\u00e9d\u00e9rale, o\u00f9 il a d\u00e9j\u00e0 repris le contr\u00f4le du maintien de l\u2019ordre, en d\u00e9ployant la Garde nationale. \u00abIl s\u2019agit de mise en sc\u00e8ne toujours plus forte du pouvoir\u00bb, explique \u00e0 l\u2019AFP Peter Loge, professeur de communication \u00e0 la Washington University. \u00abContinuation\u00bb \u00abIl met son nom sur des bibles et des casinos, c\u2019est donc une continuation logique. Sauf qu\u2019il joue d\u00e9sormais avec des vies humaines, avec la r\u00e9putation des Etats-Unis et la culture d\u00e9mocratique\u00bb, ajoute-t-il. Plus mesur\u00e9, le pr\u00e9sident de l\u2019Association historique de la Maison Blanche, Stewart McLaurin, note que tous les travaux d\u2019envergure men\u00e9s dans le pass\u00e9 \u00e0 la Maison Blanche avaient \u00e9t\u00e9 critiqu\u00e9s \u00abpour leur co\u00fbt, leur nature et leur pertinence\u00bb. \u00abBeaucoup de ces changements sont toutefois aujourd\u2019hui partie int\u00e9grante\u00bb de l&rsquo;\u00e9difice, \u00e9crit-il dans un essai publi\u00e9 en juin. Le pr\u00e9sident am\u00e9ricain, que l\u2019on sent r\u00e9ellement captiv\u00e9 par ces chantiers, entend superviser le moindre d\u00e9tail, des colonnes du Kennedy Center, grande salle de spectacle de Washington qu\u2019il veut r\u00e9nover, au bitume des rues de la capitale. Il vante son expertise dans tous les domaines touchant \u00e0 la construction, y compris les espaces verts. Photo g\u00e9ante \u00abCe que nous allons \u00e9galement faire, c\u2019est r\u00e9nover vos parcs (\u00e0 Washington). Je suis tr\u00e8s bon pour tout ce qui concerne l\u2019herbe, parce que je poss\u00e8de des complexes de golf un peu partout. J\u2019en sais plus sur l\u2019herbe que n\u2019importe qui\u00bb, a-t-il affirm\u00e9 r\u00e9cemment. Ses ministres se sont mis au diapason. Celui des Transports, Sean Duffy, a annonc\u00e9 mercredi prendre le contr\u00f4le de la gare centrale de Washington pour lui \u00abrendre sa beaut\u00e9\u00bb. Celle du Travail a fait installer sur ses murs une immense photographie du pr\u00e9sident am\u00e9ricain. \u00abMonsieur le pr\u00e9sident, je vous invite \u00e0 venir voir votre beau et grand visage sur une banni\u00e8re devant le minist\u00e8re\u00bb, a lanc\u00e9 Lori Chavez-DeRemer mardi. Danny KEMP et Aur\u00e9lia END \u00a9 Agence France-Presse<\/p>\n","protected":false},"excerpt":{"rendered":"Maison Blanche, Washington: Trump met en sc\u00e8ne son pouvoir de pr\u00e9sident-b\u00e2tisseur l&rsquo;Opinion (avec AFP) Washington &#8211; Entre sa&hellip;\n","protected":false},"author":2,"featured_media":349890,"comment_status":"","ping_status":"","sticky":false,"template":"","format":"standard","meta":{"footnotes":""},"categories":[1589],"tags":[11,73,1866,12,1864,1865,1863,308],"class_list":{"0":"post-349889","1":"post","2":"type-post","3":"status-publish","4":"format-standard","5":"has-post-thumbnail","7":"category-etats-unis","8":"tag-actualites","9":"tag-etats-unis","10":"tag-etats-unis-damerique","11":"tag-news","12":"tag-united-states","13":"tag-united-states-of-america","14":"tag-us","15":"tag-usa"},"share_on_mastodon":{"url":"https:\/\/pubeurope.com\/@fr\/115106100313465818","error":""},"_links":{"self":[{"href":"https:\/\/www.europesays.com\/fr\/wp-json\/wp\/v2\/posts\/349889","targetHints":{"allow":["GET"]}}],"collection":[{"href":"https:\/\/www.europesays.com\/fr\/wp-json\/wp\/v2\/posts"}],"about":[{"href":"https:\/\/www.europesays.com\/fr\/wp-json\/wp\/v2\/types\/post"}],"author":[{"embeddable":true,"href":"https:\/\/www.europesays.com\/fr\/wp-json\/wp\/v2\/users\/2"}],"replies":[{"embeddable":true,"href":"https:\/\/www.europesays.com\/fr\/wp-json\/wp\/v2\/comments?post=349889"}],"version-history":[{"count":0,"href":"https:\/\/www.europesays.com\/fr\/wp-json\/wp\/v2\/posts\/349889\/revisions"}],"wp:featuredmedia":[{"embeddable":true,"href":"https:\/\/www.europesays.com\/fr\/wp-json\/wp\/v2\/media\/349890"}],"wp:attachment":[{"href":"https:\/\/www.europesays.com\/fr\/wp-json\/wp\/v2\/media?parent=349889"}],"wp:term":[{"taxonomy":"category","embeddable":true,"href":"https:\/\/www.europesays.com\/fr\/wp-json\/wp\/v2\/categories?post=349889"},{"taxonomy":"post_tag","embeddable":true,"href":"https:\/\/www.europesays.com\/fr\/wp-json\/wp\/v2\/tags?post=349889"}],"curies":[{"name":"wp","href":"https:\/\/api.w.org\/{rel}","templated":true}]}}