{"id":349893,"date":"2025-08-28T11:15:12","date_gmt":"2025-08-28T11:15:12","guid":{"rendered":"https:\/\/www.europesays.com\/fr\/349893\/"},"modified":"2025-08-28T11:15:12","modified_gmt":"2025-08-28T11:15:12","slug":"merz-critique-en-interne-pour-la-priorite-donnee-a-linternational","status":"publish","type":"post","link":"https:\/\/www.europesays.com\/fr\/349893\/","title":{"rendered":"Merz critiqu\u00e9 en interne pour la priorit\u00e9 donn\u00e9e \u00e0 l\u2019international"},"content":{"rendered":"<p>                         <img loading=\"lazy\" decoding=\"async\" src=\"https:\/\/www.europesays.com\/fr\/wp-content\/uploads\/2025\/08\/97b765f_ftp-import-images-1-z8opilmyxddi-2025-08-27t091500z-601993112-rc2kfgasq21y-rtrmadp-3-germany.jpeg\" alt=\"Le chancelier Friedrich Merz, avec le ministre allemand de la d\u00e9fense, Boris Pistorius, \u00e0 Berlin, le 27\u00a0ao\u00fbt 2025.\"   width=\"664\" height=\"443\"\/>    Le chancelier Friedrich Merz, avec le ministre allemand de la d\u00e9fense, Boris Pistorius, \u00e0 Berlin, le 27\u00a0ao\u00fbt 2025.  BRITTA PEDERSEN \/ VIA REUTERS                 <\/p>\n<p class=\"article__paragraph  \">A Berlin, son surnom est act\u00e9 depuis plusieurs semaines\u00a0: Friedrich Merz est le \u00ab\u00a0chancelier des affaires \u00e9trang\u00e8res\u00a0\u00bb \u2013 \u00ab\u00a0der Aussenkanzler\u00a0\u00bb. Une formule qui, si elle n\u2019est pas forc\u00e9ment un compliment sur la sc\u00e8ne politique allemande, r\u00e9sume assez bien l\u2019image que renvoie le nouveau chancelier conservateur, \u00e0 la t\u00eate d\u2019une coalition avec les sociaux-d\u00e9mocrates, depuis le 6\u00a0mai\u00a0: celle d\u2019un dirigeant tr\u00e8s investi dans les questions internationales, toujours en d\u00e9placement, diplomate en chef de la r\u00e9publique f\u00e9d\u00e9rale.<\/p>\n<p class=\"article__paragraph  \">A Paris puis \u00e0 Varsovie au lendemain de son \u00e9lection au Bundestag, Friedrich Merz a encha\u00een\u00e9 les voyages depuis son entr\u00e9e en fonctions \u2013 une quinzaine dans les deux premiers mois, suivis de r\u00e9unions improvis\u00e9es entre leaders europ\u00e9ens et avec le pr\u00e9sident am\u00e9ricain, Donald Trump, au creux de l\u2019\u00e9t\u00e9 pour tenter de mettre fin \u00e0 la guerre en Ukraine. Friedrich Merz en \u00e9merge avec l\u2019image d\u2019un chancelier offensif s\u2019agissant de la d\u00e9fense des int\u00e9r\u00eats de Kiev, prenant l\u2019initiative d\u2019inviter, le pr\u00e9sident ukrainien, Volodymyr Zelensky, \u00e0 Berlin le 13\u00a0ao\u00fbt afin qu\u2019il participe \u00e0 ses c\u00f4t\u00e9s \u00e0 une r\u00e9union \u00e0 distance avec Donald Trump. Puis plaidant sans rel\u00e2che pour un cessez-le-feu lors de la rencontre du 18\u00a0ao\u00fbt \u00e0 la Maison Blanche. \u00ab\u00a0Friedrich Merz est le nouveau leader en Europe, en a conclu le ministre pr\u00e9sident de Bavi\u00e8re, Markus S\u00f6der, le 20\u00a0ao\u00fbt sur X. Enfin, l\u2019Allemagne est \u00e0 nouveau respect\u00e9e sur le plan international. C\u2019est gr\u00e2ce \u00e0 Friedrich Merz. Respect\u00a0!\u00a0\u00bb<\/p>\n<p class=\"reading-mode-only \"><strong>Il vous reste 73.19% de cet article \u00e0 lire. La suite est r\u00e9serv\u00e9e aux abonn\u00e9s.<\/strong><\/p>\n","protected":false},"excerpt":{"rendered":"Le chancelier Friedrich Merz, avec le ministre allemand de la d\u00e9fense, Boris Pistorius, \u00e0 Berlin, le 27\u00a0ao\u00fbt 2025.&hellip;\n","protected":false},"author":2,"featured_media":349894,"comment_status":"","ping_status":"","sticky":false,"template":"","format":"standard","meta":{"footnotes":""},"categories":[1587],"tags":[11,672,1804,1805,1803,1777,674,1801,12,1802],"class_list":{"0":"post-349893","1":"post","2":"type-post","3":"status-publish","4":"format-standard","5":"has-post-thumbnail","7":"category-allemagne","8":"tag-actualites","9":"tag-allemagne","10":"tag-bundesrepublik-deutschland","11":"tag-de","12":"tag-deutschland","13":"tag-eu","14":"tag-europe","15":"tag-germany","16":"tag-news","17":"tag-republique-federale-dallemagne"},"share_on_mastodon":{"url":"https:\/\/pubeurope.com\/@fr\/115106108240769834","error":""},"_links":{"self":[{"href":"https:\/\/www.europesays.com\/fr\/wp-json\/wp\/v2\/posts\/349893","targetHints":{"allow":["GET"]}}],"collection":[{"href":"https:\/\/www.europesays.com\/fr\/wp-json\/wp\/v2\/posts"}],"about":[{"href":"https:\/\/www.europesays.com\/fr\/wp-json\/wp\/v2\/types\/post"}],"author":[{"embeddable":true,"href":"https:\/\/www.europesays.com\/fr\/wp-json\/wp\/v2\/users\/2"}],"replies":[{"embeddable":true,"href":"https:\/\/www.europesays.com\/fr\/wp-json\/wp\/v2\/comments?post=349893"}],"version-history":[{"count":0,"href":"https:\/\/www.europesays.com\/fr\/wp-json\/wp\/v2\/posts\/349893\/revisions"}],"wp:featuredmedia":[{"embeddable":true,"href":"https:\/\/www.europesays.com\/fr\/wp-json\/wp\/v2\/media\/349894"}],"wp:attachment":[{"href":"https:\/\/www.europesays.com\/fr\/wp-json\/wp\/v2\/media?parent=349893"}],"wp:term":[{"taxonomy":"category","embeddable":true,"href":"https:\/\/www.europesays.com\/fr\/wp-json\/wp\/v2\/categories?post=349893"},{"taxonomy":"post_tag","embeddable":true,"href":"https:\/\/www.europesays.com\/fr\/wp-json\/wp\/v2\/tags?post=349893"}],"curies":[{"name":"wp","href":"https:\/\/api.w.org\/{rel}","templated":true}]}}