{"id":349895,"date":"2025-08-28T11:16:12","date_gmt":"2025-08-28T11:16:12","guid":{"rendered":"https:\/\/www.europesays.com\/fr\/349895\/"},"modified":"2025-08-28T11:16:12","modified_gmt":"2025-08-28T11:16:12","slug":"rentree-europeenne-une-fin-dannee-2025-a-lagenda-charge","status":"publish","type":"post","link":"https:\/\/www.europesays.com\/fr\/349895\/","title":{"rendered":"Rentr\u00e9e europ\u00e9enne : une fin d\u2019ann\u00e9e 2025 \u00e0 l&rsquo;agenda charg\u00e9"},"content":{"rendered":"<p>\tRentr\u00e9e europ\u00e9enne : une fin d\u2019ann\u00e9e 2025 \u00e0 l&rsquo;agenda charg\u00e9 &#8211; Touteleurope.eu<\/p>\n<p>\t\t<img decoding=\"async\" alt=\"fermer\" class=\"close-info\" src=\"https:\/\/www.touteleurope.eu\/wp-content\/themes\/toute_leurope\/assets\/images\/close-picto-blue.svg\"\/><\/p>\n<p>Touteleurope.eu est le site p\u00e9dagogique de r\u00e9f\u00e9rence sur les questions europ\u00e9ennes : <a href=\"https:\/\/www.touteleurope.eu\/qui-sommes-nous\/\" target=\"_blank\" rel=\"noopener\">Qui sommes-nous ?<\/a><\/p>\n<p><img decoding=\"async\" class=\"logo-pdf\" alt=\"Toute L'Europe \u2013 Comprendre l'Europe\" src=\"https:\/\/www.touteleurope.eu\/wp-content\/themes\/toute_leurope\/assets\/images\/logo-ttl.svg\"\/><\/p>\n","protected":false},"excerpt":{"rendered":"Rentr\u00e9e europ\u00e9enne : une fin d\u2019ann\u00e9e 2025 \u00e0 l&rsquo;agenda charg\u00e9 &#8211; Touteleurope.eu Touteleurope.eu est le site p\u00e9dagogique de&hellip;\n","protected":false},"author":2,"featured_media":349896,"comment_status":"","ping_status":"","sticky":false,"template":"","format":"standard","meta":{"footnotes":""},"categories":[1586],"tags":[11,1129,2196,10697,18787,312,33,5949,73,1777,674,1011,27,664,3257,12,3518,8552,48634,316,25,220],"class_list":{"0":"post-349895","1":"post","2":"type-post","3":"status-publish","4":"format-standard","5":"has-post-thumbnail","7":"category-europe","8":"tag-actualites","9":"tag-climat","10":"tag-commission-europeenne","11":"tag-conseil-de-lue","12":"tag-conseil-europeen","13":"tag-diplomatie","14":"tag-economie","15":"tag-elections","16":"tag-etats-unis","17":"tag-eu","18":"tag-europe","19":"tag-fr","20":"tag-france","21":"tag-israel","22":"tag-moyen-orient","23":"tag-news","24":"tag-palestine","25":"tag-parlement-europeen","26":"tag-pays-candidats","27":"tag-politique","28":"tag-republique-francaise","29":"tag-ukraine"},"share_on_mastodon":{"url":"https:\/\/pubeurope.com\/@fr\/115106112177934831","error":""},"_links":{"self":[{"href":"https:\/\/www.europesays.com\/fr\/wp-json\/wp\/v2\/posts\/349895","targetHints":{"allow":["GET"]}}],"collection":[{"href":"https:\/\/www.europesays.com\/fr\/wp-json\/wp\/v2\/posts"}],"about":[{"href":"https:\/\/www.europesays.com\/fr\/wp-json\/wp\/v2\/types\/post"}],"author":[{"embeddable":true,"href":"https:\/\/www.europesays.com\/fr\/wp-json\/wp\/v2\/users\/2"}],"replies":[{"embeddable":true,"href":"https:\/\/www.europesays.com\/fr\/wp-json\/wp\/v2\/comments?post=349895"}],"version-history":[{"count":0,"href":"https:\/\/www.europesays.com\/fr\/wp-json\/wp\/v2\/posts\/349895\/revisions"}],"wp:featuredmedia":[{"embeddable":true,"href":"https:\/\/www.europesays.com\/fr\/wp-json\/wp\/v2\/media\/349896"}],"wp:attachment":[{"href":"https:\/\/www.europesays.com\/fr\/wp-json\/wp\/v2\/media?parent=349895"}],"wp:term":[{"taxonomy":"category","embeddable":true,"href":"https:\/\/www.europesays.com\/fr\/wp-json\/wp\/v2\/categories?post=349895"},{"taxonomy":"post_tag","embeddable":true,"href":"https:\/\/www.europesays.com\/fr\/wp-json\/wp\/v2\/tags?post=349895"}],"curies":[{"name":"wp","href":"https:\/\/api.w.org\/{rel}","templated":true}]}}