{"id":349897,"date":"2025-08-28T11:17:10","date_gmt":"2025-08-28T11:17:10","guid":{"rendered":"https:\/\/www.europesays.com\/fr\/349897\/"},"modified":"2025-08-28T11:17:10","modified_gmt":"2025-08-28T11:17:10","slug":"frappes-sur-kiev-lue-convoque-lambassadeur-russe","status":"publish","type":"post","link":"https:\/\/www.europesays.com\/fr\/349897\/","title":{"rendered":"Frappes sur Kiev : l&rsquo;UE convoque l&rsquo;ambassadeur russe"},"content":{"rendered":"<p>\u00ab\u00a0Aucune mission diplomatique ne devrait \u00eatre une cible\u00a0\u00bb, a-t-elle d\u00e9clar\u00e9 apr\u00e8s ces bombardements russes qui ont fait 14 morts, dont trois enfants, selon les secouristes. Cette convocation doit avoir lieu dans la journ\u00e9e, a pr\u00e9cis\u00e9 une porte-parole du service diplomatique de l&rsquo;UE, Anitta Hipper.<\/p>\n<p>Ces nouvelles frappes montrent que la Russie \u00ab\u00a0ne recule devant rien\u00a0\u00bb pour \u00ab\u00a0terroriser\u00a0\u00bb l&rsquo;Ukraine, a de son c\u00f4t\u00e9 r\u00e9agi la pr\u00e9sidente de la Commission europ\u00e9enne, Ursula von der Leyen.<\/p>\n<p>\u00ab\u00a0Il s&rsquo;agit de l&rsquo;attaque de drones et de missiles la plus meurtri\u00e8re contre la capitale (ukrainienne) depuis juillet\u00a0\u00bb, a-t-elle d\u00e9plor\u00e9 devant la presse. \u00ab\u00a0C&rsquo;\u00e9tait aussi une attaque contre notre d\u00e9l\u00e9gation\u00a0\u00bb, a-t-elle ajout\u00e9, et \u00ab\u00a0c&rsquo;est pourquoi nous allons maintenir une pression maximum sur la Russie\u00a0\u00bb.<\/p>\n<p>Les bureaux de la mission de l&rsquo;UE ont \u00e9t\u00e9 endommag\u00e9s par l&rsquo;explosion de deux missiles, qui ont touch\u00e9 des b\u00e2timents ukrainiens situ\u00e9s \u00e0 une cinquantaine de m\u00e8tres de l\u00e0, a pr\u00e9cis\u00e9 Mme von der Leyen.<\/p>\n<p>Le pr\u00e9sident du Conseil europ\u00e9en, Antonio Costa, s&rsquo;\u00e9tait dit plus t\u00f4t \u00ab\u00a0horrifi\u00e9\u00a0\u00bb par ce bombardement a\u00e9rien nocturne russe, l&rsquo;un des plus importants effectu\u00e9s contre l&rsquo;Ukraine. <\/p>\n<p>Le pr\u00e9sident Volodymyr Zelensky a quant \u00e0 lui accus\u00e9 les autorit\u00e9s russes de pr\u00e9f\u00e9rer \u00ab\u00a0continuer \u00e0 tuer\u00a0\u00bb plut\u00f4t que de n\u00e9gocier une paix. La Russie affirme en revanche n&rsquo;avoir atteint que des cibles militaires.<\/p>\n<p>Le pr\u00e9sident fran\u00e7ais Emmanuel Macron a d\u00e9nonc\u00e9 la \u00ab\u00a0terreur\u00a0\u00bb et la \u00ab\u00a0barbarie\u00a0\u00bb de la Russie, tandis que le Premier ministre britannique Keir Starmer a accus\u00e9 ce pays de \u00ab\u00a0saboter les espoirs de paix\u00a0\u00bb.<\/p>\n<p>Ursula von der Leyen a par ailleurs annonc\u00e9 son intention de se rendre dans des pays de l&rsquo;UE frontaliers ou situ\u00e9s non loin du B\u00e9larus et de la Russie pour faire part de la \u00ab\u00a0pleine solidarit\u00e9\u00a0\u00bb de l&rsquo;UE \u00e0 leur \u00e9gard.<\/p>\n<p>Elle ira vendredi en Lettonie puis en Finlande avant de gagner samedi l&rsquo;Estonie. Dimanche, Mme von der Leyen sera en Pologne, puis en Bulgarie avant de derni\u00e8res \u00e9tapes lundi en Lituanie et en Roumanie.<\/p>\n","protected":false},"excerpt":{"rendered":"\u00ab\u00a0Aucune mission diplomatique ne devrait \u00eatre une cible\u00a0\u00bb, a-t-elle d\u00e9clar\u00e9 apr\u00e8s ces bombardements russes qui ont fait 14&hellip;\n","protected":false},"author":2,"featured_media":349898,"comment_status":"","ping_status":"","sticky":false,"template":"","format":"standard","meta":{"footnotes":""},"categories":[1586],"tags":[17,11,40199,1777,674,1779,1011,27,329,2535,11229,47783,1861,12,25,8013,3356,1778,364],"class_list":{"0":"post-349897","1":"post","2":"type-post","3":"status-publish","4":"format-standard","5":"has-post-thumbnail","7":"category-europe","8":"tag-17","9":"tag-actualites","10":"tag-convoque","11":"tag-eu","12":"tag-europe","13":"tag-european-union","14":"tag-fr","15":"tag-france","16":"tag-france-monde","17":"tag-frappes","18":"tag-kiev","19":"tag-lambassadeur","20":"tag-lue","21":"tag-news","22":"tag-republique-francaise","23":"tag-russe","24":"tag-sur","25":"tag-ue","26":"tag-union-europeenne"},"share_on_mastodon":{"url":"https:\/\/pubeurope.com\/@fr\/115106116006174128","error":""},"_links":{"self":[{"href":"https:\/\/www.europesays.com\/fr\/wp-json\/wp\/v2\/posts\/349897","targetHints":{"allow":["GET"]}}],"collection":[{"href":"https:\/\/www.europesays.com\/fr\/wp-json\/wp\/v2\/posts"}],"about":[{"href":"https:\/\/www.europesays.com\/fr\/wp-json\/wp\/v2\/types\/post"}],"author":[{"embeddable":true,"href":"https:\/\/www.europesays.com\/fr\/wp-json\/wp\/v2\/users\/2"}],"replies":[{"embeddable":true,"href":"https:\/\/www.europesays.com\/fr\/wp-json\/wp\/v2\/comments?post=349897"}],"version-history":[{"count":0,"href":"https:\/\/www.europesays.com\/fr\/wp-json\/wp\/v2\/posts\/349897\/revisions"}],"wp:featuredmedia":[{"embeddable":true,"href":"https:\/\/www.europesays.com\/fr\/wp-json\/wp\/v2\/media\/349898"}],"wp:attachment":[{"href":"https:\/\/www.europesays.com\/fr\/wp-json\/wp\/v2\/media?parent=349897"}],"wp:term":[{"taxonomy":"category","embeddable":true,"href":"https:\/\/www.europesays.com\/fr\/wp-json\/wp\/v2\/categories?post=349897"},{"taxonomy":"post_tag","embeddable":true,"href":"https:\/\/www.europesays.com\/fr\/wp-json\/wp\/v2\/tags?post=349897"}],"curies":[{"name":"wp","href":"https:\/\/api.w.org\/{rel}","templated":true}]}}