{"id":349903,"date":"2025-08-28T11:20:11","date_gmt":"2025-08-28T11:20:11","guid":{"rendered":"https:\/\/www.europesays.com\/fr\/349903\/"},"modified":"2025-08-28T11:20:11","modified_gmt":"2025-08-28T11:20:11","slug":"indochine-representera-la-france-a-lexposition-universelle-2025-dosaka-news-rockurlife","status":"publish","type":"post","link":"https:\/\/www.europesays.com\/fr\/349903\/","title":{"rendered":"Indochine repr\u00e9sentera la France \u00e0 l&rsquo;Exposition Universelle 2025 d\u2019Osaka ! &#8211; News &#8211; RockUrLife"},"content":{"rendered":"<p><strong>Indochine<\/strong> a \u00e9t\u00e9 choisi pour incarner la <strong>France<\/strong> lors de la journ\u00e9e nationale organis\u00e9e \u00e0 <strong>l\u2019Exposition Universelle 2025 d\u2019Osaka<\/strong>. Le 13 septembre prochain, <strong>Nicola Sirkis<\/strong> et ses musiciens donneront un concert exceptionnel au <strong>Shining Hat Concert Hall<\/strong>, situ\u00e9 sur l\u2019\u00eele artificielle de <strong>Yumeshima<\/strong> !<\/p>\n<p>Ce choix illustre l\u2019impact culturel du plus grand groupe de rock fran\u00e7ais, dont la carri\u00e8re compte plus de treize millions d\u2019albums vendus, deux milliards de streams cumul\u00e9s et un <strong>Arena Tour<\/strong> historique, avec plus d\u2019un million de billets \u00e9coul\u00e9s en 2024. Le dernier album, <strong><a href=\"https:\/\/www.rockurlife.net\/chroniques\/indochine-babel-babel\/\" target=\"_blank\" rel=\"noopener\">BABEL BABEL<\/a><\/strong>, double platine, s\u2019est impos\u00e9 comme l\u2019un des plus gros succ\u00e8s commerciaux r\u00e9cents, port\u00e9 notamment par le clip \u201cL\u2019amour fou\u201d, r\u00e9alis\u00e9 par <strong>David LaChapelle<\/strong>.<\/p>\n<p><strong>L\u2019Exposition Universelle<\/strong>, ouverte depuis avril et qui rassemble plus de 160 pays autour du th\u00e8me \u201cConcevoir le futur, imaginer notre vie de demain\u201c, met en avant les enjeux d\u2019innovation, de culture et d\u2019ouverture. La pr\u00e9sence d\u2019<strong>Indochine<\/strong> lors de cette journ\u00e9e symbolique s\u2019inscrit dans cette ambition de rayonnement.<\/p>\n<p>\u201cVoir <strong>Indochine<\/strong> repr\u00e9senter la <strong>France<\/strong> dans un cadre aussi prestigieux est une immense fiert\u00e9\u201c, a d\u00e9clar\u00e9 <strong>Marie-Anne Robert<\/strong>, pr\u00e9sidente de <strong>Sony Music France<\/strong>. <strong>Jacques Maire<\/strong>, commissaire g\u00e9n\u00e9ral du <strong>Pavillon France<\/strong>, souligne de son c\u00f4t\u00e9 \u201cun moment musical d\u2019exception, qui fera rayonner l\u2019audace, la cr\u00e9ativit\u00e9 et l\u2019universalit\u00e9 de la culture fran\u00e7aise\u201c.<\/p>\n<p>Le concert sera gratuit pour les visiteurs disposant d\u2019un billet d\u2019entr\u00e9e \u00e0 <strong>l\u2019Expo<\/strong>, dans la limite des places disponibles. Une nouvelle page s\u2019\u00e9crit donc pour <strong>Indochine<\/strong>, qui portera haut les couleurs de la <strong>France<\/strong> \u00e0 <strong>Osaka<\/strong> devant le monde entier.<\/p>\n<p>Avec ce rendez-vous unique, <strong>Indochine<\/strong> s\u2019appr\u00eate \u00e0 offrir au monde une vitrine musicale \u00e0 la hauteur de son histoire : celle d\u2019un groupe qui incarne, plus que jamais, la culture fran\u00e7aise.<\/p>\n<blockquote class=\"instagram-media\" data-instgrm-captioned=\"\" data-instgrm-permalink=\"https:\/\/www.instagram.com\/p\/DN5EJZBjfpw\/?utm_source=ig_embed&amp;utm_campaign=loading\" data-instgrm-version=\"14\" style=\" background:#FFF; border:0; border-radius:3px; box-shadow:0 0 1px 0 rgba(0,0,0,0.5),0 1px 10px 0 rgba(0,0,0,0.15); margin: 1px; max-width:540px; min-width:326px; padding:0; width:99.375%; width:-webkit-calc(100% - 2px); width:calc(100% - 2px);\"\/><p>  <script async src=\"\/\/www.instagram.com\/embed.js\"><\/script><\/p>\n","protected":false},"excerpt":{"rendered":"Indochine a \u00e9t\u00e9 choisi pour incarner la France lors de la journ\u00e9e nationale organis\u00e9e \u00e0 l\u2019Exposition Universelle 2025&hellip;\n","protected":false},"author":2,"featured_media":349904,"comment_status":"","ping_status":"","sticky":false,"template":"","format":"standard","meta":{"footnotes":""},"categories":[4],"tags":[11,48635,48636,1011,27,13704,12,25],"class_list":{"0":"post-349903","1":"post","2":"type-post","3":"status-publish","4":"format-standard","5":"has-post-thumbnail","7":"category-france","8":"tag-actualites","9":"tag-exposition-universelle","10":"tag-exposition-universelle-dosaka","11":"tag-fr","12":"tag-france","13":"tag-indochine","14":"tag-news","15":"tag-republique-francaise"},"share_on_mastodon":{"url":"https:\/\/pubeurope.com\/@fr\/115106127904875432","error":""},"_links":{"self":[{"href":"https:\/\/www.europesays.com\/fr\/wp-json\/wp\/v2\/posts\/349903","targetHints":{"allow":["GET"]}}],"collection":[{"href":"https:\/\/www.europesays.com\/fr\/wp-json\/wp\/v2\/posts"}],"about":[{"href":"https:\/\/www.europesays.com\/fr\/wp-json\/wp\/v2\/types\/post"}],"author":[{"embeddable":true,"href":"https:\/\/www.europesays.com\/fr\/wp-json\/wp\/v2\/users\/2"}],"replies":[{"embeddable":true,"href":"https:\/\/www.europesays.com\/fr\/wp-json\/wp\/v2\/comments?post=349903"}],"version-history":[{"count":0,"href":"https:\/\/www.europesays.com\/fr\/wp-json\/wp\/v2\/posts\/349903\/revisions"}],"wp:featuredmedia":[{"embeddable":true,"href":"https:\/\/www.europesays.com\/fr\/wp-json\/wp\/v2\/media\/349904"}],"wp:attachment":[{"href":"https:\/\/www.europesays.com\/fr\/wp-json\/wp\/v2\/media?parent=349903"}],"wp:term":[{"taxonomy":"category","embeddable":true,"href":"https:\/\/www.europesays.com\/fr\/wp-json\/wp\/v2\/categories?post=349903"},{"taxonomy":"post_tag","embeddable":true,"href":"https:\/\/www.europesays.com\/fr\/wp-json\/wp\/v2\/tags?post=349903"}],"curies":[{"name":"wp","href":"https:\/\/api.w.org\/{rel}","templated":true}]}}