{"id":349905,"date":"2025-08-28T11:21:12","date_gmt":"2025-08-28T11:21:12","guid":{"rendered":"https:\/\/www.europesays.com\/fr\/349905\/"},"modified":"2025-08-28T11:21:12","modified_gmt":"2025-08-28T11:21:12","slug":"golf-professionnel-lactu-du-25-au-31-aout","status":"publish","type":"post","link":"https:\/\/www.europesays.com\/fr\/349905\/","title":{"rendered":"Golf professionnel\u00a0: L&rsquo;actu du 25 au 31 ao\u00fbt"},"content":{"rendered":"<p><strong>Asian Tour\u00a0: Mandiri Indonesia Open<\/strong><\/p>\n<p><a href=\"https:\/\/www.asiantour.com\/reports?url=https%3A%2F%2Fasian.ocs-asia.com%2Ftic%2Ftmentry.cgi%3Ftourn%3DIO25~season%3D2025~alphaorder~&amp;id=2025&amp;code=IO25&amp;title=Tournament%20Entries\" title=\"\" class=\"cta cta--custom_tag me-lg-10 m-10\" target=\"_blank\" rel=\"nofollow noopener\"><br \/>\n    Les d\u00e9parts<br \/>\n<\/a>\n<\/p>\n<p>L&rsquo;Asian Tour fait \u00e9tape cette semaine en Indon\u00e9sie. Deux Fran\u00e7ais seront au d\u00e9part de ce tournoi sur quatre tours\u00a0: <strong>Jo\u00ebl Stalter <\/strong>et <strong>Gary Stal<\/strong>.<\/p>\n<p><strong>LET Access Series\u00a0: Women&rsquo;s Irish Challenge<\/strong><\/p>\n<p><a href=\"https:\/\/letaccess.com\/reports-page?url=https%3A%2F%2Finfo.ladieseuropeantour.com%2Ftic%2Ftmscores.cgi%3Ftourn%3D5018~season%3D2025~params%3DP%2a1SRC01~&amp;id=2025&amp;code=5018&amp;title=Round%201%20Scores%20Only\" title=\"\" class=\"cta cta--custom_tag me-lg-10 m-10\" target=\"_blank\" rel=\"nofollow noopener\"><br \/>\n    Les d\u00e9parts<br \/>\n<\/a><br \/>\n\u00a0<a href=\"https:\/\/letaccess.com\/reports-page?url=https%3A%2F%2Finfo.ladieseuropeantour.com%2Ftic%2Ftmscores.cgi%3Ftourn%3D5018~season%3D2025~params%3DP%2a1SRC01~&amp;id=2025&amp;code=5018&amp;title=Round%201%20Scores%20Only\" title=\"\" class=\"cta cta--custom_tag me-lg-10 m-10\" target=\"_blank\" rel=\"nofollow noopener\"><br \/>\n    Les scores<br \/>\n<\/a>\n<\/p>\n<p>La deuxi\u00e8me division europ\u00e9enne f\u00e9minine joue cette semaine en Irlande. Le premier tour de ce jeudi s&rsquo;est fait en trombe pour <strong>Anne-Charlotte Mora<\/strong>, qui occupe la position de coleader en ayant sign\u00e9 une tr\u00e8s belle carte de 67 (-5). <strong>Lucie Andr\u00e9<\/strong>, 7e \u00e0 -2, et <strong>Lo\u00efs Lau<\/strong>, 11e \u00e0 -1, ont \u00e9galement jou\u00e9 sous le par.<\/p>\n<p><strong>Pro Golf Tour\u00a0: Stippelberg Open<\/strong><\/p>\n<p><a href=\"https:\/\/www.progolftour.de\/livescoring-en?tab=tee-times#livescoring-95\" title=\"\" class=\"cta cta--custom_tag me-lg-10 m-10\" target=\"_blank\" rel=\"nofollow noopener\"><br \/>\n    Les d\u00e9parts<br \/>\n<\/a><br \/>\n\u00a0<a href=\"https:\/\/www.progolftour.de\/livescoring-en?tab=livescoring#livescoring-95\" title=\"\" class=\"cta cta--custom_tag me-lg-10 m-10\" target=\"_blank\" rel=\"nofollow noopener\"><br \/>\n    Les scores<br \/>\n<\/a>\n<\/p>\n<p><strong>Cl\u00e9ment Guichard <\/strong>est d\u00e9cid\u00e9ment intenable, en cette fin de saison, sur le <strong>Pro Golf Tour<\/strong>. D\u00e9j\u00e0 vainqueur sur la troisi\u00e8me division \u00e0 deux reprises, dont la derni\u00e8re en date il y a deux semaines, le Normand aura l&rsquo;occasion de remettre \u00e7a ce jeudi. Le leader de l&rsquo;Ordre du m\u00e9rite prendra le d\u00e9part du troisi\u00e8me et dernier tour dans la position du chasseur, en 2e position \u00e0 -9 deux coups derri\u00e8re le leader.<\/p>\n<p><strong>Legends Tour\u00a0: NI Legends Open<\/strong><\/p>\n<p>Les meilleurs joueurs europ\u00e9ens de 50 ans et plus se retrouvent cette semaine en Irlande du Nord, pour une nouvelle \u00e9tape du <strong>Legends Tour<\/strong>. De vendredi \u00e0 dimanche, <strong>Thomas Levet<\/strong>, <strong>Jean-Fran\u00e7ois Rem\u00e9sy<\/strong>, <strong>Lionel Alexandre <\/strong>et <strong>Christian C\u00e9va\u00ebr <\/strong>seront les repr\u00e9sentants fran\u00e7ais.<\/p>\n","protected":false},"excerpt":{"rendered":"Asian Tour\u00a0: Mandiri Indonesia Open Les d\u00e9parts L&rsquo;Asian Tour fait \u00e9tape cette semaine en Indon\u00e9sie. Deux Fran\u00e7ais seront&hellip;\n","protected":false},"author":2,"featured_media":349906,"comment_status":"","ping_status":"","sticky":false,"template":"","format":"standard","meta":{"footnotes":""},"categories":[1418],"tags":[1011,27,1472,60],"class_list":{"0":"post-349905","1":"post","2":"type-post","3":"status-publish","4":"format-standard","5":"has-post-thumbnail","7":"category-golf","8":"tag-fr","9":"tag-france","10":"tag-golf","11":"tag-sports"},"share_on_mastodon":{"url":"https:\/\/pubeurope.com\/@fr\/115106131672939973","error":""},"_links":{"self":[{"href":"https:\/\/www.europesays.com\/fr\/wp-json\/wp\/v2\/posts\/349905","targetHints":{"allow":["GET"]}}],"collection":[{"href":"https:\/\/www.europesays.com\/fr\/wp-json\/wp\/v2\/posts"}],"about":[{"href":"https:\/\/www.europesays.com\/fr\/wp-json\/wp\/v2\/types\/post"}],"author":[{"embeddable":true,"href":"https:\/\/www.europesays.com\/fr\/wp-json\/wp\/v2\/users\/2"}],"replies":[{"embeddable":true,"href":"https:\/\/www.europesays.com\/fr\/wp-json\/wp\/v2\/comments?post=349905"}],"version-history":[{"count":0,"href":"https:\/\/www.europesays.com\/fr\/wp-json\/wp\/v2\/posts\/349905\/revisions"}],"wp:featuredmedia":[{"embeddable":true,"href":"https:\/\/www.europesays.com\/fr\/wp-json\/wp\/v2\/media\/349906"}],"wp:attachment":[{"href":"https:\/\/www.europesays.com\/fr\/wp-json\/wp\/v2\/media?parent=349905"}],"wp:term":[{"taxonomy":"category","embeddable":true,"href":"https:\/\/www.europesays.com\/fr\/wp-json\/wp\/v2\/categories?post=349905"},{"taxonomy":"post_tag","embeddable":true,"href":"https:\/\/www.europesays.com\/fr\/wp-json\/wp\/v2\/tags?post=349905"}],"curies":[{"name":"wp","href":"https:\/\/api.w.org\/{rel}","templated":true}]}}