{"id":34991,"date":"2025-04-18T22:01:12","date_gmt":"2025-04-18T22:01:12","guid":{"rendered":"https:\/\/www.europesays.com\/fr\/34991\/"},"modified":"2025-04-18T22:01:12","modified_gmt":"2025-04-18T22:01:12","slug":"patrick-sebastien-revele-avoir-refuse-une-invitation-de-france-2","status":"publish","type":"post","link":"https:\/\/www.europesays.com\/fr\/34991\/","title":{"rendered":"Patrick S\u00e9bastien r\u00e9v\u00e8le avoir refus\u00e9 une invitation de France 2"},"content":{"rendered":"<p>    Patrick S\u00e9bastien.<br \/>\n                Vim\/ABACA<\/p>\n<p><strong>VID\u00c9O<\/strong> &#8211; Invit\u00e9 de Cyril Hanouna dans \u00abOn marche sur la t\u00eate\u00bb, sur Europe 1, l\u2019animateur est revenu sur son spectacle, son nouvel album, son \u00e9viction du service public et sur la libert\u00e9 de parole et de ton de sa g\u00e9n\u00e9ration.<\/p>\n<p class=\"fig-paragraph\"><a href=\"http:\/\/tvmag.lefigaro.fr\/programme-tv\/people\/une-chanson-a-la-con-qui-n-a-ni-queue-ni-tete-les-paroles-obscenes-du-titre-de-patrick-sebastien-qui-vont-faire-jaser-20250408\" target=\"_blank\" data-fig-type=\"Article\" rel=\"noopener\" data-gtm-custom-categorie=\"navigation\" data-gtm-custom-action=\"crossclick\" data-gtm-custom-label=\"Contextuel\" data-gtm-event=\"customEventSPE\" data-fig-domain=\"TVMAG\"><strong>Patrick S\u00e9bastien<\/strong><\/a> \u00a0\u00e9tait mercredi sur le plateau d\u2019\u00abOn marche sur la t\u00eate\u00bb, l\u2019\u00e9mission radiophonique quotidienne de\u00a0<a href=\"http:\/\/tvmag.lefigaro.fr\/programme-tv\/people\/felicitations-tu-vas-te-marier-la-revelation-inattendue-de-cyril-hanouna-sur-apolline-de-malherbe-20250416\" target=\"_blank\" data-fig-type=\"Article\" rel=\"noopener\" data-gtm-custom-categorie=\"navigation\" data-gtm-custom-action=\"crossclick\" data-gtm-custom-label=\"Contextuel\" data-gtm-event=\"customEventSPE\" data-fig-domain=\"TVMAG\">Cyril Hanouna<\/a>, pour y d\u00e9fendre, entre autres, la sortie le 25 avril de son nouvel album Ol\u00e9 Oz\u00e9, compilation d\u00e9licate de chansons paillardes et \u00e9grillardes dont on est d\u2019ores et d\u00e9j\u00e0 s\u00fbr qu\u2019elles vont embellir les chaudes soir\u00e9es d\u2019\u00e9t\u00e9.<\/p>\n<p class=\"fig-paragraph\">Apr\u00e8s avoir bross\u00e9 le sujet de son actualit\u00e9, de son spectacle, de son d\u00e9sir, au travers de ses nouvelles cr\u00e9ations, de s\u2019autocaricaturer, il a \u00e9voqu\u00e9 son refus, 5 ans apr\u00e8s son \u00e9viction brutale de France 2, de revenir sur la cha\u00eene pour participer \u00e0 une \u00e9mission exceptionnelle. \u00abIl y a \u201cLes enfants de la t\u00e9l\u00e9\u201d qui font les 50 ans de France 2 et ils m\u2019ont appel\u00e9 pour faire le prime\u00bb, r\u00e9v\u00e8le l\u2019ancien animateur.\u00a0<\/p>\n<p class=\"fig-body-link\">\n            \u00c0 lire aussi<br \/>\n        <a class=\"fig-body-link__link\" href=\"http:\/\/tvmag.lefigaro.fr\/programme-tv\/people\/une-chanson-a-la-con-qui-n-a-ni-queue-ni-tete-les-paroles-obscenes-du-titre-de-patrick-sebastien-qui-vont-faire-jaser-20250408\" data-fig-type=\"Article\" data-gtm-custom-categorie=\"navigation\" data-gtm-custom-action=\"crossclick\" data-gtm-custom-label=\"Contextuel\" data-gtm-event=\"customEventSPE\" data-fig-domain=\"TVMAG\" target=\"_blank\" rel=\"noopener\">\u00abUne chanson \u00e0 la con qui n\u2019a ni queue ni t\u00eate\u00bb\u00a0: les paroles obsc\u00e8nes du titre de Patrick S\u00e9bastien qui vont faire jaser<br \/>\n    <\/a>\n<\/p>\n<p class=\"fig-paragraph\">\u00abJe leur ai dit\u00a0: \u201cNon, il me reste un peu d\u2019honneur quand m\u00eame\u201d. Elle me dit (NDLR, Delphine Ernotte) : \u201cMais vous \u00eates vachement important\u201d. J\u2019ai dit\u00a0: \u201cAh bon\u00a0?\u201d En plus, ils m\u2019ont appel\u00e9 le 1er avril&#8230;\u00bb, dit aussi celui qui pendant des ann\u00e9es a anim\u00e9 avec succ\u00e8s \u00abLes ann\u00e9es bonheur\u00bb et \u00abLe plus grand cabaret du monde\u00bb.<\/p>\n<p class=\"fig-paragraph\">Peu importe au fond. Jamais \u00e0 court d\u2019id\u00e9e, Patrick S\u00e9bastien continue son bonhomme de chemin. Ce dont t\u00e9moignent, assume-t-il, les messages de ses fans. Ceux de sa g\u00e9n\u00e9ration, mais aussi les plus jeunes, dont beaucoup lui envient sa libert\u00e9 de ton. \u00abJ\u2019ai eu la chance d\u2019avoir bouff\u00e9 chez Ventura, d\u2019avoir \u00e9t\u00e9 pote avec Delon, d\u2019\u00eatre parti en tourn\u00e9e avec Sardou, d\u2019avoir connu Brassens. J\u2019en parle dans mon spectacle&#8230;\u00bb, \u00e9voquant les chansons Fernande ou Le Gorille.<\/p>\n<p class=\"fig-paragraph\">\u00abIl y avait quelque chose d\u2019autre, et il y a un besoin aujourd\u2019hui des m\u00f4mes&#8230; Ce qu\u2019il y a de fou, c\u2019est que je vois des m\u00f4mes de vingt ans qui sont nostalgiques d\u2019une \u00e9poque qu\u2019ils n\u2019ont pas connue, qui me disent\u00a0: \u201cPutain, vous aviez de la chance, vous \u00e9tiez libres, vous pouviez dire des choses&#8230;\u201d Et \u00e7a ne faisait pas plus de mal que \u00e7a, tu vois\u00bb.\u00a0<\/p>\n<p>\u00a0\u00bb<br \/>\n        data-script=\u00a0\u00bbhttps:\/\/static.lefigaro.fr\/widget-video\/short-ttl\/video\/index.js\u00a0\u00bb<br \/>\n    &gt;<\/p>\n","protected":false},"excerpt":{"rendered":"Patrick S\u00e9bastien. Vim\/ABACA VID\u00c9O &#8211; Invit\u00e9 de Cyril Hanouna dans \u00abOn marche sur la t\u00eate\u00bb, sur Europe 1,&hellip;\n","protected":false},"author":2,"featured_media":34992,"comment_status":"","ping_status":"","sticky":false,"template":"","format":"standard","meta":{"footnotes":""},"categories":[8],"tags":[976,1000,58,59,1473,1011,27,594,1714,1718,1713,6097,973,1717,1715,1716],"class_list":{"0":"post-34991","1":"post","2":"type-post","3":"status-publish","4":"format-standard","5":"has-post-thumbnail","7":"category-divertissement","8":"tag-actu-people","9":"tag-celebrites","10":"tag-divertissement","11":"tag-entertainment","12":"tag-europe-1","13":"tag-fr","14":"tag-france","15":"tag-france-2","16":"tag-info-people","17":"tag-infos-people-du-jour","18":"tag-news-people","19":"tag-patrick-sebastien","20":"tag-people","21":"tag-photo-people","22":"tag-potins-de-stars","23":"tag-potins-people"},"share_on_mastodon":{"url":"https:\/\/pubeurope.com\/@fr\/114361223368158540","error":""},"_links":{"self":[{"href":"https:\/\/www.europesays.com\/fr\/wp-json\/wp\/v2\/posts\/34991","targetHints":{"allow":["GET"]}}],"collection":[{"href":"https:\/\/www.europesays.com\/fr\/wp-json\/wp\/v2\/posts"}],"about":[{"href":"https:\/\/www.europesays.com\/fr\/wp-json\/wp\/v2\/types\/post"}],"author":[{"embeddable":true,"href":"https:\/\/www.europesays.com\/fr\/wp-json\/wp\/v2\/users\/2"}],"replies":[{"embeddable":true,"href":"https:\/\/www.europesays.com\/fr\/wp-json\/wp\/v2\/comments?post=34991"}],"version-history":[{"count":0,"href":"https:\/\/www.europesays.com\/fr\/wp-json\/wp\/v2\/posts\/34991\/revisions"}],"wp:featuredmedia":[{"embeddable":true,"href":"https:\/\/www.europesays.com\/fr\/wp-json\/wp\/v2\/media\/34992"}],"wp:attachment":[{"href":"https:\/\/www.europesays.com\/fr\/wp-json\/wp\/v2\/media?parent=34991"}],"wp:term":[{"taxonomy":"category","embeddable":true,"href":"https:\/\/www.europesays.com\/fr\/wp-json\/wp\/v2\/categories?post=34991"},{"taxonomy":"post_tag","embeddable":true,"href":"https:\/\/www.europesays.com\/fr\/wp-json\/wp\/v2\/tags?post=34991"}],"curies":[{"name":"wp","href":"https:\/\/api.w.org\/{rel}","templated":true}]}}