{"id":349913,"date":"2025-08-28T11:27:14","date_gmt":"2025-08-28T11:27:14","guid":{"rendered":"https:\/\/www.europesays.com\/fr\/349913\/"},"modified":"2025-08-28T11:27:14","modified_gmt":"2025-08-28T11:27:14","slug":"photos-la-course-de-chaises-de-bureau-anime-le-quartier-des-provinces-a-abbeville","status":"publish","type":"post","link":"https:\/\/www.europesays.com\/fr\/349913\/","title":{"rendered":"PHOTOS. La course de chaises de bureau anime le quartier des Provinces \u00e0 Abbeville"},"content":{"rendered":"<p>            Par<br \/>\n        <strong><br \/>\n            <a href=\"https:\/\/actu.fr\/auteur\/alban-leduc\" title=\"Consulter tous les articles de Alban LEDUC\" rel=\"nofollow noopener\" target=\"_blank\">Alban LEDUC<\/a><br \/>\n        <\/strong><\/p>\n<p>        Publi\u00e9 le<\/p>\n<p>            28 ao\u00fbt 2025 \u00e0 12h30        <\/p>\n<p>Vitesse, soleil et rigolades pour la seconde \u00e9dition de la course des chaises de bureau <b>ce mercredi 27\u00a0ao\u00fbt apr\u00e8s midi sur la place des Provinces \u00e0 Abbeville<\/b>.<\/p>\n<p>    <img   decoding=\"async\" loading=\"lazy\" class=\"size-large\" src=\"https:\/\/www.europesays.com\/fr\/wp-content\/uploads\/2025\/08\/caaf0e8010b8675101e8010b887611v-960x640.jpg\" alt=\"L'apr\u00e8s-midi \u00e9tait plac\u00e9e sous le signe de la rigolade.\" width=\"960\" height=\"640\"\/><br \/>\n    L\u2019apr\u00e8s-midi \u00e9tait plac\u00e9e sous le signe de la rigolade. \u00a9Alban Leduc<\/p>\n<p class=\" wall-content\">Sur un nouveau parcours flambant neuf compos\u00e9 de virages, <b>une cinquantaine de participants<\/b>, adultes comme enfants, se sont affront\u00e9s pour faire le meilleur temps\u2026 assis sur une chaise de bureau.<\/p>\n<p>    <img   decoding=\"async\" loading=\"lazy\" class=\"size-large\" src=\"https:\/\/www.europesays.com\/fr\/wp-content\/uploads\/2025\/08\/cce5b40410b86f0f5b40410b8f4f5bv-960x640.jpg\" alt=\"Une cinquantaine de participants ont pris le d\u00e9part de la course.\" width=\"960\" height=\"640\"\/><br \/>\n    Une cinquantaine de participants ont pris le d\u00e9part de la course. \u00a9Alban Leduc<\/p>\n<p class=\" wall-content\">\u00c0 reculons sur une dizaine de m\u00e8tres, il fallait \u00eatre habile et endurant pour tenter d\u2019avancer le plus rapidement.<\/p>\n<p>\u00ab\u2009Pour que les gens sortent de chez eux avant la rentr\u00e9e\u2009\u00bb<\/p>\n<p class=\" wall-content\">Objectif pour la maison de quartier \u00e0 l\u2019origine de cet \u00e9v\u00e9nement insolite, offrir un moment festif et convivial dans le quartier juste avant la rentr\u00e9e.<\/p>\n<p>Vid\u00e9os : en ce moment sur Actu<\/p>\n<p class=\" wall-content\">Une opportunit\u00e9 appr\u00e9ci\u00e9e par les jeunes pour passer une bonne apr\u00e8s-midi et de se rencontrer.<\/p>\n<blockquote class=\"tiktok-embed wall-content\" cite=\"https:\/\/www.tiktok.com\/@journal.abbeville\/video\/7543340056451321110\" data-video-id=\"7543340056451321110\" style=\"max-width: 605px; min-width: 325px;\"><p>\n<a title=\"\u266c son original - \ud83d\udedcLe Journal d\u2019Abbeville\ud83d\udedc\" href=\"https:\/\/www.tiktok.com\/music\/son-original-7543340053842397974?refer=embed\" rel=\"nofollow noopener\" target=\"_blank\"><\/p><\/blockquote>\n<p>Votre r\u00e9gion, votre actu !<\/p>\n<p>Recevez chaque jour les infos qui comptent pour vous.<\/p>\n<p>\t<a href=\"https:\/\/actu.fr\/newsletter\" class=\"ac-btn ac-btn--corner ac-btn--medium ac-btn--blue800\" rel=\"nofollow noopener\" target=\"_blank\">S&rsquo;incrire<\/a><\/p>\n<p>    <img   decoding=\"async\" loading=\"lazy\" class=\"size-large\" src=\"https:\/\/www.europesays.com\/fr\/wp-content\/uploads\/2025\/08\/8842d9a010b86cc42d9a010b8b052dv-960x640.jpg\" alt=\"L'organisation a repris tous les codes de la Formule 1 avec chrono et ligne d'arriv\u00e9e.\" width=\"960\" height=\"640\"\/><br \/>\n    L\u2019organisation a repris tous les codes de la Formule 1 avec chrono et ligne d\u2019arriv\u00e9e. \u00a9Alban Leduc<\/p>\n<p class=\" wall-content\">\u00ab\u2009La plupart de nos jeunes viennent des quartiers donc on participe aux \u00e9v\u00e8nements pour dynamiser la vie de proximit\u00e9\u2009\u00bb, explique Brian, formateur \u00e0 l\u2019<b>\u00e9cole de la deuxi\u00e8me chance<\/b>, venu avec le groupe de jeunes qu\u2019il encadre.<\/p>\n<p>    <img   decoding=\"async\" loading=\"lazy\" class=\"size-large\" src=\"https:\/\/www.europesays.com\/fr\/wp-content\/uploads\/2025\/08\/0b178b4410b86cc278b4410b8d0378v-960x640.jpg\" alt=\"Le sourire \u00e9tait au rendez-vous pour les habitants du quartier avant la rentr\u00e9e.\" width=\"960\" height=\"640\"\/><br \/>\n    Le sourire \u00e9tait au rendez-vous pour les habitants du quartier avant la rentr\u00e9e. \u00a9Alban Leduc<\/p>\n<p class=\" wall-content\">\u00ab\u2009L\u2019objectif, c\u2019est de cr\u00e9er du lien social et que les gens sortent de chez eux avant la rentr\u00e9e\u2009\u00bb, confirme un animateur de quartier pr\u00e9sent depuis 28\u00a0ans.<\/p>\n<p>    <img   decoding=\"async\" loading=\"lazy\" class=\"size-large\" src=\"https:\/\/www.europesays.com\/fr\/wp-content\/uploads\/2025\/08\/e1047a7410b86d5047a7410b8c9047v-960x640.jpg\" alt=\"Les a\u00een\u00e9s ont propos\u00e9 le go\u00fbter pour l'occasion.\" width=\"960\" height=\"640\"\/><br \/>\n    Les a\u00een\u00e9s ont propos\u00e9 le go\u00fbter pour l\u2019occasion. \u00a9Alban Leduc<\/p>\n<p class=\" wall-content\">\u00ab\u2009C\u2019est convivial, c\u2019est en plein c\u0153ur du quartier et \u00e7a prend de l\u2019ampleur\u2009\u00bb, se r\u00e9jouit-il, en<b> imaginant organiser une \u00e9dition encore plus grande l\u2019ann\u00e9e prochaine, \u00e9ventuellement au centre-ville d\u2019Abbeville.<\/b><\/p>\n<p>    <img   decoding=\"async\" loading=\"lazy\" class=\"size-large\" src=\"https:\/\/www.europesays.com\/fr\/wp-content\/uploads\/2025\/08\/17df9e9410b861bdf9e9410b8fedf9v-960x640.jpg\" alt=\"Les gagnants sont repartis avec un troph\u00e9e et... une chaise de bureau.\" width=\"960\" height=\"640\"\/><br \/>\n    Les gagnants sont repartis avec un troph\u00e9e et\u2026 une chaise de bureau. \u00a9Alban Leduc<\/p>\n<p class=\" wall-content\">Personnalisez votre actualit\u00e9 en ajoutant vos villes et m\u00e9dias en favori avec <a href=\"https:\/\/moncompte.actu.fr\" title=\"D\u00e9couvez Mon Actu\" rel=\"nofollow noopener\" data-trk=\"{&quot;cta&quot;:{&quot;action&quot;:&quot;https:\\\/\\\/moncompte.actu.fr&quot;,&quot;category&quot;:&quot;mon compte&quot;,&quot;from&quot;:&quot;article footer&quot;,&quot;name&quot;:&quot;Mon actu&quot;,&quot;type&quot;:&quot;cta&quot;}}\" target=\"_blank\">Mon Actu<\/a>.<\/p>\n<p>                    <script async src=\"\/\/www.tiktok.com\/embed.js\"><\/script><\/p>\n","protected":false},"excerpt":{"rendered":"Par Alban LEDUC Publi\u00e9 le 28 ao\u00fbt 2025 \u00e0 12h30 Vitesse, soleil et rigolades pour la seconde \u00e9dition&hellip;\n","protected":false},"author":2,"featured_media":349914,"comment_status":"","ping_status":"","sticky":false,"template":"","format":"standard","meta":{"footnotes":""},"categories":[1412],"tags":[1451,1452,1453,1454,1455,1011,27,1757,104,60],"class_list":{"0":"post-349913","1":"post","2":"type-post","3":"status-publish","4":"format-standard","5":"has-post-thumbnail","7":"category-f1","8":"tag-f1","9":"tag-formula-1","10":"tag-formula1","11":"tag-formule-1","12":"tag-formule1","13":"tag-fr","14":"tag-france","15":"tag-insolite","16":"tag-societe","17":"tag-sports"},"share_on_mastodon":{"url":"https:\/\/pubeurope.com\/@fr\/115106155839057231","error":""},"_links":{"self":[{"href":"https:\/\/www.europesays.com\/fr\/wp-json\/wp\/v2\/posts\/349913","targetHints":{"allow":["GET"]}}],"collection":[{"href":"https:\/\/www.europesays.com\/fr\/wp-json\/wp\/v2\/posts"}],"about":[{"href":"https:\/\/www.europesays.com\/fr\/wp-json\/wp\/v2\/types\/post"}],"author":[{"embeddable":true,"href":"https:\/\/www.europesays.com\/fr\/wp-json\/wp\/v2\/users\/2"}],"replies":[{"embeddable":true,"href":"https:\/\/www.europesays.com\/fr\/wp-json\/wp\/v2\/comments?post=349913"}],"version-history":[{"count":0,"href":"https:\/\/www.europesays.com\/fr\/wp-json\/wp\/v2\/posts\/349913\/revisions"}],"wp:featuredmedia":[{"embeddable":true,"href":"https:\/\/www.europesays.com\/fr\/wp-json\/wp\/v2\/media\/349914"}],"wp:attachment":[{"href":"https:\/\/www.europesays.com\/fr\/wp-json\/wp\/v2\/media?parent=349913"}],"wp:term":[{"taxonomy":"category","embeddable":true,"href":"https:\/\/www.europesays.com\/fr\/wp-json\/wp\/v2\/categories?post=349913"},{"taxonomy":"post_tag","embeddable":true,"href":"https:\/\/www.europesays.com\/fr\/wp-json\/wp\/v2\/tags?post=349913"}],"curies":[{"name":"wp","href":"https:\/\/api.w.org\/{rel}","templated":true}]}}