{"id":349919,"date":"2025-08-28T11:30:11","date_gmt":"2025-08-28T11:30:11","guid":{"rendered":"https:\/\/www.europesays.com\/fr\/349919\/"},"modified":"2025-08-28T11:30:11","modified_gmt":"2025-08-28T11:30:11","slug":"nicolas-et-louis-sarkozy-jouent-les-gros-bras-sous-loeil-amuse-de-carla-bruni","status":"publish","type":"post","link":"https:\/\/www.europesays.com\/fr\/349919\/","title":{"rendered":"Nicolas et Louis Sarkozy jouent les gros bras sous l\u2019\u0153il amus\u00e9 de Carla Bruni"},"content":{"rendered":"<p class=\"intro\">Un duel p\u00e8re fils. Voici ce qu\u2019a immortalis\u00e9 Carla Bruni sur Instagram ce 26\u00a0ao\u00fbt. \u00c0 travers une photo, l\u2019ancienne premi\u00e8re dame a partag\u00e9 \u00e0 ses abonn\u00e9s le bras de fer \u00e0 travers lequel se sont affront\u00e9s Nicolas Sarkozy et son fils Louis.<\/p>\n<p>Un bras de fer filial. Ce 26\u00a0ao\u00fbt, <a href=\"https:\/\/www.parismatch.com\/bio\/nicolas-sarkozy\" rel=\"nofollow noopener\" target=\"_blank\">Nicolas et Louis Sarkozy<\/a> se sont pr\u00eat\u00e9s \u00e0 un duel insolite. P\u00e8re et fils ont en effet troqu\u00e9 la politique et les d\u00e9bats pour une \u00e9preuve plus terre \u00e0 terre et plus muscl\u00e9e\u00a0: un bras de fer au coin de la table. Le tout sous l\u2019\u0153il amus\u00e9 de Carla Bruni, chic arbitre de cette comp\u00e9tition, qui a immortalis\u00e9 le moment dans une photo publi\u00e9e sur son compte Instagram.<\/p>\n<p>En noir et blanc, l\u2019image montre l\u2019ancien pr\u00e9sident concentr\u00e9, tee-shirt sombre, le regard fix\u00e9 sur son benjamin. Face \u00e0 lui, Louis Sarkozy ne se d\u00e9gonfle pas. \u00c9galement en tee-shirt laissant apercevoir ses tatouages, le futur papa adopte une posture d\u00e9contract\u00e9e, pr\u00eat \u00e0 d\u00e9fier son p\u00e8re. Derri\u00e8re eux, une grande biblioth\u00e8que remplie de livres anciens. En l\u00e9gende de ce combat de coqs, <a href=\"https:\/\/www.parismatch.com\/actu\/international\/quand-carla-bruni-sarkozy-eclipsait-la-reine-elizabeth-ii-255035\" rel=\"nofollow noopener\" target=\"_blank\">l\u2019ancienne premi\u00e8re Dame<\/a> a simplement \u00e9crit\u00a0: \u00ab\u00a0Father &amp; Son\u00a0\u00bb.<\/p>\n<p>    La suite apr\u00e8s cette publicit\u00e9<\/p>\n<p>Reste une question sans r\u00e9ponse\u00a0: qui a gagn\u00e9\u00a0? Myst\u00e8re bien gard\u00e9 par <a href=\"https:\/\/www.parismatch.com\/bio\/carla-bruni-sarkozy\" rel=\"nofollow noopener\" target=\"_blank\">Carla Bruni<\/a>, qui n\u2019a pas voulu proclamer un vainqueur, malgr\u00e9 les demandes incessantes en commentaires.<\/p>\n<p>    La suite apr\u00e8s cette publicit\u00e9<\/p>\n<p>Louis Sarkozy dans les pas de son p\u00e8re<\/p>\n<p>Derri\u00e8re ce bras de fer peut se cacher une m\u00e9taphore sur le passage de relais entre les deux hommes. Apr\u00e8s plusieurs ann\u00e9es pass\u00e9es aux \u00c9tats-Unis, <a href=\"https:\/\/www.parismatch.com\/bio\/louis-sarkozy\" rel=\"nofollow noopener\" target=\"_blank\">Louis Sarkozy<\/a> a fait son retour en France, et marche aujourd\u2019hui dans les pas de son p\u00e8re. Chroniqueur r\u00e9gulier chez LCI comme sp\u00e9cialiste des \u00c9tats-Unis, le jeune homme de 28\u00a0ans s\u2019appr\u00eate \u00e0 faire son entr\u00e9e en politique.<\/p>\n<p>En ao\u00fbt, Louis Sarkozy a effet annonc\u00e9 sa candidature \u00e0 la mairie de Menton pour les municipales de 2026. Un d\u00e9fi qu\u2019il devra g\u00e9rer en m\u00eame temps que sa paternit\u00e9. Mari\u00e9 \u00e0 Natali Husi\u0107 depuis 2022, <a href=\"https:\/\/www.parismatch.com\/People\/louis-sarkozy-bientot-papa-pause-plage-a-menton-avec-natali-et-son-ventre-arrondi-255511\" rel=\"nofollow noopener\" target=\"_blank\">il s\u2019appr\u00eate \u00e0 devenir p\u00e8re<\/a> dans quelques semaines.<\/p>\n","protected":false},"excerpt":{"rendered":"Un duel p\u00e8re fils. Voici ce qu\u2019a immortalis\u00e9 Carla Bruni sur Instagram ce 26\u00a0ao\u00fbt. \u00c0 travers une photo,&hellip;\n","protected":false},"author":2,"featured_media":349920,"comment_status":"","ping_status":"","sticky":false,"template":"","format":"standard","meta":{"footnotes":""},"categories":[1359],"tags":[58,59,1011,27,973],"class_list":{"0":"post-349919","1":"post","2":"type-post","3":"status-publish","4":"format-standard","5":"has-post-thumbnail","7":"category-people","8":"tag-divertissement","9":"tag-entertainment","10":"tag-fr","11":"tag-france","12":"tag-people"},"share_on_mastodon":{"url":"https:\/\/pubeurope.com\/@fr\/115106167213490812","error":""},"_links":{"self":[{"href":"https:\/\/www.europesays.com\/fr\/wp-json\/wp\/v2\/posts\/349919","targetHints":{"allow":["GET"]}}],"collection":[{"href":"https:\/\/www.europesays.com\/fr\/wp-json\/wp\/v2\/posts"}],"about":[{"href":"https:\/\/www.europesays.com\/fr\/wp-json\/wp\/v2\/types\/post"}],"author":[{"embeddable":true,"href":"https:\/\/www.europesays.com\/fr\/wp-json\/wp\/v2\/users\/2"}],"replies":[{"embeddable":true,"href":"https:\/\/www.europesays.com\/fr\/wp-json\/wp\/v2\/comments?post=349919"}],"version-history":[{"count":0,"href":"https:\/\/www.europesays.com\/fr\/wp-json\/wp\/v2\/posts\/349919\/revisions"}],"wp:featuredmedia":[{"embeddable":true,"href":"https:\/\/www.europesays.com\/fr\/wp-json\/wp\/v2\/media\/349920"}],"wp:attachment":[{"href":"https:\/\/www.europesays.com\/fr\/wp-json\/wp\/v2\/media?parent=349919"}],"wp:term":[{"taxonomy":"category","embeddable":true,"href":"https:\/\/www.europesays.com\/fr\/wp-json\/wp\/v2\/categories?post=349919"},{"taxonomy":"post_tag","embeddable":true,"href":"https:\/\/www.europesays.com\/fr\/wp-json\/wp\/v2\/tags?post=349919"}],"curies":[{"name":"wp","href":"https:\/\/api.w.org\/{rel}","templated":true}]}}