{"id":349923,"date":"2025-08-28T11:32:13","date_gmt":"2025-08-28T11:32:13","guid":{"rendered":"https:\/\/www.europesays.com\/fr\/349923\/"},"modified":"2025-08-28T11:32:13","modified_gmt":"2025-08-28T11:32:13","slug":"festival-du-livre-de-mouans-sartoux-2025","status":"publish","type":"post","link":"https:\/\/www.europesays.com\/fr\/349923\/","title":{"rendered":"Festival du Livre de Mouans-Sartoux 2025"},"content":{"rendered":"<p>\t\t\t\t\t\u00c0 LA RENCONTRE DES AUTEURS<\/p>\n<p>\t\t\t\t\t\tBy\u00a0<a href=\"https:\/\/www.le-mensuel.com\/author\/morgane\/\" title=\"Articles par Morgane Le Mensuel\" rel=\"author nofollow noopener\" target=\"_blank\">Morgane Le Mensuel<\/a>\u00a0|\u00a028 ao\u00fbt 2025<\/p>\n<p>\t\t\t\t\t\t<b>Festival du Livre <\/b><b>de Mouans-Sartoux 2025<\/b><br \/>\nevents \/ salon \/ litt\u00e9rature \/ rencontres<\/p>\n<ul>\n<li>03 &gt; 05 octobre 2025 \/ 10:00 &gt; 19:00 \/ Mouans-Sartoux \/ Centre-ville \/ Gratuit \/ <a href=\"https:\/\/www.lefestivaldulivre.fr\/\" rel=\"nofollow noopener\" target=\"_blank\">infos ici !<\/a><\/li>\n<\/ul>\n<p>\u00a0<\/p>\n<p><b>Festival du Livre de Mouans-Sartoux : R\u00e9inventer l\u2019avenir<\/b><\/p>\n<p>\u00a0<\/p>\n<p>Du 03 au 05 octobre 2025, la ville de Mouans-Sartoux s\u2019illumine pour la 38\u00e8me \u00e9dition de son <b>Festival du Livre<\/b>, devenu en Provence un <b>rendez-vous litt\u00e9raire incontournable, populaire, foisonnant<\/b> et\u2026 toujours gratuit ! Trois jours durant, <b>pr\u00e8s de 300 auteurs<\/b> (\u00e0 d\u00e9couvrir prochainement sur le site officiel) investiront rues et places du centre-ville pour <b>d\u00e9battre, d\u00e9dicacer, lire, slamer ou jouer<\/b> puisque les mots sont partout : du cin\u00e9ma \u00e0 la danse, en passant par les concerts litt\u00e9raires et les expositions.<\/p>\n<p>Sous le th\u00e8me <b>\u00ab\u00a0Quel monde demain ?\u00a0\u00bb<\/b>, ce festival appara\u00eet comme une tr\u00e9pidante agora culturelle. On y croise <b>des voix engag\u00e9es, des lectures vibrantes, des sc\u00e8nes de rue anim\u00e9es, des siestes litt\u00e9raires<\/b> et un caf\u00e9-librairie o\u00f9 l\u2019on pourra r\u00eaver d\u2019un futur meilleur\u2026<\/p>\n<p><b>\u00a0 \u00a0 \u00a0<\/b><\/p>\n<p style=\"text-align: right;\">\u00a9 Morgane Las Dit Peisson pour Le Mensuel \/ Photo\u00a0DR<\/p>\n<p>\u00a0<\/p>\n<p><a href=\"https:\/\/www.le-mensuel.com\/category\/coups-de-coeur\/events\/\" rel=\"nofollow noopener\" target=\"_blank\">\u21b5\u00a0Retour vers la rubrique \u00ab\u00a0events\u00a0\u00bb<\/a><\/p>\n<p>\u00a0<\/p>\n","protected":false},"excerpt":{"rendered":"\u00c0 LA RENCONTRE DES AUTEURS By\u00a0Morgane Le Mensuel\u00a0|\u00a028 ao\u00fbt 2025 Festival du Livre de Mouans-Sartoux 2025 events \/&hellip;\n","protected":false},"author":2,"featured_media":349924,"comment_status":"","ping_status":"","sticky":false,"template":"","format":"standard","meta":{"footnotes":""},"categories":[1357],"tags":[1379,58,59,1011,27,1380],"class_list":{"0":"post-349923","1":"post","2":"type-post","3":"status-publish","4":"format-standard","5":"has-post-thumbnail","7":"category-livres","8":"tag-books","9":"tag-divertissement","10":"tag-entertainment","11":"tag-fr","12":"tag-france","13":"tag-livres"},"share_on_mastodon":{"url":"https:\/\/pubeurope.com\/@fr\/115106175010867692","error":""},"_links":{"self":[{"href":"https:\/\/www.europesays.com\/fr\/wp-json\/wp\/v2\/posts\/349923","targetHints":{"allow":["GET"]}}],"collection":[{"href":"https:\/\/www.europesays.com\/fr\/wp-json\/wp\/v2\/posts"}],"about":[{"href":"https:\/\/www.europesays.com\/fr\/wp-json\/wp\/v2\/types\/post"}],"author":[{"embeddable":true,"href":"https:\/\/www.europesays.com\/fr\/wp-json\/wp\/v2\/users\/2"}],"replies":[{"embeddable":true,"href":"https:\/\/www.europesays.com\/fr\/wp-json\/wp\/v2\/comments?post=349923"}],"version-history":[{"count":0,"href":"https:\/\/www.europesays.com\/fr\/wp-json\/wp\/v2\/posts\/349923\/revisions"}],"wp:featuredmedia":[{"embeddable":true,"href":"https:\/\/www.europesays.com\/fr\/wp-json\/wp\/v2\/media\/349924"}],"wp:attachment":[{"href":"https:\/\/www.europesays.com\/fr\/wp-json\/wp\/v2\/media?parent=349923"}],"wp:term":[{"taxonomy":"category","embeddable":true,"href":"https:\/\/www.europesays.com\/fr\/wp-json\/wp\/v2\/categories?post=349923"},{"taxonomy":"post_tag","embeddable":true,"href":"https:\/\/www.europesays.com\/fr\/wp-json\/wp\/v2\/tags?post=349923"}],"curies":[{"name":"wp","href":"https:\/\/api.w.org\/{rel}","templated":true}]}}