{"id":349925,"date":"2025-08-28T11:33:10","date_gmt":"2025-08-28T11:33:10","guid":{"rendered":"https:\/\/www.europesays.com\/fr\/349925\/"},"modified":"2025-08-28T11:33:10","modified_gmt":"2025-08-28T11:33:10","slug":"les-patrons-entre-exasperation-et-inquietude-face-a-linstabilite-politique","status":"publish","type":"post","link":"https:\/\/www.europesays.com\/fr\/349925\/","title":{"rendered":"Les patrons, entre exasp\u00e9ration et inqui\u00e9tude face \u00e0 l\u2019instabilit\u00e9 politique"},"content":{"rendered":"<p>                         <img loading=\"lazy\" decoding=\"async\" src=\"https:\/\/www.europesays.com\/fr\/wp-content\/uploads\/2025\/08\/e270455_upload-1-bq0wfh0gz9jb-083480.jpg\" alt=\"Patrick Martin, pr\u00e9sident du Medef, prononce son discours d\u2019ouverture lors de la Rencontre des entrepreneurs de France, au stade Roland-Garros, \u00e0 Paris, le 27\u00a0ao\u00fbt 2025. \"   width=\"664\" height=\"443\"\/>    Patrick Martin, pr\u00e9sident du Medef, prononce son discours d\u2019ouverture lors de la Rencontre des entrepreneurs de France, au stade Roland-Garros, \u00e0 Paris, le 27\u00a0ao\u00fbt 2025.  ABDUL SABOOR\/REUTERS                 <\/p>\n<p class=\"article__paragraph  \">La longue file d\u2019attente serpentant devant le stade Roland-Garros, mercredi 27\u00a0ao\u00fbt en d\u00e9but d\u2019apr\u00e8s-midi, aurait pu laisser penser qu\u2019une star du tennis s\u2019y produisait. Ce n\u2019\u00e9tait pourtant <a href=\"https:\/\/www.lemonde.fr\/sport\/article\/2025\/06\/09\/carlos-alcaraz-face-a-jannik-sinner-a-roland-garros-une-finale-epique-trois-vainqueurs-et-des-chiffres-fous_6611736_3242.html\" rel=\"nofollow noopener\" target=\"_blank\">ni Jannik Sinner ni Carlos Alcaraz<\/a> qui avait les honneurs du court Philippe-Chatrier, mais Patrick Martin, le pr\u00e9sident du Medef, le principal repr\u00e9sentant du patronat. Sans doute inspir\u00e9 par les lieux, le patron des patrons a altern\u00e9 la d\u00e9fense et l\u2019attaque pour ouvrir la traditionnelle Rencontre des entrepreneurs de France, qui se poursuit jusqu\u2019\u00e0 jeudi.<\/p>\n<p class=\"article__paragraph  \">Trois jours apr\u00e8s <a href=\"https:\/\/www.lemonde.fr\/videos\/video\/2025\/08\/25\/jours-feries-vote-de-confiance-49-3-voici-ce-qu-il-faut-retenir-de-la-conference-de-presse-de-rentree-de-francois-bayrou_6634912_1669088.html\" rel=\"nofollow noopener\" target=\"_blank\">la d\u00e9cision surprise du premier ministre d\u2019engager la responsabilit\u00e9 de son gouvernement<\/a> lors d\u2019un vote \u00e0 l\u2019Assembl\u00e9e nationale le 8\u00a0septembre, Patrick\u00a0Martin a soutenu Fran\u00e7ois Bayrou\u00a0: \u00ab\u00a0Le premier ministre a eu raison d\u2019alerter les Fran\u00e7ais sur la gravit\u00e9 de la situation de notre pays\u00a0\u00bb, a-t-il d\u00e9clar\u00e9, tout en appelant les d\u00e9cideurs politiques \u00e0 \u00ab\u00a0d\u00e9passer leurs rivalit\u00e9s partisanes. (\u2026)\u00a0Cela n\u2019en prend pas le chemin, j\u2019en suis constern\u00e9.\u00a0\u00bb<\/p>\n<p class=\"article__paragraph  \">Certes, nombre de dirigeants d\u2019entreprise, venus de toutes les r\u00e9gions de France, ne cachent pas leur exasp\u00e9ration vis-\u00e0-vis des \u00e9lus. \u00ab\u00a0Si les hommes politiques pouvaient penser \u00e0 la France plut\u00f4t qu\u2019\u00e0 leur pomme, cela ferait du bien\u00a0\u00bb, l\u00e2che Stanislas Lacroix, \u00e0 la t\u00eate d\u2019Aldes, une affaire familiale lyonnaise, sp\u00e9cialiste de la ventilation, employant 1\u00a0800\u00a0salari\u00e9s.<\/p>\n<p class=\"reading-mode-only \"><strong>Il vous reste 79.07% de cet article \u00e0 lire. La suite est r\u00e9serv\u00e9e aux abonn\u00e9s.<\/strong><\/p>\n","protected":false},"excerpt":{"rendered":"Patrick Martin, pr\u00e9sident du Medef, prononce son discours d\u2019ouverture lors de la Rencontre des entrepreneurs de France, au&hellip;\n","protected":false},"author":2,"featured_media":349926,"comment_status":"","ping_status":"","sticky":false,"template":"","format":"standard","meta":{"footnotes":""},"categories":[1356],"tags":[58,59,1011,27,252,1364],"class_list":{"0":"post-349925","1":"post","2":"type-post","3":"status-publish","4":"format-standard","5":"has-post-thumbnail","7":"category-television","8":"tag-divertissement","9":"tag-entertainment","10":"tag-fr","11":"tag-france","12":"tag-television","13":"tag-tv"},"share_on_mastodon":{"url":"https:\/\/pubeurope.com\/@fr\/115106179108915383","error":""},"_links":{"self":[{"href":"https:\/\/www.europesays.com\/fr\/wp-json\/wp\/v2\/posts\/349925","targetHints":{"allow":["GET"]}}],"collection":[{"href":"https:\/\/www.europesays.com\/fr\/wp-json\/wp\/v2\/posts"}],"about":[{"href":"https:\/\/www.europesays.com\/fr\/wp-json\/wp\/v2\/types\/post"}],"author":[{"embeddable":true,"href":"https:\/\/www.europesays.com\/fr\/wp-json\/wp\/v2\/users\/2"}],"replies":[{"embeddable":true,"href":"https:\/\/www.europesays.com\/fr\/wp-json\/wp\/v2\/comments?post=349925"}],"version-history":[{"count":0,"href":"https:\/\/www.europesays.com\/fr\/wp-json\/wp\/v2\/posts\/349925\/revisions"}],"wp:featuredmedia":[{"embeddable":true,"href":"https:\/\/www.europesays.com\/fr\/wp-json\/wp\/v2\/media\/349926"}],"wp:attachment":[{"href":"https:\/\/www.europesays.com\/fr\/wp-json\/wp\/v2\/media?parent=349925"}],"wp:term":[{"taxonomy":"category","embeddable":true,"href":"https:\/\/www.europesays.com\/fr\/wp-json\/wp\/v2\/categories?post=349925"},{"taxonomy":"post_tag","embeddable":true,"href":"https:\/\/www.europesays.com\/fr\/wp-json\/wp\/v2\/tags?post=349925"}],"curies":[{"name":"wp","href":"https:\/\/api.w.org\/{rel}","templated":true}]}}