{"id":349927,"date":"2025-08-28T11:34:10","date_gmt":"2025-08-28T11:34:10","guid":{"rendered":"https:\/\/www.europesays.com\/fr\/349927\/"},"modified":"2025-08-28T11:34:10","modified_gmt":"2025-08-28T11:34:10","slug":"heritage-de-julien-clerc-aucun-patrimoine-immobilier-mais-aucun-souci-financier-pour-sa-famille-a-lhorizon","status":"publish","type":"post","link":"https:\/\/www.europesays.com\/fr\/349927\/","title":{"rendered":"H\u00e9ritage de Julien Clerc : aucun patrimoine immobilier mais aucun souci financier pour sa famille \u00e0 l\u2019horizon"},"content":{"rendered":"<p>R\u00e9cemment <a href=\"https:\/\/www.closermag.fr\/people\/julien-clerc-grand-pere-sa-fille-vanille-est-maman-1107078#item=1\" rel=\"nofollow noopener\" target=\"_blank\"><br \/>\ndevenu grand-p\u00e8re<\/a>, <a href=\"https:\/\/www.closermag.fr\/bio-people\/julien-clerc\" rel=\"nofollow noopener\" target=\"_blank\">Julien Clerc<\/a><br \/>\nest p\u00e8re de cinq enfants, issus de quatre histoires d\u2019amour. Depuis<br \/>\nplus de 20 ans, c\u2019est aux c\u00f4t\u00e9s d\u2019<a href=\"https:\/\/www.closermag.fr\/people\/helene-briseuse-de-menage-la-femme-de-julien-clerc-commente-pour-la-premiere-fois-leurs-29-ans-decart-3573937\" rel=\"nofollow noopener\" target=\"_blank\">H\u00e9l\u00e8ne<br \/>\nGr\u00e9millon<\/a>, sc\u00e9nariste et romanci\u00e8re, que le chanteur <a href=\"https:\/\/www.closermag.fr\/people\/et-le-sxe-julien-clerc-evoque-sans-pudeur-sa-relation-avec-helene-29-ans-de-moins-que-lui-3573952\" rel=\"nofollow noopener\" target=\"_blank\"><br \/>\ncoule des jours heureux<\/a>, malgr\u00e9 les <a href=\"https:\/\/www.closermag.fr\/people\/julien-clerc-je-partirai-avant-le-chanteur-fait-de-rares-confidences-sur-son-histoire-avec-une-femme-bien-plus-jeune-que-lui-3554907\" rel=\"nofollow noopener\" target=\"_blank\"><br \/>\n30 ans<\/a> qui les s\u00e9parent. Le couple est parent d\u2019un gar\u00e7on,<br \/>\npr\u00e9nomm\u00e9 L\u00e9onard, n\u00e9 en 2008.<\/p>\n<p>Avec sa femme, c\u2019est au Japon que l\u2019interpr\u00e8te de Ma<br \/>\npr\u00e9f\u00e9rence a choisi de passer ses vacances. Un pays qu\u2019il<br \/>\naffectionne tout particuli\u00e8rement depuis sa premi\u00e8re tourn\u00e9e au<br \/>\npays du soleil levant en 1974. Nos conf\u00e8res de Paris Match<br \/>\nont accompagn\u00e9 Julien Clerc et sa femme lors de ces vacances<br \/>\nintimes et d\u00e9paysantes. L\u2019occasion de recueillir <strong>des<br \/>\nconfidences sur l\u2019h\u00e9ritage<\/strong> que laissera Julien Clerc \u00e0 ses<br \/>\nproches lorsqu\u2019il tirera sa r\u00e9v\u00e9rence.<\/p>\n<p>H\u00e9ritage de Julien Clerc : le chanteur se confie sans<br \/>\ntabou<\/p>\n<p>Si Julien Clerc a accumul\u00e9 les ventes de disques et le succ\u00e8s<br \/>\npendant pr\u00e8s de 50 ans de carri\u00e8re, il n\u2019en est pas pour autant<br \/>\ndevenu mat\u00e9rialiste. \u00ab\u00a0Le Japon nous a appris une chose, c\u2019est<br \/>\nqu\u2019<strong>on vit aussi tr\u00e8s bien dans une forme<br \/>\nd\u2019asc\u00e9tisme<\/strong>\u00ab\u00a0, a r\u00e9v\u00e9l\u00e9 H\u00e9l\u00e8ne Gr\u00e9millon, interrog\u00e9e<br \/>\npar Paris Match. Exit le superflu.<\/p>\n<p>Julien Clerc et sa femme n\u2019h\u00e9sitent pas \u00e0 se s\u00e9parer, d\u00e8s qu\u2019ils<br \/>\nd\u00e9m\u00e9nagent (le dernier d\u00e9m\u00e9nagement a eu lieu le 15 ao\u00fbt), de<br \/>\nmeubles et d\u2019accessoires jug\u00e9s futiles. \u00ab\u00a0Je garde des livres<br \/>\nqui me sont essentiels et un piano\u00a0\u00bb, a pr\u00e9cis\u00e9 Julien Clerc.<br \/>\nEn effet, les deux amoureux n\u2019ont toujours pas investi dans<br \/>\nl\u2019immobilier. \u00ab\u00a0Nos deux seules propri\u00e9t\u00e9s, c\u2019est notre voiture,<br \/>\ngar\u00e9e chez mes beaux-parents dans le Poitou, et le \u00ab\u00a0Patineur\u00a0\u00bb, le<br \/>\npointu qu\u2019H\u00e9l\u00e8ne m\u2019a offert \u00e0 No\u00ebl. On a tellement d\u00e9m\u00e9nag\u00e9 depuis<br \/>\nqu\u2019on est ensemble qu\u2019<strong>on pourrait d\u00e9sormais partir du jour<br \/>\nau lendemain<\/strong>\u00ab\u00a0, a d\u00e9clar\u00e9 l\u2019interpr\u00e8te de Femmes<br \/>\nje vous aime.<\/p>\n<blockquote class=\"twitter-tweet\"><p><a class=\"twitter-link\" rel=\"noindex, nofollow noopener\" href=\"https:\/\/twitter.com\/ParisMatch\/status\/1960770474922926555\" target=\"_blank\"><\/p><\/blockquote>\n<p>H\u00e9ritage de Julien Clerc : \u00ab\u00a0J\u2019ai fait<br \/>\nle n\u00e9cessaire\u2026\u00a0\u00bb<\/p>\n<p>Si Julien Clerc ne se dit pas mat\u00e9rialiste, il n\u2019est cependant<br \/>\npas dans le besoin. L\u2019interpr\u00e8te et compositeur assure ses<br \/>\narri\u00e8res. A 77 ans, il a d\u00e9j\u00e0 anticip\u00e9 sa disparition. \u00ab\u00a0Je sais<br \/>\nque toute bonne chose \u00e0 une fin. <strong>J\u2019ai fait le n\u00e9cessaire<br \/>\npour que, lorsque je ne serai plus l\u00e0, personne ne soit dans<br \/>\nl\u2019embarras<\/strong>\u00ab\u00a0, a-t-il r\u00e9v\u00e9l\u00e9 dans les colonnes de<br \/>\nParis Match.<\/p>\n<p>A la t\u00eate d\u2019une grande famille, <a href=\"https:\/\/www.closermag.fr\/people\/pour-qu-elle-revienne-j-ai-tout-essaye-julien-clerc-devoile-les-secrets-de-sa-rupture-avec-france-gall-772481#item=1\" rel=\"nofollow noopener\" target=\"_blank\"><br \/>\nl\u2019ex-compagnon de France Gall<\/a> n\u2019entend pas laisser place \u00e0 une<br \/>\nguerre d\u2019h\u00e9ritage apr\u00e8s sa mort.<\/p>\n<p><script async src=\"https:\/\/platform.twitter.com\/widgets.js\" charset=\"utf-8\"><\/script><\/p>\n","protected":false},"excerpt":{"rendered":"R\u00e9cemment devenu grand-p\u00e8re, Julien Clerc est p\u00e8re de cinq enfants, issus de quatre histoires d\u2019amour. Depuis plus de&hellip;\n","protected":false},"author":2,"featured_media":349928,"comment_status":"","ping_status":"","sticky":false,"template":"","format":"standard","meta":{"footnotes":""},"categories":[1355],"tags":[548,58,59,28068,1011,27,11632,1735,1361,873],"class_list":{"0":"post-349927","1":"post","2":"type-post","3":"status-publish","4":"format-standard","5":"has-post-thumbnail","7":"category-musique","8":"tag-article-simple","9":"tag-divertissement","10":"tag-entertainment","11":"tag-fortune","12":"tag-fr","13":"tag-france","14":"tag-heritage","15":"tag-julien-clerc","16":"tag-music","17":"tag-musique"},"share_on_mastodon":{"url":"https:\/\/pubeurope.com\/@fr\/115106182880570480","error":""},"_links":{"self":[{"href":"https:\/\/www.europesays.com\/fr\/wp-json\/wp\/v2\/posts\/349927","targetHints":{"allow":["GET"]}}],"collection":[{"href":"https:\/\/www.europesays.com\/fr\/wp-json\/wp\/v2\/posts"}],"about":[{"href":"https:\/\/www.europesays.com\/fr\/wp-json\/wp\/v2\/types\/post"}],"author":[{"embeddable":true,"href":"https:\/\/www.europesays.com\/fr\/wp-json\/wp\/v2\/users\/2"}],"replies":[{"embeddable":true,"href":"https:\/\/www.europesays.com\/fr\/wp-json\/wp\/v2\/comments?post=349927"}],"version-history":[{"count":0,"href":"https:\/\/www.europesays.com\/fr\/wp-json\/wp\/v2\/posts\/349927\/revisions"}],"wp:featuredmedia":[{"embeddable":true,"href":"https:\/\/www.europesays.com\/fr\/wp-json\/wp\/v2\/media\/349928"}],"wp:attachment":[{"href":"https:\/\/www.europesays.com\/fr\/wp-json\/wp\/v2\/media?parent=349927"}],"wp:term":[{"taxonomy":"category","embeddable":true,"href":"https:\/\/www.europesays.com\/fr\/wp-json\/wp\/v2\/categories?post=349927"},{"taxonomy":"post_tag","embeddable":true,"href":"https:\/\/www.europesays.com\/fr\/wp-json\/wp\/v2\/tags?post=349927"}],"curies":[{"name":"wp","href":"https:\/\/api.w.org\/{rel}","templated":true}]}}