{"id":349929,"date":"2025-08-28T11:35:12","date_gmt":"2025-08-28T11:35:12","guid":{"rendered":"https:\/\/www.europesays.com\/fr\/349929\/"},"modified":"2025-08-28T11:35:12","modified_gmt":"2025-08-28T11:35:12","slug":"des-competences-que-vous-navez-pas-du-tout","status":"publish","type":"post","link":"https:\/\/www.europesays.com\/fr\/349929\/","title":{"rendered":"\u201cDes comp\u00e9tences que vous n\u2019avez pas du tout\u201d"},"content":{"rendered":"<p><strong>Christian Clavier est l\u2019un des piliers du<br \/>\nSplendid.<\/strong> Cette troupe de comiques devenus com\u00e9diens puis<br \/>\nmurs porteurs de la com\u00e9die tricolore avec notamment Les<br \/>\nBronz\u00e9s. Puis, en parall\u00e8le, celui-ci a suivi une carri\u00e8re<br \/>\nen solitaire presqu\u2019entam\u00e9e avec l\u2019aventure des Bronz\u00e9s.<br \/>\nEn 2025, Christian Clavier, plus que jamais, continue \u00e0 tourner<br \/>\nfilm sur film, strictement de la com\u00e9die. <strong>L\u2019acteur est<br \/>\ntoujours au top malgr\u00e9 pr\u00e8s de 50 ans de carri\u00e8re.<\/strong> La<br \/>\npreuve ? Cet encha\u00eenement de vannes \u00e0 toute berzingue, piques<br \/>\nenvers le journaliste <strong>Pascal Praud<\/strong>.<\/p>\n<p>Christian Clavier, d\u00e9buts fracassants avec le Splendid<\/p>\n<p>Fin des ann\u00e9es 70, le grand public d\u00e9couvre la com\u00e9die de<br \/>\nvacances Les Bronz\u00e9s au cin\u00e9. <strong>Une satire des<br \/>\ncong\u00e9s pay\u00e9s et du Club Med apr\u00e8s les Trente Glorieuses.<\/strong><br \/>\nOu comment une bande de sympathiques franchouillards se r\u00e9v\u00e8lent de<br \/>\nd\u00e9testables touristes. Il y a un on-ne-sait-quoi de la<br \/>\n<strong>com\u00e9die n\u00e9or\u00e9aliste italienne<\/strong> dans le film r\u00e9alis\u00e9<br \/>\npar <strong>Patrice Leconte<\/strong>. Les personnages y sont \u00e0 la<br \/>\nfois attachants et path\u00e9tiques, horripilants mais tr\u00e8s dr\u00f4les.<\/p>\n<p><strong>Les Bronz\u00e9s est un succ\u00e8s colossal doubl\u00e9 d\u2019un<br \/>\nfilm culte et interg\u00e9n\u00e9rationnel.<\/strong> Aujourd\u2019hui, il est<br \/>\nr\u00e9guli\u00e8rement rediffus\u00e9 \u00e0 la t\u00e9l\u00e9. Il a permis, \u00e0 l\u2019\u00e9poque,<br \/>\nl\u2019\u00e9mergence d\u2019une bande de joyeux drilles qui ont pris d\u2019assaut la<br \/>\ncom\u00e9die fran\u00e7aise : <strong>G\u00e9rard Jugnot<\/strong>, <a href=\"https:\/\/www.melty.fr\/people\/disparition-michel-blanc-son-ex-compagne-lio-agacee-par-cette-question-intime-ferme-ta-2185828.html\" target=\"_blank\" rel=\"noopener\"><br \/>\n<strong>Josiane Balasko<\/strong>, <strong>Thierry<br \/>\nLhermitte<\/strong>, <strong>Michel Blanc<\/strong><\/a>,<br \/>\n<strong>Marie-Anne Chazel<\/strong> et, bien s\u00fbr, Christian Clavier.<br \/>\nTous, en marge du Splendid, ont eu une carri\u00e8re en solitaire en<br \/>\nplus de projets ensemble\u2026<\/p>\n<p>L\u2019acteur affiche une carri\u00e8re en solo tr\u00e8s cons\u00e9quente<\/p>\n<p>Christian Clavier, notamment, <a href=\"https:\/\/www.melty.fr\/people\/a-72-ans-christian-clavier-sans-tabou-sur-sa-vie-intime-un-ras-le-bol-2168256.html\" target=\"_blank\" rel=\"noopener\"><br \/>\nqui a commenc\u00e9 \u00e0 tourner avant Les Bronz\u00e9s<\/a>, notamment<br \/>\nchez <strong>Claude Miller<\/strong>, dans Dites-lui que je<br \/>\nl\u2019aime, a une carri\u00e8re tr\u00e8s cons\u00e9quente derri\u00e8re lui.<br \/>\n<strong>Imaginez, celui-ci a pass\u00e9 un demi-si\u00e8cle \u00e0 faire marrer le<br \/>\npublic dans des com\u00e9dies plus ou moins r\u00e9ussies, plus ou moins<br \/>\npopulaires.<\/strong> Il n\u2019a que quelques fois caresser des r\u00f4les<br \/>\ndramatiques, en t\u00e9moigne son portrait de <strong>Napol\u00e9on<\/strong><br \/>\ndans la mini-s\u00e9rie \u00e9ponyme.<\/p>\n<p>En effet, apr\u00e8s avoir incarn\u00e9 le terrible<br \/>\n<strong>Jacquouillet<\/strong>, accusateur public de Napol\u00e9on dans<br \/>\nLes Visiteurs II, Clavier pr\u00eate ses traits au c\u00e9l\u00e8bre<br \/>\nEmpereur. <strong>R\u00e9sultat, une partition dramatique,<br \/>\nquasi-inexistante jusqu\u00a0\u00bbici dans la carri\u00e8re de<br \/>\nl\u2019interpr\u00e8te.<\/strong> D\u2019ailleurs, on ne sait pas trop pourquoi<br \/>\nmais Clavier ne retentera jamais l\u2019exp\u00e9rience de la fiction<br \/>\ndramatique. Au contraire, depuis une dizaine d&rsquo;ann\u00e9es, il est entr\u00e9<br \/>\ndans la bouffonnerie pure et totale.<\/p>\n<p>Christian Clavier : cette joli pique<br \/>\nenvers Pascal Praud<\/p>\n<p>Ainsi, \u00e0 73 ans, Christian Clavier n\u2019a rien perdu de son envie<br \/>\nde faire rire. <strong>Ni m\u00eame de son style, \u00e0 la fois vif mais<br \/>\nras-les-p\u00e2querettes, outrancier mais qui va droit au but.<\/strong><br \/>\nPascal Praud, journaliste et animateur sur <strong>CNews<\/strong>,<br \/>\npeut en t\u00e9moigner. Le membre fondateur du Splendid s\u2019est pay\u00e9 en<br \/>\nbeaut\u00e9 l\u2019ancien chroniqueur sportif sp\u00e9cialis\u00e9 dans le football.<br \/>\nCar, oui, Pascal Praud n\u2019a pas commenc\u00e9 en tant que pr\u00e9sentateur \u00e0<br \/>\ntendance \u00e9ditorialiste d\u2019extr\u00eame droite. <strong>Il fut un temps o\u00f9<br \/>\nle journaliste transmettait sa passion pour le ballon rond au<br \/>\npublic.<\/strong><\/p>\n<p>Christian Clavier, lui, sarkozyste convaincu, n\u2019a jamais la<br \/>\nlangue dans sa poche. <strong>Tel un Lucky Luke de la vanne,<br \/>\ncelui-ci d\u00e9gaine toujours plus vite que son ombre.<\/strong> Une<br \/>\nvictime parmi tant d\u2019autres : Pascal Praud, donc. <strong>Flashback<br \/>\n: nous sommes en 2020 lors de la nomination d\u2019un nouveau Premier<br \/>\nministre.<\/strong> \u201cPremier ministre, pas premier ministre, qui<br \/>\n\u00e7a, machin, machine, tr\u00e8s tr\u00e8s bien.\u201d, lance avec beaucoup<br \/>\nd\u2019ironie Christian Clavier en duplex. \u201cMais vous, l\u00e0, en veste,<br \/>\nc\u2019est \u00e7a le plus int\u00e9ressant de la m\u00e2tin\u00e9 !\u201d Praud rit jaune,<br \/>\nne veut pas perdre la face. \u201cJe suis bien d\u2019accord avec<br \/>\nvous.\u201d, r\u00e9pond le journaliste. Avant d&rsquo;ajouter : \u201cVous<br \/>\n\u00eates vraiment un fin analyste de la vie politique.\u201d<br \/>\n<strong>Christian Clavier rench\u00e9rit avec encore plus d\u2019ironie<br \/>\n:<\/strong> \u201cOui, comme vous.\u201d Praud : \u201cMoi, c\u2019est mon<br \/>\nm\u00e9tier, on vous imagine pas\u2026\u201d Clavier le coupe sec : \u201cAh<br \/>\nnon, non, non. Vous, votre m\u00e9tier \u00e9tait d\u2019\u00eatre cuisinier au d\u00e9part,<br \/>\net puis, apr\u00e8s, vous avez obliqu\u00e9 vers le sport, notamment le<br \/>\nfootball, et maintenant vous \u00eates plac\u00e9 dans ce truc-l\u00e0. <strong>En<br \/>\npr\u00e9tendant avoir des comp\u00e9tences que vous n\u2019avez pas du tout<br \/>\n!<\/strong> Mais, en tout cas, c\u2019est tr\u00e8s sympathique<br \/>\nd\u2019appeler.\u201d Le roi de la com\u00e9die, qu&rsquo;on vous dit.<\/p>\n","protected":false},"excerpt":{"rendered":"Christian Clavier est l\u2019un des piliers du Splendid. Cette troupe de comiques devenus com\u00e9diens puis murs porteurs de&hellip;\n","protected":false},"author":2,"featured_media":349930,"comment_status":"","ping_status":"","sticky":false,"template":"","format":"standard","meta":{"footnotes":""},"categories":[1354],"tags":[905,2203,58,59,1346,1011,27,1360],"class_list":{"0":"post-349929","1":"post","2":"type-post","3":"status-publish","4":"format-standard","5":"has-post-thumbnail","7":"category-films","8":"tag-a-la-une-melty","9":"tag-christian-clavier","10":"tag-divertissement","11":"tag-entertainment","12":"tag-films","13":"tag-fr","14":"tag-france","15":"tag-movies"},"share_on_mastodon":{"url":"https:\/\/pubeurope.com\/@fr\/115106186934040046","error":""},"_links":{"self":[{"href":"https:\/\/www.europesays.com\/fr\/wp-json\/wp\/v2\/posts\/349929","targetHints":{"allow":["GET"]}}],"collection":[{"href":"https:\/\/www.europesays.com\/fr\/wp-json\/wp\/v2\/posts"}],"about":[{"href":"https:\/\/www.europesays.com\/fr\/wp-json\/wp\/v2\/types\/post"}],"author":[{"embeddable":true,"href":"https:\/\/www.europesays.com\/fr\/wp-json\/wp\/v2\/users\/2"}],"replies":[{"embeddable":true,"href":"https:\/\/www.europesays.com\/fr\/wp-json\/wp\/v2\/comments?post=349929"}],"version-history":[{"count":0,"href":"https:\/\/www.europesays.com\/fr\/wp-json\/wp\/v2\/posts\/349929\/revisions"}],"wp:featuredmedia":[{"embeddable":true,"href":"https:\/\/www.europesays.com\/fr\/wp-json\/wp\/v2\/media\/349930"}],"wp:attachment":[{"href":"https:\/\/www.europesays.com\/fr\/wp-json\/wp\/v2\/media?parent=349929"}],"wp:term":[{"taxonomy":"category","embeddable":true,"href":"https:\/\/www.europesays.com\/fr\/wp-json\/wp\/v2\/categories?post=349929"},{"taxonomy":"post_tag","embeddable":true,"href":"https:\/\/www.europesays.com\/fr\/wp-json\/wp\/v2\/tags?post=349929"}],"curies":[{"name":"wp","href":"https:\/\/api.w.org\/{rel}","templated":true}]}}