{"id":349931,"date":"2025-08-28T11:36:17","date_gmt":"2025-08-28T11:36:17","guid":{"rendered":"https:\/\/www.europesays.com\/fr\/349931\/"},"modified":"2025-08-28T11:36:17","modified_gmt":"2025-08-28T11:36:17","slug":"chikungunya-deja-228-cas-autochtones-confirmes-en-france","status":"publish","type":"post","link":"https:\/\/www.europesays.com\/fr\/349931\/","title":{"rendered":"Chikungunya : d\u00e9j\u00e0 228 cas autochtones confirm\u00e9s en France"},"content":{"rendered":"<p>             <a href=\"https:\/\/ma-sante.news\/wp-content\/uploads\/2025\/08\/moustique-tigre-cas-autochtones-chikungunya-zika-dengue-virus-tropicaux-Ma-Sante.jpeg\" data-caption=\"L\u2019\u00e9pid\u00e9mie survient en parall\u00e8le de foyers de dengue autochtone (15 cas confirm\u00e9s) et de West Nile virus (15 cas, dont des formes neuro-invasives) selon Sant\u00e9 Publique France. \u00a9 Adobe Stock \" rel=\"nofollow noopener\" target=\"_blank\"><img loading=\"lazy\" decoding=\"async\" width=\"696\" height=\"464\" class=\"entry-thumb td-modal-image\" src=\"data:image\/svg+xml,%3Csvg%20xmlns=\" http:=\"\" data-lazy- data-lazy- alt=\"Un moustique qui ne peut pas piquer l'humain \u00e0 cause de pi\u00e8ge anti-moustique.\" title=\"moustique tigre cas autochtones chikungunya zika dengue virus tropicaux Ma Sante\u0301\" data-lazy-src=\"https:\/\/www.europesays.com\/fr\/wp-content\/uploads\/2025\/08\/moustique-tigre-cas-autochtones-chikungunya-zika-dengue-virus-tropicaux-Ma-Sante-696x464.jpeg\"\/><\/a>L\u2019\u00e9pid\u00e9mie survient en parall\u00e8le de foyers de dengue autochtone (15 cas confirm\u00e9s) et de West Nile virus (15 cas, dont des formes neuro-invasives) selon Sant\u00e9 Publique France. \u00a9 Adobe Stock                                     \t\t\t             <a class=\"gofollow\" data-track=\"MjgsMCw2MA==\" href=\"https:\/\/ma-sante.news\/inscrivez-vous-a-notre-newsletter\/\" rel=\"nofollow noopener\" target=\"_blank\"><img loading=\"lazy\" decoding=\"async\" width=\"1068\" height=\"131\" src=\"data:image\/svg+xml,%3Csvg%20xmlns=\" http:=\"\" data-lazy-src=\"https:\/\/www.europesays.com\/fr\/wp-content\/uploads\/2025\/03\/banniere-newsletter.png\"\/><\/a> <\/p>\n<p>L\u2019\u00e9pid\u00e9mie survient en parall\u00e8le de foyers de dengue autochtone (15 cas confirm\u00e9s) et de West Nile virus (15 cas, dont des formes neuro-invasives) selon Sant\u00e9 Publique France.<\/p>\n<p>Il y a encore dix ans,<a href=\"https:\/\/ma-sante.news\/le-moustique-tigre-sous-surveillance-une-hausse-des-cas-importes-de-dengue-et-chikungunya\/\" rel=\"nofollow noopener\" target=\"_blank\"> le chikungunya paraissait bien lointain<\/a>. Une maladie exotique, associ\u00e9e \u00e0 La R\u00e9union ou aux Cara\u00efbes, que l\u2019on croyait r\u00e9serv\u00e9e aux voyageurs. Mais cet \u00e9t\u00e9 2025, le virus n\u2019a plus rien de \u201ctropical\u201d. Il circule d\u00e9sormais dans nos villes et nos villages, transmis par un moustique que nous connaissons tous trop bien, le moustique tigre. <\/p>\n<p>Jamais la France n\u2019avait enregistr\u00e9 autant de cas autochtones, c\u2019est-\u00e0-dire contract\u00e9s sur le sol national. Une \u00e9volution qui change la donne, bouscule nos repr\u00e9sentations et nous oblige \u00e0 poser la question : que se passe-t-il r\u00e9ellement, et que risquons-nous pour notre sant\u00e9 ?<\/p>\n<p>        Un chiffre qui marque un tournant : 228 cas autochtones    <\/p>\n<p>Au 27 ao\u00fbt 2025, 228 cas autochtones de chikungunya ont \u00e9t\u00e9 confirm\u00e9s en France m\u00e9tropolitaine, regroup\u00e9s dans 30 foyers distincts.   <\/p>\n<ul class=\"wp-block-list\">\n<li>En 2010, le premier foyer autochtone avait \u00e9t\u00e9 observ\u00e9 dans le Var (2 cas seulement).<\/li>\n<li>Entre 2010 et 2022, la France a connu au total 32 \u00e9pisodes autochtones de dengue, chikungunya et Zika confondus (Sant\u00e9 publique France).<\/li>\n<li>L\u2019\u00e9t\u00e9 2025 concentre presque autant d\u2019\u00e9pisodes en quelques semaines que sur 12 ans.<\/li>\n<\/ul>\n<p>Autrement dit, la France vient de franchir un seuil symbolique. Nous ne sommes plus face \u00e0 des \u201caccidents\u201d \u00e9pid\u00e9miques isol\u00e9s, mais bien \u00e0 une circulation virale r\u00e9p\u00e9t\u00e9e et install\u00e9e.<\/p>\n<p>        O\u00f9 la transmission se fait-elle ?    <\/p>\n<p>Les foyers les plus importants sont situ\u00e9s dans le Sud-Est, o\u00f9 le moustique tigre est implant\u00e9 depuis longtemps :<\/p>\n<ul class=\"wp-block-list\">\n<li>Vitrolles (Bouches-du-Rh\u00f4ne) : 36 cas confirm\u00e9s.<\/li>\n<li>Fr\u00e9jus (Var) : 31 cas.<\/li>\n<li>Antibes (Alpes-Maritimes) : 20 cas.<\/li>\n<li>Bergerac (Dordogne, Nouvelle-Aquitaine) : 22 cas. Un foyer marquant, car c\u2019est la premi\u00e8re fois qu\u2019un tel \u00e9pisode est observ\u00e9 dans cette r\u00e9gion.<\/li>\n<li>Castries (H\u00e9rault, Occitanie) : 14 cas.<\/li>\n<li>Grosseto-Prugna (Corse-du-Sud) : 14 cas.<\/li>\n<li>Salon-de-Provence (Bouches-du-Rh\u00f4ne) : 13 cas.<\/li>\n<\/ul>\n<p>Et fait in\u00e9dit, des cas ont \u00e9t\u00e9 confirm\u00e9s dans des territoires jusque-l\u00e0 \u00e9pargn\u00e9s par<a href=\"https:\/\/ma-sante.news\/moustique-tigre-les-cas-autochtones-de-chikungunya-et-de-dengue-se-multiplient-en-france\/\" rel=\"nofollow noopener\" target=\"_blank\"> la transmission autochtone<\/a>, comme le Grand Est ou la Bourgogne-Franche-Comt\u00e9.<\/p>\n<p>Concr\u00e8tement, cela signifie que<a href=\"https:\/\/ma-sante.news\/chikungunya-virus-du-nil-occidental-les-moustiques-changent-la-donne-sanitaire-en-france\/\" rel=\"nofollow noopener\" target=\"_blank\"> le moustique tigre est d\u00e9sormais capable de transmettre le virus bien au-del\u00e0 du pourtour m\u00e9diterran\u00e9en<\/a>, ce qui \u00e9largit consid\u00e9rablement la zone \u00e0 risque.<\/p>\n<p>        D\u2019o\u00f9 vient cette flamb\u00e9e ?    <strong>Un moustique implant\u00e9 partout ou presque<\/strong>    <\/p>\n<p>Selon l\u2019ANSES, en 2025, le moustique tigre (Aedes albopictus) est <a href=\"https:\/\/www.anses.fr\/en\/content\/tiger-mosquito\" rel=\"nofollow noopener\" target=\"_blank\">implant\u00e9 dans 81 d\u00e9partements fran\u00e7ais<\/a>, sur les 96 que compte la m\u00e9tropole.<\/p>\n<p>Ce vecteur invasif, originaire d\u2019Asie du Sud-Est, pr\u00e9sente une capacit\u00e9 d\u2019adaptation \u00e9tonnante\u202f: ses \u0153ufs sont r\u00e9sistants aux variations extr\u00eames de temp\u00e9rature et peuvent entrer en diapause, favorisant sa diss\u00e9mination m\u00eame en zones temp\u00e9r\u00e9es.<\/p>\n<p><a href=\"https:\/\/www.ecdc.europa.eu\/en\/news-events\/world-mosquito-day-2025-europe-sets-new-records-mosquito-borne-diseases-ecdc-supporting\" rel=\"nofollow noopener\" target=\"_blank\">En Europe, cette expansion est spectaculaire<\/a> : 369 r\u00e9gions \u00e9tablies dans 16 pays europ\u00e9ens, contre seulement 114 il y a dix ans.<\/p>\n<p>        <strong>Des cas import\u00e9s massifs qui enflamment la chaine de transmission<\/strong>    <\/p>\n<p>Depuis le d\u00e9but de l\u2019ann\u00e9e 2025, la France fait face \u00e0 une vague sans pr\u00e9c\u00e9dent de cas import\u00e9s de chikungunya\u202f:<\/p>\n<ul class=\"wp-block-list\">\n<li><a href=\"https:\/\/www.santepubliquefrance.fr\/maladies-et-traumatismes\/maladies-a-transmission-vectorielle\/chikungunya\/documents\/bulletin-national\/chikungunya-dengue-et-zika-en-france-hexagonale.-bulletin-de-la-surveillance-renforcee-du-9-juillet-2025\" rel=\"nofollow noopener\" target=\"_blank\">Entre le 1er mai et le 8 juillet<\/a>, 761 cas import\u00e9s ont \u00e9t\u00e9 recens\u00e9s selon Sant\u00e9 publique France.<\/li>\n<li>Plus globalement, plus de 900 cas import\u00e9s ont d\u00e9j\u00e0 \u00e9t\u00e9 notifi\u00e9s depuis le d\u00e9but de l\u2019ann\u00e9e, principalement en provenance de La R\u00e9union, ce qui repr\u00e9sente une hausse drastique par rapport \u00e0 2024 (34 cas).<\/li>\n<li>Ce flux constitue une source permanente de danger\u202f: ce sont ces cas infect\u00e9s (les fameux \u201ccas index\u201d) qui, piqu\u00e9s \u00e0 leur retour par Aedes albopictus, peuvent enclencher une cha\u00eene de transmission locale.<\/li>\n<\/ul>\n<p>        <strong>Des conditions climatiques id\u00e9ales pour le moustique<\/strong>    <\/p>\n<p>Le climat fran\u00e7ais cet \u00e9t\u00e9 a \u00e9t\u00e9 particuli\u00e8rement propice \u00e0 l\u2019extension du moustique tigre : chaleur, humidit\u00e9, orages\u2026 autant de conditions qui acc\u00e9l\u00e8rent son cycle de d\u00e9veloppement.<\/p>\n<p>Le r\u00e9chauffement climatique joue un r\u00f4le cl\u00e9\u202f: il prolonge la saison d\u2019activit\u00e9 du moustique (de mai jusqu\u2019en novembre), acc\u00e9l\u00e8re la maturation des larves, et r\u00e9duit la dur\u00e9e d\u2019incubation du virus dans l\u2019insecte, ce qui le rend infectueux plus rapidement.<\/p>\n<p><a href=\"https:\/\/reseauactionclimat.org\/rechauffement-moustique-tigre\/\" target=\"_blank\" rel=\"noreferrer noopener nofollow\">Des \u00e9tudes montrent <\/a>que chaque degr\u00e9 suppl\u00e9mentaire raccourcit de mani\u00e8re significative le cycle viral \u00e0 l\u2019int\u00e9rieur du moustique, intensifiant ainsi le risque d\u2019obtention d\u2019un vecteur infectieux. Cet \u00e9t\u00e9, la France a connu un \u00e9t\u00e9 chaud et parfois orageux, conditions id\u00e9ales pour booster les populations de Aedes et accro\u00eetre les interactions homme-vector.<\/p>\n<p>        <strong>Une souche virale particuli\u00e8rement adapt\u00e9e au moustique tigre europ\u00e9en<\/strong>    <\/p>\n<p>Les analyses du Centre europ\u00e9en de pr\u00e9vention et de contr\u00f4le des maladies (ECDC) confirment que certaines souches de chikungunya sont particuli\u00e8rement bien adapt\u00e9es \u00e0 Aedes albopictus, m\u00eame en climat temp\u00e9r\u00e9. Cette adaptation am\u00e9liore la transmissibilit\u00e9 du virus dans des r\u00e9gions comme l\u2019Europe.<\/p>\n<p>L\u2019ECDC signale d\u2019ailleurs en 2025 un record de 27 foyers de chikungunya autochtone en Europe, y compris un cas en Alsace, r\u00e9gion encore consid\u00e9r\u00e9e comme peu \u00e0 risque, ce qui t\u00e9moigne de la mont\u00e9e de la menace du nord au sud.<\/p>\n<p>        Chikungunya : de quoi parle-t-on exactement ?\u00a0    <strong>Qu\u2019est-ce que le chikungunya ?<\/strong>    <\/p>\n<p>Le chikungunya est une infection virale transmise par les moustiques Aedes. Son nom signifie \u201ccelui qui se recroqueville\u201d en swahili, en r\u00e9f\u00e9rence aux douleurs articulaires violentes qu\u2019il provoque.<\/p>\n<p>Les sympt\u00f4mes apparaissent g\u00e9n\u00e9ralement entre 2 et 10 jours apr\u00e8s la piq\u00fbre :<\/p>\n<ul class=\"wp-block-list\">\n<li>fi\u00e8vre brutale,<\/li>\n<li>douleurs articulaires et musculaires intenses,<\/li>\n<li>maux de t\u00eate,<\/li>\n<li>\u00e9ruptions cutan\u00e9es.<\/li>\n<\/ul>\n<p>La maladie gu\u00e9rit dans la majorit\u00e9 des cas en 1 \u00e0 2 semaines, mais les douleurs articulaires peuvent persister plusieurs mois, voire plusieurs ann\u00e9es chez certains patients. <a href=\"https:\/\/ma-sante.news\/chikungunya-les-etats-unis-suspendent-le-premier-vaccin-contre-le-virus\/\" rel=\"nofollow noopener\" target=\"_blank\">Il n\u2019existe ni vaccin homologu\u00e9, ni traitement antiviral sp\u00e9cifique. <\/a>La prise en charge est uniquement symptomatique (antalgiques, repos, hydratation).<\/p>\n<p>        <strong>Quelles mesures sanitaires sont prises ?<\/strong>    <\/p>\n<p>\u00c0 chaque foyer d\u00e9tect\u00e9, les Agences r\u00e9gionales de sant\u00e9 (ARS) d\u00e9clenchent un protocole strict :<\/p>\n<ul class=\"wp-block-list\">\n<li>enqu\u00eate \u00e9pid\u00e9miologique pour retrouver tous les cas,<\/li>\n<li>d\u00e9sinsectisation dans un rayon de 150 \u00e0 300 m\u00e8tres (produits adulticides), r\u00e9p\u00e9t\u00e9e \u00e0 48 heures d\u2019intervalle,<\/li>\n<li>alerte des professionnels de sant\u00e9 pour d\u00e9tecter rapidement de nouveaux cas,<\/li>\n<li>s\u00e9curisation des dons de sang, d\u2019organes et de tissus dans la zone concern\u00e9e (mesure pr\u00e9ventive pour \u00e9viter une transmission transfusionnelle).<\/li>\n<\/ul>\n<p>Cette strat\u00e9gie fonctionne si la d\u00e9tection est rapide. Mais plus la circulation s\u2019\u00e9tend, plus le contr\u00f4le devient difficile.<\/p>\n<blockquote class=\"wp-block-quote is-layout-flow wp-block-quote-is-layout-flow\">\n<p><strong>\u00c0 SAVOIR<\/strong><\/p>\n<p>Au-del\u00e0 des 228 cas, c\u2019est le signal sanitaire qui alerte les autorit\u00e9s. Le chikungunya est d\u00e9sormais capable de s\u2019installer durablement en France m\u00e9tropolitaine. Cette convergence d\u2019arboviroses (chikungunya, dengue, zika) montre que la France entre dans une nouvelle \u00e8re sanitaire : celle o\u00f9 les maladies tropicales deviennent des r\u00e9alit\u00e9s hexagonales.<\/p>\n<\/blockquote>\n<p>  <a class=\"gofollow\" data-track=\"MTIsMCw2MA==\" href=\"https:\/\/ma-sante.news\/annonceurs\/\" rel=\"nofollow noopener\" target=\"_blank\"><img loading=\"lazy\" decoding=\"async\" width=\"2560\" height=\"2133\" src=\"data:image\/svg+xml,%3Csvg%20xmlns=\" http:=\"\" data-lazy-src=\"https:\/\/www.europesays.com\/fr\/wp-content\/uploads\/2025\/03\/pub-annonceurs-4-scaled.jpg\"\/><\/a>    <img loading=\"lazy\" decoding=\"async\" width=\"755\" height=\"495\" src=\"data:image\/svg+xml,%3Csvg%20xmlns=\" http:=\"\" data-lazy-src=\"https:\/\/www.europesays.com\/fr\/wp-content\/uploads\/2025\/03\/Image1.jpg\"\/>Inscrivez-vous \u00e0 notre newsletter <br \/>Ma Sant\u00e9                      <\/p>\n","protected":false},"excerpt":{"rendered":"L\u2019\u00e9pid\u00e9mie survient en parall\u00e8le de foyers de dengue autochtone (15 cas confirm\u00e9s) et de West Nile virus (15&hellip;\n","protected":false},"author":2,"featured_media":349932,"comment_status":"","ping_status":"","sticky":false,"template":"","format":"standard","meta":{"footnotes":""},"categories":[10],"tags":[6443,1011,27,72,511,71,21765,20966],"class_list":{"0":"post-349931","1":"post","2":"type-post","3":"status-publish","4":"format-standard","5":"has-post-thumbnail","7":"category-sante","8":"tag-chikungunya","9":"tag-fr","10":"tag-france","11":"tag-health","12":"tag-moustique","13":"tag-sante","14":"tag-virus-dengue","15":"tag-zika"},"share_on_mastodon":{"url":"https:\/\/pubeurope.com\/@fr\/115106190700063021","error":""},"_links":{"self":[{"href":"https:\/\/www.europesays.com\/fr\/wp-json\/wp\/v2\/posts\/349931","targetHints":{"allow":["GET"]}}],"collection":[{"href":"https:\/\/www.europesays.com\/fr\/wp-json\/wp\/v2\/posts"}],"about":[{"href":"https:\/\/www.europesays.com\/fr\/wp-json\/wp\/v2\/types\/post"}],"author":[{"embeddable":true,"href":"https:\/\/www.europesays.com\/fr\/wp-json\/wp\/v2\/users\/2"}],"replies":[{"embeddable":true,"href":"https:\/\/www.europesays.com\/fr\/wp-json\/wp\/v2\/comments?post=349931"}],"version-history":[{"count":0,"href":"https:\/\/www.europesays.com\/fr\/wp-json\/wp\/v2\/posts\/349931\/revisions"}],"wp:featuredmedia":[{"embeddable":true,"href":"https:\/\/www.europesays.com\/fr\/wp-json\/wp\/v2\/media\/349932"}],"wp:attachment":[{"href":"https:\/\/www.europesays.com\/fr\/wp-json\/wp\/v2\/media?parent=349931"}],"wp:term":[{"taxonomy":"category","embeddable":true,"href":"https:\/\/www.europesays.com\/fr\/wp-json\/wp\/v2\/categories?post=349931"},{"taxonomy":"post_tag","embeddable":true,"href":"https:\/\/www.europesays.com\/fr\/wp-json\/wp\/v2\/tags?post=349931"}],"curies":[{"name":"wp","href":"https:\/\/api.w.org\/{rel}","templated":true}]}}