{"id":349939,"date":"2025-08-28T11:41:12","date_gmt":"2025-08-28T11:41:12","guid":{"rendered":"https:\/\/www.europesays.com\/fr\/349939\/"},"modified":"2025-08-28T11:41:12","modified_gmt":"2025-08-28T11:41:12","slug":"argentine-le-president-javier-milei-caillasse-pendant-un-deplacement-de-campagne-liberation","status":"publish","type":"post","link":"https:\/\/www.europesays.com\/fr\/349939\/","title":{"rendered":"Argentine : le pr\u00e9sident Javier Milei caillass\u00e9 pendant un d\u00e9placement de campagne &#8211; Lib\u00e9ration"},"content":{"rendered":"<ol>\n<li><a href=\"https:\/\/news.google.com\/rss\/articles\/CBMi-gFBVV95cUxOVFlOQzAwVm1KekNiVXRjTU5nQVhXSWFnZEZrZDllY2xtWkU3OXBTRzY0aXNVVUh5YkEwY3JnRTN0VHd3MzR4V1N6UkpOSXBVQ2loTkp3WG9jbnZPc29MT0FPUldBSm0yd2wzN0l4U0lhWU5BYlNtLUhOZEpJZVZ5dWJrSS1NN0FaeUFheFF3T1M1S2JYUExIck1Fa2hoU3hVZi1odGFHVGtMcnJxa25fU2xnUjZCZkRBeUowQy0zVDBuR3ZEcXI4UWRpeU5yeEJFNzYtekk4azJhUjltVTA2eFFyQTUtaTBsUjlhT3RQMGN4TjByOFRfNW1R?oc=5\" target=\"_blank\" rel=\"nofollow noopener\">Argentine : le pr\u00e9sident Javier Milei caillass\u00e9 pendant un d\u00e9placement de campagne<\/a>&nbsp;&nbsp;Lib\u00e9ration<\/li>\n<li><a href=\"https:\/\/news.google.com\/rss\/articles\/CBMihAJBVV95cUxNQlc2M1U1bnliWWtWdW82XzN2TDZuNmpfam5ZYWt1bUljamw5RndERG9abHZINmY4RWF1X2ZqU1JjYjRib080OXV2V0otSUkzY045azljc2tJR0praVZ1ZjFlalpFbHFGNlRidW9qMmc2TzBTZjlGNHk2U1ZCRkt5V3dqUXZmeVVQV3R5TVAxdjZZWEx5dG4xcUVLcm9ySGJJa1BnMGtGN29DTEdEbFV6S2MtQURhVjRUUm53TjVwMHNLRHUxeUliYUp6X3Nkc3liUXppUWdRWUx2SW5STlR2X2UtdF9LeXRXY2JmaHVianBOV0hqWlFGaTBzVlRTOWdFOTNKdQ?oc=5\" target=\"_blank\" rel=\"nofollow noopener\">Argentine : le pr\u00e9sident, Javier Milei, vis\u00e9 par des projectiles lors d\u2019une manifestation \u00e0 Buenos Aires<\/a>&nbsp;&nbsp;Le Monde.fr<\/li>\n<li><a href=\"https:\/\/news.google.com\/rss\/articles\/CBMixwFBVV95cUxOUHRhcGxCTERnMkhKVGtQbjVvSGhNTFhnUEphLWVhXzZ3TDZjemtPNUUtbU9vS0xtd1kyMWFuYWVyNllwTW83cE9EMlJ2Tnd1ZjNneHVtanFXTGpfanZtQWpwRVhGY09DNzQ4cXhDeG02Q1Q4UnNTSHc0YWtkNTQ2MTBLWG9uajJyei0zOVFJbTMtQTB5QUlaSFgxczFsdm9LMURISEtLVl9qMjRIT0VDclNSUUFTZ1dEUVpPNTNvSVV5eGxtQllF?oc=5\" target=\"_blank\" rel=\"nofollow noopener\">Argentine : cette affaire de corruption qui secoue Javier Milei<\/a>&nbsp;&nbsp;L&rsquo;Express<\/li>\n<li><a href=\"https:\/\/news.google.com\/rss\/articles\/CBMi8wFBVV95cUxNNzZ0SkRrU004d1RnMzJ0dFVUWXpPZDFSdlRHVkFZejNxaUJDN0d3Q3BOS3dmYlFMY3lmMnplS2E1VU1CbElzOEVjNVRDUGhQTU5hbURnSm5ZVXpYLTlNaHdLVWhBWGFKT2h6SUhqbVNmSWVRc3dpZENMb1JQTHpvRU9kS2hsNEREYmhnQmNSQ293V094VVY0S1lfZGJ2ZHM2S1J5elMwaDZURE1SVkdzVzR2RXR6SS15cm5VLUg5ZXpHdngzYVMtMzFrRG1oV2N5MkFxR21jcWJWSWEyNEZaeVg3VHB3NWF6MXQ0TmJ6Z1V3T0k?oc=5\" target=\"_blank\" rel=\"nofollow noopener\">Le pr\u00e9sident argentin Javier Milei, vis\u00e9 par des projectiles lors d&rsquo;un rassemblement, s&rsquo;en est sorti indemne<\/a>&nbsp;&nbsp;France Info<\/li>\n<li><a href=\"https:\/\/news.google.com\/rss\/articles\/CBMiygFBVV95cUxPMkRlbThBLUdHVWdEd2wtaHNnQ3I4cE9ZX2dIRDZ0MDRyd0ZHQjBjZVdwUUoxVFhudzhSMXUwbG9wcVVyUVlDT3NVWmRacGxaMi13ZUhGODVIbUQwSjVzcEpuYzZlMDRobzJxdXc4d3VNNzJDZ0ZrV1Z4ZklKLVBYWC14YlFkOGswS0RTX1k0M3FlTWZKTDZpM0xYbVIwNU1ueDZyZlJPaXFmUE9uVUJUSTZrUy0xTHcyTlYxR09tYXp0VkN6c3dpeS1R?oc=5\" target=\"_blank\" rel=\"nofollow noopener\">Argentine : vis\u00e9 par des tirs de projectiles, Javier Milei exfiltr\u00e9 d\u2019un rassemblement<\/a>&nbsp;&nbsp;Le Figaro<\/li>\n<\/ol>\n","protected":false},"excerpt":{"rendered":"Argentine : le pr\u00e9sident Javier Milei caillass\u00e9 pendant un d\u00e9placement de campagne&nbsp;&nbsp;Lib\u00e9ration Argentine : le pr\u00e9sident, Javier Milei,&hellip;\n","protected":false},"author":2,"featured_media":1445,"comment_status":"","ping_status":"","sticky":false,"template":"","format":"standard","meta":{"footnotes":""},"categories":[5],"tags":[11,1011,27,14,12,28],"class_list":{"0":"post-349939","1":"post","2":"type-post","3":"status-publish","4":"format-standard","5":"has-post-thumbnail","7":"category-international","8":"tag-actualites","9":"tag-fr","10":"tag-france","11":"tag-international","12":"tag-news","13":"tag-world"},"share_on_mastodon":{"url":"https:\/\/pubeurope.com\/@fr\/115106210382992412","error":""},"_links":{"self":[{"href":"https:\/\/www.europesays.com\/fr\/wp-json\/wp\/v2\/posts\/349939","targetHints":{"allow":["GET"]}}],"collection":[{"href":"https:\/\/www.europesays.com\/fr\/wp-json\/wp\/v2\/posts"}],"about":[{"href":"https:\/\/www.europesays.com\/fr\/wp-json\/wp\/v2\/types\/post"}],"author":[{"embeddable":true,"href":"https:\/\/www.europesays.com\/fr\/wp-json\/wp\/v2\/users\/2"}],"replies":[{"embeddable":true,"href":"https:\/\/www.europesays.com\/fr\/wp-json\/wp\/v2\/comments?post=349939"}],"version-history":[{"count":0,"href":"https:\/\/www.europesays.com\/fr\/wp-json\/wp\/v2\/posts\/349939\/revisions"}],"wp:featuredmedia":[{"embeddable":true,"href":"https:\/\/www.europesays.com\/fr\/wp-json\/wp\/v2\/media\/1445"}],"wp:attachment":[{"href":"https:\/\/www.europesays.com\/fr\/wp-json\/wp\/v2\/media?parent=349939"}],"wp:term":[{"taxonomy":"category","embeddable":true,"href":"https:\/\/www.europesays.com\/fr\/wp-json\/wp\/v2\/categories?post=349939"},{"taxonomy":"post_tag","embeddable":true,"href":"https:\/\/www.europesays.com\/fr\/wp-json\/wp\/v2\/tags?post=349939"}],"curies":[{"name":"wp","href":"https:\/\/api.w.org\/{rel}","templated":true}]}}