{"id":349941,"date":"2025-08-28T11:43:10","date_gmt":"2025-08-28T11:43:10","guid":{"rendered":"https:\/\/www.europesays.com\/fr\/349941\/"},"modified":"2025-08-28T11:43:10","modified_gmt":"2025-08-28T11:43:10","slug":"en-direct-vote-de-confiance-lfi-nira-pas-a-matignon-discuter-avec-bayrou-la-semaine-prochaine-liberation","status":"publish","type":"post","link":"https:\/\/www.europesays.com\/fr\/349941\/","title":{"rendered":"EN DIRECT &#8211; Vote de confiance\u00a0: LFI \u00abn\u2019ira pas \u00e0 Matignon\u00bb discuter avec Bayrou la semaine prochaine \u2013 Lib\u00e9ration"},"content":{"rendered":"<p class=\"sc-ksZaOG ehjQrN text-element\">Assurant partager la gravit\u00e9 de la situation sur le niveau de la dette, mis en avant par Fran\u00e7ois Bayrou pour justifier le vote de confiance, le Parti socialiste &#8211; <a href=\"https:\/\/www.liberation.fr\/politique\/les-deputes-ps-jurent-quils-ne-changeront-pas-davis-sur-la-confiance-20250827_RHWN6HVMUZELTFUJHZCDOXYHT4\/\" target=\"_blank\" rel=\"noreferrer noopener\" title=\"https:\/\/www.liberation.fr\/politique\/les-deputes-ps-jurent-quils-ne-changeront-pas-davis-sur-la-confiance-20250827_RHWN6HVMUZELTFUJHZCDOXYHT4\/\">qui entend faire chuter le gouvernement<\/a> &#8211; doit pr\u00e9senter son contre-budget samedi, bas\u00e9 sur la recherche de recettes suppl\u00e9mentaires, avec un effort demand\u00e9 aux plus ais\u00e9s. Le PS, hostile \u00e0 de nouvelles \u00e9lections, va ouvrir son universit\u00e9 d\u2019\u00e9t\u00e9 ce jeudi apr\u00e8s-midi \u00e0 Blois et entend d\u00e9montrer qu\u2019il peut incarner une \u00abalternative\u00bb. \u00abNous sommes la solution\u00bb, assure jeudi sur X le premier secr\u00e9taire Olivier Faure, qui s\u2019exprimera vendredi devant ses troupes.<\/p>\n","protected":false},"excerpt":{"rendered":"Assurant partager la gravit\u00e9 de la situation sur le niveau de la dette, mis en avant par Fran\u00e7ois&hellip;\n","protected":false},"author":2,"featured_media":349942,"comment_status":"","ping_status":"","sticky":false,"template":"","format":"standard","meta":{"footnotes":""},"categories":[2],"tags":[11,25548,1011,27,431,418,12],"class_list":{"0":"post-349941","1":"post","2":"type-post","3":"status-publish","4":"format-standard","5":"has-post-thumbnail","7":"category-actualites","8":"tag-actualites","9":"tag-budget-public","10":"tag-fr","11":"tag-france","12":"tag-francois-bayrou","13":"tag-gouvernement","14":"tag-news"},"share_on_mastodon":{"url":"https:\/\/pubeurope.com\/@fr\/115106218240947300","error":""},"_links":{"self":[{"href":"https:\/\/www.europesays.com\/fr\/wp-json\/wp\/v2\/posts\/349941","targetHints":{"allow":["GET"]}}],"collection":[{"href":"https:\/\/www.europesays.com\/fr\/wp-json\/wp\/v2\/posts"}],"about":[{"href":"https:\/\/www.europesays.com\/fr\/wp-json\/wp\/v2\/types\/post"}],"author":[{"embeddable":true,"href":"https:\/\/www.europesays.com\/fr\/wp-json\/wp\/v2\/users\/2"}],"replies":[{"embeddable":true,"href":"https:\/\/www.europesays.com\/fr\/wp-json\/wp\/v2\/comments?post=349941"}],"version-history":[{"count":0,"href":"https:\/\/www.europesays.com\/fr\/wp-json\/wp\/v2\/posts\/349941\/revisions"}],"wp:featuredmedia":[{"embeddable":true,"href":"https:\/\/www.europesays.com\/fr\/wp-json\/wp\/v2\/media\/349942"}],"wp:attachment":[{"href":"https:\/\/www.europesays.com\/fr\/wp-json\/wp\/v2\/media?parent=349941"}],"wp:term":[{"taxonomy":"category","embeddable":true,"href":"https:\/\/www.europesays.com\/fr\/wp-json\/wp\/v2\/categories?post=349941"},{"taxonomy":"post_tag","embeddable":true,"href":"https:\/\/www.europesays.com\/fr\/wp-json\/wp\/v2\/tags?post=349941"}],"curies":[{"name":"wp","href":"https:\/\/api.w.org\/{rel}","templated":true}]}}