{"id":349943,"date":"2025-08-28T11:44:10","date_gmt":"2025-08-28T11:44:10","guid":{"rendered":"https:\/\/www.europesays.com\/fr\/349943\/"},"modified":"2025-08-28T11:44:10","modified_gmt":"2025-08-28T11:44:10","slug":"les-benevoles-dhabitat-et-humanisme-ne-sont-pas-assez-nombreux","status":"publish","type":"post","link":"https:\/\/www.europesays.com\/fr\/349943\/","title":{"rendered":"les b\u00e9n\u00e9voles d&rsquo;Habitat et Humanisme ne sont pas assez nombreux"},"content":{"rendered":"<blockquote class=\"question\"><p>Pourquoi ce besoin de b\u00e9n\u00e9voles\u00a0?<\/p><\/blockquote>\n<p>\u00ab\u00a0Pr\u00e9sente \u00e0 Saint-\u00c9tienne depuis 1992, notre association reconnue d\u2019utilit\u00e9 publique agit en faveur du logement, de l\u2019insertion et de la recr\u00e9ation de liens sociaux pour des personnes d\u00e9favoris\u00e9es. Ces quatre derni\u00e8res ann\u00e9es, nous avons connu une importante expansion avec l\u2019ouverture d\u2019une maison interg\u00e9n\u00e9rationnelle \u00e0 Saint-\u00c9tienne (2021), puis une autre \u00e0 Montbrison (2023), ainsi qu\u2019un tiers-lieu solidaire \u00e0 Saint-Chamond. Enfin, en 2024, nous avons investi le nord du d\u00e9partement avec l\u2019ouverture d\u2019une pension de familles et de quatre logements \u00e0 Riorges. Nous avons donc besoin de 20 \u00e0 30 b\u00e9n\u00e9voles suppl\u00e9mentaires.\u00a0\u00bb<\/p>\n<blockquote class=\"question\"><p>Qu\u2019attendez-vous de ces derniers\u00a0?<\/p><\/blockquote>\n<p>\u00ab\u00a0La mission de notre mouvement est de loger et d\u2019accompagner des personnes d\u00e9favoris\u00e9es. Nous sommes structur\u00e9s en plusieurs p\u00f4les, avec l\u2019accueil et l\u2019accompagnement de nos locataires, la gestion des logements, o\u00f9 nous cherchons des b\u00e9n\u00e9voles pour le suivi de notre parc immobilier.<\/p>\n<p>\u00ab\u00a0La qualit\u00e9 commune\u00a0: la volont\u00e9 d\u2019\u00eatre utile pour aider \u00e0 l\u2019int\u00e9gration de personnes d\u00e9favoris\u00e9es\u00a0\u00bb<\/p>\n<p>Nous souhaitons aussi renforcer l\u2019\u00e9quipe de b\u00e9n\u00e9voles bricoleurs qui effectuent des petits travaux d\u2019entretien des logements ainsi qu\u2019une aide \u00e0 l\u2019emm\u00e9nagement. Enfin, nous cherchons des b\u00e9n\u00e9voles pour le p\u00f4le finance et le p\u00f4le communication, des fonctions comparables \u00e0 des entreprises classiques.\u00a0\u00bb<\/p>\n<blockquote class=\"question\"><p>Quelles sont les comp\u00e9tences requises pour devenir b\u00e9n\u00e9vole\u00a0?<\/p><\/blockquote>\n<p>\u00ab\u00a0La qualit\u00e9 commune\u00a0: la volont\u00e9 d\u2019\u00eatre utile pour aider \u00e0 l\u2019int\u00e9gration de personnes d\u00e9favoris\u00e9es. Selon les fonctions, des comp\u00e9tences sp\u00e9cifiques sont attendues\u00a0: \u00e9coute et empathie, comp\u00e9tences techniques pour le bricolage, la gestion locative, la finance ou la communication.\u00a0\u00bb<\/p>\n<p>\u00ab\u00a0La plupart de nos b\u00e9n\u00e9voles sont des jeunes retrait\u00e9s\u00a0\u00bb<\/p>\n<p>\u00ab\u00a0Tous nos b\u00e9n\u00e9voles b\u00e9n\u00e9ficient d\u2019une large offre de formation. Beaucoup de nos activit\u00e9s sont planifi\u00e9es et chacun s\u2019inscrit en fonction de ses contraintes. La plupart de nos b\u00e9n\u00e9voles sont des jeunes retrait\u00e9s, mais nous souhaitons recruter plus de personnes en activit\u00e9 professionnelle.\u00a0\u00bb<\/p>\n<blockquote class=\"question\"><p>Comment prendre contact avec vous\u00a0?<\/p><\/blockquote>\n<p>\u00ab\u00a0Nous serons pr\u00e9sents sur les forums des associations de Saint-\u00c9tienne (6 et 7\u00a0septembre), de Riorges (6\u00a0septembre) et de Saint-Chamond (30\u00a0ao\u00fbt). Nous sommes disponibles du lundi au samedi dans les bureaux de notre si\u00e8ge. Enfin, notre responsable des ressources humaines b\u00e9n\u00e9voles est disponible \u00e0 l\u2019adresse suivante\u00a0: g.berne@habitat-humanisme.org.\u00a0\u00bb<\/p>\n<p class=\"note\">Habitat et Humanisme Loire, 19 bis rue Edmond-Charpentier \u00e0 Saint-Etienne, 04.77.32.10.38, loire@habitat-humanisme.org, <a href=\"http:\/\/www.habitat-humanisme.org\" target=\"_blank\" rel=\"nofollow noopener\">www.habitat-humanisme.org<\/a><\/p>\n","protected":false},"excerpt":{"rendered":"Pourquoi ce besoin de b\u00e9n\u00e9voles\u00a0? \u00ab\u00a0Pr\u00e9sente \u00e0 Saint-\u00c9tienne depuis 1992, notre association reconnue d\u2019utilit\u00e9 publique agit en faveur&hellip;\n","protected":false},"author":2,"featured_media":349944,"comment_status":"","ping_status":"","sticky":false,"template":"","format":"standard","meta":{"footnotes":""},"categories":[9653],"tags":[1111,11,2430,7539,1777,674,107,1011,27,3367,12,25,4001,7538,104,1631],"class_list":{"0":"post-349943","1":"post","2":"type-post","3":"status-publish","4":"format-standard","5":"has-post-thumbnail","7":"category-saint-etienne","8":"tag-actu","9":"tag-actualites","10":"tag-auvergne-rhone-alpes","11":"tag-edition-loire-sud","12":"tag-eu","13":"tag-europe","14":"tag-fil-info","15":"tag-fr","16":"tag-france","17":"tag-loire","18":"tag-news","19":"tag-republique-francaise","20":"tag-saint-etienne","21":"tag-saint-etienne-ville","22":"tag-societe","23":"tag-vie-associative"},"share_on_mastodon":{"url":"https:\/\/pubeurope.com\/@fr\/115106222292340695","error":""},"_links":{"self":[{"href":"https:\/\/www.europesays.com\/fr\/wp-json\/wp\/v2\/posts\/349943","targetHints":{"allow":["GET"]}}],"collection":[{"href":"https:\/\/www.europesays.com\/fr\/wp-json\/wp\/v2\/posts"}],"about":[{"href":"https:\/\/www.europesays.com\/fr\/wp-json\/wp\/v2\/types\/post"}],"author":[{"embeddable":true,"href":"https:\/\/www.europesays.com\/fr\/wp-json\/wp\/v2\/users\/2"}],"replies":[{"embeddable":true,"href":"https:\/\/www.europesays.com\/fr\/wp-json\/wp\/v2\/comments?post=349943"}],"version-history":[{"count":0,"href":"https:\/\/www.europesays.com\/fr\/wp-json\/wp\/v2\/posts\/349943\/revisions"}],"wp:featuredmedia":[{"embeddable":true,"href":"https:\/\/www.europesays.com\/fr\/wp-json\/wp\/v2\/media\/349944"}],"wp:attachment":[{"href":"https:\/\/www.europesays.com\/fr\/wp-json\/wp\/v2\/media?parent=349943"}],"wp:term":[{"taxonomy":"category","embeddable":true,"href":"https:\/\/www.europesays.com\/fr\/wp-json\/wp\/v2\/categories?post=349943"},{"taxonomy":"post_tag","embeddable":true,"href":"https:\/\/www.europesays.com\/fr\/wp-json\/wp\/v2\/tags?post=349943"}],"curies":[{"name":"wp","href":"https:\/\/api.w.org\/{rel}","templated":true}]}}