{"id":349947,"date":"2025-08-28T11:46:14","date_gmt":"2025-08-28T11:46:14","guid":{"rendered":"https:\/\/www.europesays.com\/fr\/349947\/"},"modified":"2025-08-28T11:46:14","modified_gmt":"2025-08-28T11:46:14","slug":"chaligny-encore-des-vols-de-legumes-aux-paquis","status":"publish","type":"post","link":"https:\/\/www.europesays.com\/fr\/349947\/","title":{"rendered":"Chaligny. Encore des vols de l\u00e9gumes aux P\u00e2quis"},"content":{"rendered":"<p>Semer, cultiver et veiller sur ses plants\u00a0: c\u2019est le quotidien des locataires des jardins ouvriers &#8211; les P\u00e2quis &#8211; de Chaligny. Un travail de longue haleine, souvent fatigant. Mais en r\u00e9compense, des r\u00e9coltes de l\u00e9gumes go\u00fbteux, souvent partag\u00e9es entre voisins et amis.<\/p>\n<p>Malheureusement, cette passion est sabot\u00e9e par des vols qui se reproduisent d\u2019ann\u00e9e en ann\u00e9e. Samedi dernier, mauvaise surprise pour plusieurs jardiniers\u00a0: en arrivant sur leurs parcelles, ils ont d\u00e9couvert des plantations pi\u00e9tin\u00e9es. Potirons, tomates et autres courges avaient disparu, cueillis de nuit par des individus peu scrupuleux.<\/p>\n<p>\u00ab\u00a0C\u2019est tr\u00e8s d\u00e9cevant. On passe des heures \u00e0 entretenir nos parcelles, et on se fait voler. Juste avant la r\u00e9colte\u00a0!\u00a0\u00bb confie l\u2019une des victimes, qui a port\u00e9 plainte aupr\u00e8s de la gendarmerie.<\/p>\n<p>Ces agissements poussent les jardiniers \u00e0 transformer le paysage des P\u00e2quis. Jadis ouverts, ces espaces se retrouvent d\u00e9sormais entour\u00e9s de grillages. Une tentative de protection qui, comme le montre ce r\u00e9cent \u00e9pisode, n\u2019est pas toujours efficace.<\/p>\n<p>\u00ab\u00a0De tels actes m\u2019indignent\u00a0\u00bb, r\u00e9agit Andr\u00e9 Bagard, le maire de Chaligny. Il regrette que de tels actes nuisent au plaisir de cultiver et au sentiment de communaut\u00e9 qui r\u00e8gne dans ces jardins. Des incivilit\u00e9s qui laissent un go\u00fbt amer dans les potagers communaux.<\/p>\n","protected":false},"excerpt":{"rendered":"Semer, cultiver et veiller sur ses plants\u00a0: c\u2019est le quotidien des locataires des jardins ouvriers &#8211; les P\u00e2quis&hellip;\n","protected":false},"author":2,"featured_media":349948,"comment_status":"","ping_status":"","sticky":false,"template":"","format":"standard","meta":{"footnotes":""},"categories":[9635],"tags":[1111,11,9848,23797,1704,1777,674,1011,27,775,1702,12,25,104],"class_list":{"0":"post-349947","1":"post","2":"type-post","3":"status-publish","4":"format-standard","5":"has-post-thumbnail","7":"category-nancy","8":"tag-actu","9":"tag-actualites","10":"tag-cc-moselle-et-madon-54b","11":"tag-chaligny","12":"tag-edition-nancy-et-agglomeration","13":"tag-eu","14":"tag-europe","15":"tag-fr","16":"tag-france","17":"tag-grand-est","18":"tag-nancy","19":"tag-news","20":"tag-republique-francaise","21":"tag-societe"},"share_on_mastodon":{"url":"https:\/\/pubeurope.com\/@fr\/115106230110302951","error":""},"_links":{"self":[{"href":"https:\/\/www.europesays.com\/fr\/wp-json\/wp\/v2\/posts\/349947","targetHints":{"allow":["GET"]}}],"collection":[{"href":"https:\/\/www.europesays.com\/fr\/wp-json\/wp\/v2\/posts"}],"about":[{"href":"https:\/\/www.europesays.com\/fr\/wp-json\/wp\/v2\/types\/post"}],"author":[{"embeddable":true,"href":"https:\/\/www.europesays.com\/fr\/wp-json\/wp\/v2\/users\/2"}],"replies":[{"embeddable":true,"href":"https:\/\/www.europesays.com\/fr\/wp-json\/wp\/v2\/comments?post=349947"}],"version-history":[{"count":0,"href":"https:\/\/www.europesays.com\/fr\/wp-json\/wp\/v2\/posts\/349947\/revisions"}],"wp:featuredmedia":[{"embeddable":true,"href":"https:\/\/www.europesays.com\/fr\/wp-json\/wp\/v2\/media\/349948"}],"wp:attachment":[{"href":"https:\/\/www.europesays.com\/fr\/wp-json\/wp\/v2\/media?parent=349947"}],"wp:term":[{"taxonomy":"category","embeddable":true,"href":"https:\/\/www.europesays.com\/fr\/wp-json\/wp\/v2\/categories?post=349947"},{"taxonomy":"post_tag","embeddable":true,"href":"https:\/\/www.europesays.com\/fr\/wp-json\/wp\/v2\/tags?post=349947"}],"curies":[{"name":"wp","href":"https:\/\/api.w.org\/{rel}","templated":true}]}}