{"id":349949,"date":"2025-08-28T11:47:13","date_gmt":"2025-08-28T11:47:13","guid":{"rendered":"https:\/\/www.europesays.com\/fr\/349949\/"},"modified":"2025-08-28T11:47:13","modified_gmt":"2025-08-28T11:47:13","slug":"football-dfco-elydjah-mendy-sengage-avec-las-nancy-lorraine","status":"publish","type":"post","link":"https:\/\/www.europesays.com\/fr\/349949\/","title":{"rendered":"Football \u2013 DFCO : Elydjah Mendy s\u2019engage avec l\u2019AS Nancy-Lorraine"},"content":{"rendered":"<p style=\"text-align: justify;\" data-start=\"149\" data-end=\"282\">Le DFCO a officialis\u00e9 ce mercredi le transfert d\u2019Elydjah Mendy \u00e0 l\u2019AS Nancy-Lorraine, pensionnaire du championnat National.<\/p>\n<p style=\"text-align: justify;\" data-start=\"284\" data-end=\"669\">Arriv\u00e9 \u00e0 Dijon en juillet 2024 en provenance de Libourne (N2), le d\u00e9fenseur s\u2019\u00e9tait rapidement impos\u00e9 dans le groupe. Malgr\u00e9 une blessure qui l\u2019a tenu \u00e9loign\u00e9 des terrains plusieurs semaines, Mendy a disput\u00e9 18 rencontres sous le maillot rouge, inscrivant deux buts. Des prestations solides qui lui ont valu d\u2019\u00eatre consid\u00e9r\u00e9 comme l\u2019un des \u00e9l\u00e9ments fiables de l\u2019effectif.<\/p>\n<p style=\"text-align: justify;\" data-start=\"671\" data-end=\"884\">Dans un communiqu\u00e9, le club a salu\u00e9 \u00ab son investissement et son professionnalisme \u00bb durant ses treize mois pass\u00e9s au DFCO, avant de lui adresser ses v\u0153ux de r\u00e9ussite pour la suite de sa carri\u00e8re en Lorraine.<\/p>\n<p style=\"text-align: justify;\" data-start=\"886\" data-end=\"1036\">Avec ce d\u00e9part, Dijon perd une valeur s\u00fbre de son secteur d\u00e9fensif, tandis que Nancy mise sur un joueur prometteur pour renforcer son arri\u00e8re-garde.<\/p>\n<p><img loading=\"lazy\" decoding=\"async\" width=\"1024\" height=\"633\" src=\"https:\/\/www.europesays.com\/fr\/wp-content\/uploads\/2025\/08\/Elydjah_Mendy_1756318767441-1024x633.webp.webp\" alt=\"\" class=\"wp-image-35728\"  \/>Cr\u00e9dit photo : Vincent Poyer \/ DFCO<\/p>\n","protected":false},"excerpt":{"rendered":"Le DFCO a officialis\u00e9 ce mercredi le transfert d\u2019Elydjah Mendy \u00e0 l\u2019AS Nancy-Lorraine, pensionnaire du championnat National. Arriv\u00e9&hellip;\n","protected":false},"author":2,"featured_media":349950,"comment_status":"","ping_status":"","sticky":false,"template":"","format":"standard","meta":{"footnotes":""},"categories":[9635],"tags":[1111,11,1777,674,1011,27,775,1702,12,25],"class_list":{"0":"post-349949","1":"post","2":"type-post","3":"status-publish","4":"format-standard","5":"has-post-thumbnail","7":"category-nancy","8":"tag-actu","9":"tag-actualites","10":"tag-eu","11":"tag-europe","12":"tag-fr","13":"tag-france","14":"tag-grand-est","15":"tag-nancy","16":"tag-news","17":"tag-republique-francaise"},"share_on_mastodon":{"url":"https:\/\/pubeurope.com\/@fr\/115106234030600569","error":""},"_links":{"self":[{"href":"https:\/\/www.europesays.com\/fr\/wp-json\/wp\/v2\/posts\/349949","targetHints":{"allow":["GET"]}}],"collection":[{"href":"https:\/\/www.europesays.com\/fr\/wp-json\/wp\/v2\/posts"}],"about":[{"href":"https:\/\/www.europesays.com\/fr\/wp-json\/wp\/v2\/types\/post"}],"author":[{"embeddable":true,"href":"https:\/\/www.europesays.com\/fr\/wp-json\/wp\/v2\/users\/2"}],"replies":[{"embeddable":true,"href":"https:\/\/www.europesays.com\/fr\/wp-json\/wp\/v2\/comments?post=349949"}],"version-history":[{"count":0,"href":"https:\/\/www.europesays.com\/fr\/wp-json\/wp\/v2\/posts\/349949\/revisions"}],"wp:featuredmedia":[{"embeddable":true,"href":"https:\/\/www.europesays.com\/fr\/wp-json\/wp\/v2\/media\/349950"}],"wp:attachment":[{"href":"https:\/\/www.europesays.com\/fr\/wp-json\/wp\/v2\/media?parent=349949"}],"wp:term":[{"taxonomy":"category","embeddable":true,"href":"https:\/\/www.europesays.com\/fr\/wp-json\/wp\/v2\/categories?post=349949"},{"taxonomy":"post_tag","embeddable":true,"href":"https:\/\/www.europesays.com\/fr\/wp-json\/wp\/v2\/tags?post=349949"}],"curies":[{"name":"wp","href":"https:\/\/api.w.org\/{rel}","templated":true}]}}