{"id":349951,"date":"2025-08-28T11:48:14","date_gmt":"2025-08-28T11:48:14","guid":{"rendered":"https:\/\/www.europesays.com\/fr\/349951\/"},"modified":"2025-08-28T11:48:14","modified_gmt":"2025-08-28T11:48:14","slug":"trois-soirees-de-rires-a-toulon-avec-la-deuxieme-edition-du-festival-ko-du-rire","status":"publish","type":"post","link":"https:\/\/www.europesays.com\/fr\/349951\/","title":{"rendered":"Trois soir\u00e9es de rires \u00e0 Toulon avec la deuxi\u00e8me \u00e9dition du festival Ko du Rire"},"content":{"rendered":"<p>Rires garantis \u00e0 la Tour Royale avec le retour du festival Ko du Rire \u00e0 Toulon pour trois soir\u00e9es d\u2019humour exceptionnelles.<\/p>\n<p><img fetchpriority=\"high\" decoding=\"async\" width=\"1200\" height=\"675\" alt=\"Festival Ko du Rire Toulon humour 2025\" title=\"Festival Ko du Rire Toulon humour 2025\" src=\"https:\/\/www.europesays.com\/fr\/wp-content\/uploads\/2025\/08\/Festival-Ko-du-Rire-Toulon-humour-2025.webp.webp\" class=\"img-responsive wp-image-74610\"\/><\/p>\n<p>Festival Ko du Rire Toulon humour 2025 \u2013 CREDIT : Affiche<\/p>\n<p data-start=\"85\" data-end=\"241\"><strong data-start=\"85\" data-end=\"241\">La Tour Royale de Toulon s\u2019appr\u00eate \u00e0 vibrer de rires avec le retour tant attendu du festival Ko du Rire pour une seconde \u00e9dition encore plus ambitieuse.<\/strong><\/p>\n<p data-start=\"243\" data-end=\"280\"><strong data-start=\"243\" data-end=\"280\">Un week-end 100 % humour \u00e0 <\/strong>\u2026<\/p>\n<p>Lire la suite dans l\u2019article <a href=\"https:\/\/www.varactu.fr\/trois-soirees-de-rires-a-toulon-avec-la-deuxieme-edition-du-festival-ko-du-rire\/\" rel=\"nofollow noopener\" target=\"_blank\">Trois soir\u00e9es de rires \u00e0 Toulon avec la deuxi\u00e8me \u00e9dition du festival Ko du Rire<\/a> qui est apparu en premier sur <a href=\"https:\/\/www.varactu.fr\" rel=\"nofollow noopener\" target=\"_blank\">Var Actu<\/a>.<\/p>\n","protected":false},"excerpt":{"rendered":"Rires garantis \u00e0 la Tour Royale avec le retour du festival Ko du Rire \u00e0 Toulon pour trois&hellip;\n","protected":false},"author":2,"featured_media":349952,"comment_status":"","ping_status":"","sticky":false,"template":"","format":"standard","meta":{"footnotes":""},"categories":[9619],"tags":[1111,11,1777,674,1011,27,12,882,25,2310],"class_list":{"0":"post-349951","1":"post","2":"type-post","3":"status-publish","4":"format-standard","5":"has-post-thumbnail","7":"category-toulon","8":"tag-actu","9":"tag-actualites","10":"tag-eu","11":"tag-europe","12":"tag-fr","13":"tag-france","14":"tag-news","15":"tag-provence-alpes-cote-dazur","16":"tag-republique-francaise","17":"tag-toulon"},"share_on_mastodon":{"url":"https:\/\/pubeurope.com\/@fr\/115106237925896109","error":""},"_links":{"self":[{"href":"https:\/\/www.europesays.com\/fr\/wp-json\/wp\/v2\/posts\/349951","targetHints":{"allow":["GET"]}}],"collection":[{"href":"https:\/\/www.europesays.com\/fr\/wp-json\/wp\/v2\/posts"}],"about":[{"href":"https:\/\/www.europesays.com\/fr\/wp-json\/wp\/v2\/types\/post"}],"author":[{"embeddable":true,"href":"https:\/\/www.europesays.com\/fr\/wp-json\/wp\/v2\/users\/2"}],"replies":[{"embeddable":true,"href":"https:\/\/www.europesays.com\/fr\/wp-json\/wp\/v2\/comments?post=349951"}],"version-history":[{"count":0,"href":"https:\/\/www.europesays.com\/fr\/wp-json\/wp\/v2\/posts\/349951\/revisions"}],"wp:featuredmedia":[{"embeddable":true,"href":"https:\/\/www.europesays.com\/fr\/wp-json\/wp\/v2\/media\/349952"}],"wp:attachment":[{"href":"https:\/\/www.europesays.com\/fr\/wp-json\/wp\/v2\/media?parent=349951"}],"wp:term":[{"taxonomy":"category","embeddable":true,"href":"https:\/\/www.europesays.com\/fr\/wp-json\/wp\/v2\/categories?post=349951"},{"taxonomy":"post_tag","embeddable":true,"href":"https:\/\/www.europesays.com\/fr\/wp-json\/wp\/v2\/tags?post=349951"}],"curies":[{"name":"wp","href":"https:\/\/api.w.org\/{rel}","templated":true}]}}