{"id":349953,"date":"2025-08-28T11:49:13","date_gmt":"2025-08-28T11:49:13","guid":{"rendered":"https:\/\/www.europesays.com\/fr\/349953\/"},"modified":"2025-08-28T11:49:13","modified_gmt":"2025-08-28T11:49:13","slug":"marseille-toulon-le-lavandou-la-ciotat-hyeres-de-nombreuses-plages-interdites-a-la-baignade-ce-jeudi-suite-aux-orages-region-paca","status":"publish","type":"post","link":"https:\/\/www.europesays.com\/fr\/349953\/","title":{"rendered":"Marseille, Toulon, Le Lavandou, La Ciotat, Hy\u00e8res&#8230; De nombreuses plages interdites \u00e0 la baignade ce jeudi suite aux orages &#8211; R\u00e9gion PACA"},"content":{"rendered":"<p>De violents orages ont touch\u00e9 le Var ce jeudi 28 ao\u00fbt dans la matin\u00e9e, avec des pr\u00e9cipitations importantes autour des secteurs de Toulon, de Hy\u00e8res et jusq&rsquo;au Lavandou. Les Bouches du Rh\u00f4ne ont \u00e9galement eu des pr\u00e9cipiations notables plus t\u00f4t dans la matin\u00e9e.<\/p>\n<p>&#13;<\/p>\n<p>En cons\u00e9quence de ces fortes pluies, la plupart des plages sont ferm\u00e9es sur le littoral entre Marseille et Le Rayol Canadel. <strong>C&rsquo;est notamment le cas pour la majorit\u00e9 des plages de Marseille, toutes celles de Cassis, de La Ciotat, de Saint Cyr, de Sanary, de Toulon, de Hy\u00e8res ou encore du Lavandou.<\/strong><\/p>\n<p>&#13;<\/p>\n<p>D&rsquo;autres plages peuvent \u00eatre ferm\u00e9es \u00e0 la baignade mais certaines communes refusent pour le moment de communiquer sur ces fermetures.<\/p>\n<p>&#13;<\/p>\n<p>\t\t\t\tNotre article mis \u00e0 jour en temps r\u00e9el&#13;<\/p>\n<p>Retrouvez le d\u00e9tail des fermetures et r\u00e9ouvertures des plages dans notre article complet mis \u00e0 jour en continu:<\/p>\n<p>&#13;<\/p>\n<p> &#13;<\/p>\n<p>Ainsi que notre carte interactive<\/p>\n<p>&#13;<br \/>\n&#13;<br \/>\n   &#13;<br \/>\n&#13;<br \/>\n&#13;<br \/>\n&#13;<br \/>\n&#13;<br \/>\n<a href=\"https:\/\/www.europesays.com\/fr\/wp-content\/uploads\/2025\/08\/11142.jpg\" data-fancybox=\"gallery\" class=\"grouped_elements\" rel=\"example_group\"><img decoding=\"async\" src=\"https:\/\/www.europesays.com\/fr\/wp-content\/uploads\/2025\/08\/11142.jpg\" class=\"include_img\" loading=\"lazy\"\/><\/a><\/p>\n","protected":false},"excerpt":{"rendered":"De violents orages ont touch\u00e9 le Var ce jeudi 28 ao\u00fbt dans la matin\u00e9e, avec des pr\u00e9cipitations importantes&hellip;\n","protected":false},"author":2,"featured_media":349954,"comment_status":"","ping_status":"","sticky":false,"template":"","format":"standard","meta":{"footnotes":""},"categories":[9619],"tags":[1111,11,1777,674,1011,27,12,882,25,2310],"class_list":{"0":"post-349953","1":"post","2":"type-post","3":"status-publish","4":"format-standard","5":"has-post-thumbnail","7":"category-toulon","8":"tag-actu","9":"tag-actualites","10":"tag-eu","11":"tag-europe","12":"tag-fr","13":"tag-france","14":"tag-news","15":"tag-provence-alpes-cote-dazur","16":"tag-republique-francaise","17":"tag-toulon"},"share_on_mastodon":{"url":"https:\/\/pubeurope.com\/@fr\/115106241860736038","error":""},"_links":{"self":[{"href":"https:\/\/www.europesays.com\/fr\/wp-json\/wp\/v2\/posts\/349953","targetHints":{"allow":["GET"]}}],"collection":[{"href":"https:\/\/www.europesays.com\/fr\/wp-json\/wp\/v2\/posts"}],"about":[{"href":"https:\/\/www.europesays.com\/fr\/wp-json\/wp\/v2\/types\/post"}],"author":[{"embeddable":true,"href":"https:\/\/www.europesays.com\/fr\/wp-json\/wp\/v2\/users\/2"}],"replies":[{"embeddable":true,"href":"https:\/\/www.europesays.com\/fr\/wp-json\/wp\/v2\/comments?post=349953"}],"version-history":[{"count":0,"href":"https:\/\/www.europesays.com\/fr\/wp-json\/wp\/v2\/posts\/349953\/revisions"}],"wp:featuredmedia":[{"embeddable":true,"href":"https:\/\/www.europesays.com\/fr\/wp-json\/wp\/v2\/media\/349954"}],"wp:attachment":[{"href":"https:\/\/www.europesays.com\/fr\/wp-json\/wp\/v2\/media?parent=349953"}],"wp:term":[{"taxonomy":"category","embeddable":true,"href":"https:\/\/www.europesays.com\/fr\/wp-json\/wp\/v2\/categories?post=349953"},{"taxonomy":"post_tag","embeddable":true,"href":"https:\/\/www.europesays.com\/fr\/wp-json\/wp\/v2\/tags?post=349953"}],"curies":[{"name":"wp","href":"https:\/\/api.w.org\/{rel}","templated":true}]}}