{"id":349955,"date":"2025-08-28T11:50:09","date_gmt":"2025-08-28T11:50:09","guid":{"rendered":"https:\/\/www.europesays.com\/fr\/349955\/"},"modified":"2025-08-28T11:50:09","modified_gmt":"2025-08-28T11:50:09","slug":"un-conducteur-perd-le-controle-de-son-vehicule-gros-bouchon-ce-jeudi-matin-a-lentree-de-montpellier","status":"publish","type":"post","link":"https:\/\/www.europesays.com\/fr\/349955\/","title":{"rendered":"Un conducteur perd le contr\u00f4le de son v\u00e9hicule\u00a0: gros bouchon ce jeudi matin \u00e0 l\u2019entr\u00e9e de Montpellier"},"content":{"rendered":"<p>\n                                                                L\u2019accident s\u2019est produit ce jeudi 28\u00a0ao\u00fbt en d\u00e9but de matin\u00e9e. Les quatre occupants ont \u00e9t\u00e9 l\u00e9g\u00e8rement bless\u00e9s.\n                            <\/p>\n<p>Plus de peur que de mal pour les quatre personnes qui se trouvaient \u00e0 bord d\u2019une voiture, ce jeudi 28\u00a0ao\u00fbt, en tout d\u00e9but de matin\u00e9e, \u00e0 Montpellier.<\/p>\n<p>Apr\u00e8s une perte de contr\u00f4le, leur voiture s\u2019est retrouv\u00e9e accident\u00e9e sur l\u2019avenue Pierre-Mend\u00e8s-France, un\u00a0axe tr\u00e8s emprunt\u00e9.<\/p>\n<p>Important embouteillage<\/p>\n<p>Les bless\u00e9s ont \u00e9t\u00e9 pris en charge par les sapeurs-pompiers.<\/p>\n<p>Un important embouteillage se formait sur cet axe. Il s\u2019est r\u00e9sorb\u00e9 au fur et \u00e0 mesure de la matin\u00e9e.<\/p>\n","protected":false},"excerpt":{"rendered":"L\u2019accident s\u2019est produit ce jeudi 28\u00a0ao\u00fbt en d\u00e9but de matin\u00e9e. Les quatre occupants ont \u00e9t\u00e9 l\u00e9g\u00e8rement bless\u00e9s. Plus&hellip;\n","protected":false},"author":2,"featured_media":349956,"comment_status":"","ping_status":"","sticky":false,"template":"","format":"standard","meta":{"footnotes":""},"categories":[9599],"tags":[1111,11,1777,674,1011,27,2208,12,2680,25],"class_list":{"0":"post-349955","1":"post","2":"type-post","3":"status-publish","4":"format-standard","5":"has-post-thumbnail","7":"category-montpellier","8":"tag-actu","9":"tag-actualites","10":"tag-eu","11":"tag-europe","12":"tag-fr","13":"tag-france","14":"tag-montpellier","15":"tag-news","16":"tag-occitanie","17":"tag-republique-francaise"},"share_on_mastodon":{"url":"https:\/\/pubeurope.com\/@fr\/115106245796113930","error":""},"_links":{"self":[{"href":"https:\/\/www.europesays.com\/fr\/wp-json\/wp\/v2\/posts\/349955","targetHints":{"allow":["GET"]}}],"collection":[{"href":"https:\/\/www.europesays.com\/fr\/wp-json\/wp\/v2\/posts"}],"about":[{"href":"https:\/\/www.europesays.com\/fr\/wp-json\/wp\/v2\/types\/post"}],"author":[{"embeddable":true,"href":"https:\/\/www.europesays.com\/fr\/wp-json\/wp\/v2\/users\/2"}],"replies":[{"embeddable":true,"href":"https:\/\/www.europesays.com\/fr\/wp-json\/wp\/v2\/comments?post=349955"}],"version-history":[{"count":0,"href":"https:\/\/www.europesays.com\/fr\/wp-json\/wp\/v2\/posts\/349955\/revisions"}],"wp:featuredmedia":[{"embeddable":true,"href":"https:\/\/www.europesays.com\/fr\/wp-json\/wp\/v2\/media\/349956"}],"wp:attachment":[{"href":"https:\/\/www.europesays.com\/fr\/wp-json\/wp\/v2\/media?parent=349955"}],"wp:term":[{"taxonomy":"category","embeddable":true,"href":"https:\/\/www.europesays.com\/fr\/wp-json\/wp\/v2\/categories?post=349955"},{"taxonomy":"post_tag","embeddable":true,"href":"https:\/\/www.europesays.com\/fr\/wp-json\/wp\/v2\/tags?post=349955"}],"curies":[{"name":"wp","href":"https:\/\/api.w.org\/{rel}","templated":true}]}}